{"id":58924,"date":"2025-09-10T10:10:17","date_gmt":"2025-09-10T13:10:17","guid":{"rendered":"https:\/\/radiorevelacionfm.cl\/?p=58924"},"modified":"2025-09-10T10:10:17","modified_gmt":"2025-09-10T13:10:17","slug":"calisto-llama-al-gobierno-a-avanzar-en-regularizacion-de-sectores-rurales-para-que-vecinos-accedan-a-beneficios-basicos","status":"publish","type":"post","link":"https:\/\/radiorevelacionfm.cl\/?p=58924","title":{"rendered":"Calisto llama al Gobierno a avanzar en regularizaci\u00f3n de sectores rurales para que vecinos accedan a beneficios b\u00e1sicos"},"content":{"rendered":"<div class=\"flex_column av_one_full  flex_column_div av-zero-column-padding first  avia-builder-el-0  el_before_av_one_full  avia-builder-el-first  \" style='border-radius:0px; '><div  class='avia-image-container  av-styling-    avia-builder-el-1  avia-builder-el-no-sibling  avia-align-center '  itemprop=\"image\" itemscope=\"itemscope\" itemtype=\"https:\/\/schema.org\/ImageObject\"  ><div class='avia-image-container-inner'><div class='avia-image-overlay-wrap'><img decoding=\"async\" class='wp-image-58925 avia-img-lazy-loading-not-58925 avia_image' src=\"https:\/\/radiorevelacionfm.cl\/wp-content\/uploads\/2025\/09\/foto-sector-el-salto-puerto-aysEn-1_optimized-1.jpeg\" alt='' title='foto-sector-el-salto-puerto-ays\u00c9n-(1)_optimized (1)' height=\"600\" width=\"800\"  itemprop=\"thumbnailUrl\" srcset=\"https:\/\/radiorevelacionfm.cl\/wp-content\/uploads\/2025\/09\/foto-sector-el-salto-puerto-aysEn-1_optimized-1.jpeg 800w, https:\/\/radiorevelacionfm.cl\/wp-content\/uploads\/2025\/09\/foto-sector-el-salto-puerto-aysEn-1_optimized-1-300x225.jpeg 300w, https:\/\/radiorevelacionfm.cl\/wp-content\/uploads\/2025\/09\/foto-sector-el-salto-puerto-aysEn-1_optimized-1-768x576.jpeg 768w, https:\/\/radiorevelacionfm.cl\/wp-content\/uploads\/2025\/09\/foto-sector-el-salto-puerto-aysEn-1_optimized-1-705x529.jpeg 705w, https:\/\/radiorevelacionfm.cl\/wp-content\/uploads\/2025\/09\/foto-sector-el-salto-puerto-aysEn-1_optimized-1-450x338.jpeg 450w, https:\/\/radiorevelacionfm.cl\/wp-content\/uploads\/2025\/09\/foto-sector-el-salto-puerto-aysEn-1_optimized-1-600x450.jpeg 600w\" sizes=\"(max-width: 800px) 100vw, 800px\" \/><\/div><\/div><\/div><\/div><div class=\"flex_column av_one_full  flex_column_div av-zero-column-padding first  avia-builder-el-2  el_after_av_one_full  el_before_av_one_full  column-top-margin\" style='border-radius:0px; '><section class=\"av_textblock_section \"  itemscope=\"itemscope\" itemtype=\"https:\/\/schema.org\/BlogPosting\" itemprop=\"blogPost\" ><div class='avia_textblock  '   itemprop=\"text\" ><p style=\"text-align: center;\"><span style=\"font-size: 18pt;\"><b>Calisto llama al Gobierno a avanzar en regularizaci\u00f3n de sectores rurales para que vecinos accedan a beneficios b\u00e1sicos<\/b><\/span><\/p>\n<div id=\"gtx-trans\" style=\"position: absolute; left: -50px; top: 4.31534px;\">\n<div class=\"gtx-trans-icon\"><\/div>\n<\/div>\n<\/div><\/section><\/div><div class=\"flex_column av_one_full  flex_column_div av-zero-column-padding first  avia-builder-el-4  el_after_av_one_full  el_before_av_hr  column-top-margin\" style='border-radius:0px; '><section class=\"av_textblock_section \"  itemscope=\"itemscope\" itemtype=\"https:\/\/schema.org\/BlogPosting\" itemprop=\"blogPost\" ><div class='avia_textblock  '   itemprop=\"text\" ><p style=\"font-weight: 400; text-align: justify;\"><em>El legislador se reuni\u00f3 con vecinos de el sector El Salto, ubicado en el camino entre Puerto Ays\u00e9n y Chacabuco.<\/em><\/p>\n<p style=\"font-weight: 400; text-align: justify;\">El diputado Miguel \u00c1ngel Calisto visit\u00f3 el sector de El Salto, ubicado entre Puerto Ays\u00e9n y Puerto Chacabuco, donde se reuni\u00f3 con la junta de vecinos para abordar la urgente necesidad de regularizar este poblado, una problem\u00e1tica que afecta a la comunidad por d\u00e9cadas y que les impide acceder a subsidios \u00a0y servicios b\u00e1sicos.<\/p>\n<p style=\"font-weight: 400; text-align: justify;\">Tras el encuentro, el parlamentario enfatiz\u00f3 la importancia de apoyar a los sectores rurales que han crecido de manera informal. \u00abEl Salto es un sector que tiene m\u00e1s de sesenta a\u00f1os de historia y que hoy d\u00eda no tiene regularizaci\u00f3n, y es importante que los poblados que est\u00e1n cercanos a las ciudades grandes de nuestra regi\u00f3n tengan regularizaci\u00f3n, particularmente para que puedan postular a los subsidios de mejoramiento t\u00e9rmico, para que tengan acceso al alcantarillado, la luz el\u00e9ctrica y a distintos beneficios que hoy d\u00eda no pueden tener justamente por las limitantes de no estar regularizados\u00bb, se\u00f1al\u00f3 Calisto.<\/p>\n<p style=\"font-weight: 400; text-align: justify;\">El diputado anunci\u00f3 que, en conjunto con los vecinos, se organizar\u00e1 una nueva reuni\u00f3n para fines de septiembre, a la que se invitar\u00e1 a todas las autoridades competentes, incluyendo al municipio y al gobernador con sus equipos t\u00e9cnicos. \u00abVamos a darle relato, fundaci\u00f3n y regularizaci\u00f3n al pueblo de El Salto, particularmente para que puedan tener acceso a los servicios. Sobre todo, porque han llegado, adem\u00e1s, muchas personas, muchas familias a vivir a los sectores rurales y, evidentemente, est\u00e1n necesitando elementos b\u00e1sicos, agua potable, luz el\u00e9ctrica, alcantarillado, ya se generan problemas con la basura, la mantenci\u00f3n de los caminos, en fin, todo lo que significa vivir en comunidad\u201d.<\/p>\n<p style=\"font-weight: 400; text-align: justify;\">Por su parte, la vecina del sector Jeanette M\u00e1rquez agradeci\u00f3 la visita del parlamentario y su compromiso con la causa. \u00abHoy d\u00eda agradecemos la visita y las gestiones programadas para m\u00e1s adelante. Como se mencionaba, nosotros estamos solicitando una constituci\u00f3n formal de nuestro sector para muchas mejoras que estamos esperando como comunidad. Entre ellos, regularizaci\u00f3n de varios terrenos en vista del crecimiento de la poblaci\u00f3n. Estamos enfrentados a varios conflictos, a varios inconvenientes como comunidad, de los cuales esperamos respuesta por parte de las autoridades y que esperamos que se concreten en a corto plazo y gracias a la gesti\u00f3n que se est\u00e1 realizando hoy en d\u00eda\u00bb, expres\u00f3.<\/p>\n<p style=\"font-weight: 400; text-align: justify;\">La visita del diputado Miguel \u00c1ngel Calisto al sector de El Salto marca un paso importante en la b\u00fasqueda de soluciones concretas para una comunidad que por a\u00f1os ha solicitado la regularizaci\u00f3n de sus terrenos, lo que le permitir\u00eda acceder a una mejor calidad de vida y a los beneficios sociales que ofrece el Estado.<\/p>\n<\/div><\/section><\/div><div  style='height:50px' class='hr hr-invisible   avia-builder-el-6  el_after_av_one_full  el_before_av_social_share '><span class='hr-inner ' ><span class='hr-inner-style'><\/span><\/span><\/div><\/p>\n<div  class='av-social-sharing-box  avia-builder-el-7  el_after_av_hr  el_before_av_hr  '><div class='av-share-box'><h5 class='av-share-link-description av-no-toc '>Compartir esta noticia<\/h5><ul class='av-share-box-list noLightbox'><li class='av-share-link av-social-link-facebook' ><a target=\"_blank\" aria-label=\"Compartir en Facebook\" href='https:\/\/www.facebook.com\/sharer.php?u=https:\/\/radiorevelacionfm.cl\/?p=58924&#038;t=Calisto%20llama%20al%20Gobierno%20a%20avanzar%20en%20regularizaci%C3%B3n%20de%20sectores%20rurales%20para%20que%20vecinos%20accedan%20a%20beneficios%20b%C3%A1sicos' aria-hidden='false' data-av_icon='\ue8f3' data-av_iconfont='entypo-fontello' title='' data-avia-related-tooltip='Compartir en Facebook' rel=\"noopener\"><span class='avia_hidden_link_text'>Compartir en Facebook<\/span><\/a><\/li><li class='av-share-link av-social-link-twitter' ><a target=\"_blank\" aria-label=\"Compartir en Twitter\" href='https:\/\/twitter.com\/share?text=Calisto%20llama%20al%20Gobierno%20a%20avanzar%20en%20regularizaci%C3%B3n%20de%20sectores%20rurales%20para%20que%20vecinos%20accedan%20a%20beneficios%20b%C3%A1sicos&#038;url=https:\/\/radiorevelacionfm.cl\/?p=58924' aria-hidden='false' data-av_icon='\ue8f1' data-av_iconfont='entypo-fontello' title='' data-avia-related-tooltip='Compartir en Twitter' rel=\"noopener\"><span class='avia_hidden_link_text'>Compartir en Twitter<\/span><\/a><\/li><li class='av-share-link av-social-link-whatsapp' ><a target=\"_blank\" aria-label=\"Compartir en Whatsapp\" href='https:\/\/api.whatsapp.com\/send?text=https:\/\/radiorevelacionfm.cl\/?p=58924' aria-hidden='false' data-av_icon='\uf232' data-av_iconfont='entypo-fontello' title='' data-avia-related-tooltip='Compartir en Whatsapp' rel=\"noopener\"><span class='avia_hidden_link_text'>Compartir en Whatsapp<\/span><\/a><\/li><li class='av-share-link av-social-link-linkedin' ><a target=\"_blank\" aria-label=\"Compartir en LinkedIn\" href='https:\/\/linkedin.com\/shareArticle?mini=true&#038;title=Calisto%20llama%20al%20Gobierno%20a%20avanzar%20en%20regularizaci%C3%B3n%20de%20sectores%20rurales%20para%20que%20vecinos%20accedan%20a%20beneficios%20b%C3%A1sicos&#038;url=https:\/\/radiorevelacionfm.cl\/?p=58924' aria-hidden='false' data-av_icon='\ue8fc' data-av_iconfont='entypo-fontello' title='' data-avia-related-tooltip='Compartir en LinkedIn' rel=\"noopener\"><span class='avia_hidden_link_text'>Compartir en LinkedIn<\/span><\/a><\/li><li class='av-share-link av-social-link-mail' ><a  aria-label=\"Compartir por correo\" href='mailto:?subject=Calisto%20llama%20al%20Gobierno%20a%20avanzar%20en%20regularizaci%C3%B3n%20de%20sectores%20rurales%20para%20que%20vecinos%20accedan%20a%20beneficios%20b%C3%A1sicos&#038;body=https:\/\/radiorevelacionfm.cl\/?p=58924' aria-hidden='false' data-av_icon='\ue805' data-av_iconfont='entypo-fontello' title='' data-avia-related-tooltip='Compartir por correo'><span class='avia_hidden_link_text'>Compartir por correo<\/span><\/a><\/li><\/ul><\/div><\/div>\n<div  style='height:50px' class='hr hr-invisible   avia-builder-el-8  el_after_av_social_share  el_before_av_comments_list '><span class='hr-inner ' ><span class='hr-inner-style'><\/span><\/span><\/div>\n<div  class='av-buildercomment  av-blog-meta-html-info-disabled av-blog-meta-tag-disabled  '><\/div>\n","protected":false},"excerpt":{"rendered":"","protected":false},"author":1,"featured_media":58925,"comment_status":"closed","ping_status":"closed","sticky":false,"template":"","format":"standard","meta":{"footnotes":""},"categories":[35],"tags":[],"class_list":["post-58924","post","type-post","status-publish","format-standard","has-post-thumbnail","hentry","category-politica"],"jetpack_featured_media_url":"https:\/\/radiorevelacionfm.cl\/wp-content\/uploads\/2025\/09\/foto-sector-el-salto-puerto-aysEn-1_optimized-1.jpeg","_links":{"self":[{"href":"https:\/\/radiorevelacionfm.cl\/index.php?rest_route=\/wp\/v2\/posts\/58924","targetHints":{"allow":["GET"]}}],"collection":[{"href":"https:\/\/radiorevelacionfm.cl\/index.php?rest_route=\/wp\/v2\/posts"}],"about":[{"href":"https:\/\/radiorevelacionfm.cl\/index.php?rest_route=\/wp\/v2\/types\/post"}],"author":[{"embeddable":true,"href":"https:\/\/radiorevelacionfm.cl\/index.php?rest_route=\/wp\/v2\/users\/1"}],"replies":[{"embeddable":true,"href":"https:\/\/radiorevelacionfm.cl\/index.php?rest_route=%2Fwp%2Fv2%2Fcomments&post=58924"}],"version-history":[{"count":2,"href":"https:\/\/radiorevelacionfm.cl\/index.php?rest_route=\/wp\/v2\/posts\/58924\/revisions"}],"predecessor-version":[{"id":58984,"href":"https:\/\/radiorevelacionfm.cl\/index.php?rest_route=\/wp\/v2\/posts\/58924\/revisions\/58984"}],"wp:featuredmedia":[{"embeddable":true,"href":"https:\/\/radiorevelacionfm.cl\/index.php?rest_route=\/wp\/v2\/media\/58925"}],"wp:attachment":[{"href":"https:\/\/radiorevelacionfm.cl\/index.php?rest_route=%2Fwp%2Fv2%2Fmedia&parent=58924"}],"wp:term":[{"taxonomy":"category","embeddable":true,"href":"https:\/\/radiorevelacionfm.cl\/index.php?rest_route=%2Fwp%2Fv2%2Fcategories&post=58924"},{"taxonomy":"post_tag","embeddable":true,"href":"https:\/\/radiorevelacionfm.cl\/index.php?rest_route=%2Fwp%2Fv2%2Ftags&post=58924"}],"curies":[{"name":"wp","href":"https:\/\/api.w.org\/{rel}","templated":true}]}}