{"id":58918,"date":"2025-09-09T14:00:40","date_gmt":"2025-09-09T17:00:40","guid":{"rendered":"https:\/\/radiorevelacionfm.cl\/?p=58918"},"modified":"2025-09-09T14:00:40","modified_gmt":"2025-09-09T17:00:40","slug":"senadora-ordenes-por-recorte-al-presupuesto-2026-de-gore-aysen-esto-es-inaceptable-y-trabajare-para-cambiar-esta-situacion","status":"publish","type":"post","link":"https:\/\/radiorevelacionfm.cl\/?p=58918","title":{"rendered":"Senadora \u00d3rdenes por recorte al presupuesto 2026 de GORE Ays\u00e9n: \u201cEsto es inaceptable y trabajar\u00e9 para cambiar esta situaci\u00f3n\u201d"},"content":{"rendered":"<div class=\"flex_column av_one_full  flex_column_div av-zero-column-padding first  avia-builder-el-0  el_before_av_one_full  avia-builder-el-first  \" style='border-radius:0px; '><div  class='avia-image-container  av-styling-    avia-builder-el-1  avia-builder-el-no-sibling  avia-align-center '  itemprop=\"image\" itemscope=\"itemscope\" itemtype=\"https:\/\/schema.org\/ImageObject\"  ><div class='avia-image-container-inner'><div class='avia-image-overlay-wrap'><img decoding=\"async\" class='wp-image-58919 avia-img-lazy-loading-not-58919 avia_image' src=\"https:\/\/radiorevelacionfm.cl\/wp-content\/uploads\/2025\/09\/Senadora-foto-25-1.jpg\" alt='' title='Senadora foto (25) (1)' height=\"600\" width=\"876\"  itemprop=\"thumbnailUrl\" srcset=\"https:\/\/radiorevelacionfm.cl\/wp-content\/uploads\/2025\/09\/Senadora-foto-25-1.jpg 876w, https:\/\/radiorevelacionfm.cl\/wp-content\/uploads\/2025\/09\/Senadora-foto-25-1-300x205.jpg 300w, https:\/\/radiorevelacionfm.cl\/wp-content\/uploads\/2025\/09\/Senadora-foto-25-1-768x526.jpg 768w, https:\/\/radiorevelacionfm.cl\/wp-content\/uploads\/2025\/09\/Senadora-foto-25-1-705x483.jpg 705w, https:\/\/radiorevelacionfm.cl\/wp-content\/uploads\/2025\/09\/Senadora-foto-25-1-450x308.jpg 450w, https:\/\/radiorevelacionfm.cl\/wp-content\/uploads\/2025\/09\/Senadora-foto-25-1-600x411.jpg 600w\" sizes=\"(max-width: 876px) 100vw, 876px\" \/><\/div><\/div><\/div><\/div><div class=\"flex_column av_one_full  flex_column_div av-zero-column-padding first  avia-builder-el-2  el_after_av_one_full  el_before_av_one_full  column-top-margin\" style='border-radius:0px; '><section class=\"av_textblock_section \"  itemscope=\"itemscope\" itemtype=\"https:\/\/schema.org\/BlogPosting\" itemprop=\"blogPost\" ><div class='avia_textblock  '   itemprop=\"text\" ><p style=\"text-align: center;\"><strong><span style=\"font-size: 18pt;\">Senadora \u00d3rdenes por recorte al presupuesto 2026 de GORE Ays\u00e9n: \u201cEsto es inaceptable y trabajar\u00e9 para cambiar esta situaci\u00f3n\u201d<\/span><\/strong><\/p>\n<div id=\"gtx-trans\" style=\"position: absolute; left: -50px; top: 4.31534px;\">\n<div class=\"gtx-trans-icon\"><\/div>\n<\/div>\n<\/div><\/section><\/div><div class=\"flex_column av_one_full  flex_column_div av-zero-column-padding first  avia-builder-el-4  el_after_av_one_full  el_before_av_hr  column-top-margin\" style='border-radius:0px; '><section class=\"av_textblock_section \"  itemscope=\"itemscope\" itemtype=\"https:\/\/schema.org\/BlogPosting\" itemprop=\"blogPost\" ><div class='avia_textblock  '   itemprop=\"text\" ><p style=\"text-align: justify;\">La representante de Ays\u00e9n en el Senado de la Rep\u00fablica, Ximena \u00d3rdenes Neira, se mostr\u00f3 molesta ante la noticia de que habr\u00eda por lo menos 12 regiones con recortes en el presupuesto 2026 de sus gobiernos regionales. De estas, Ays\u00e9n reducir\u00eda 6,9 puntos respecto del 2025, siendo la regi\u00f3n m\u00e1s golpeada por el eventual recorte. La legisladora se\u00f1al\u00f3 que es inaceptable y asegur\u00f3 que trabajar\u00e1 para que esto se rectifique.<\/p>\n<p style=\"text-align: justify;\">\u201cEl recorte al presupuesto del Gobierno Regional de Ays\u00e9n es impresentable, condiciona proyectos emblem\u00e1ticos de la regi\u00f3n y coloca en un espacio de incertidumbre el proceso de planificaci\u00f3n respecto al desarrollo\u201d, sostuvo \u00d3rdenes, quien asegur\u00f3 que espera que esta situaci\u00f3n se rectifique y que la informaci\u00f3n entregada a los gobiernos regionales se logre revertir en la Ley de Presupuestos 2026.<\/p>\n<p style=\"text-align: justify;\">\u00d3rdenes es parte de los 10 senadores que integran la Comisi\u00f3n Mixta de Presupuestos, instancia donde se discuten los detalles del erario nacional a\u00f1o a a\u00f1o. \u201cAl menos mi compromiso como senadora por Ays\u00e9n es rectificar esta situaci\u00f3n\u201d, recalc\u00f3 la representante aysenina. Cabe se\u00f1alar que el eventual recorte presupuestario para la regi\u00f3n de Ays\u00e9n ser\u00eda de m\u00e1s de 5.650 millones de pesos.<\/p>\n<p style=\"text-align: justify;\">Sobre la noticia en particular, se mostr\u00f3 molesta y se\u00f1al\u00f3 que \u201ces primera vez, durante un largo periodo de tiempo, que se rebajan los presupuestos\u201d. La legisladora argument\u00f3 que la regi\u00f3n de Ays\u00e9n necesita recursos para generar mayor inversi\u00f3n y con esta, mayor crecimiento. \u201cEste es un tema que responde tambi\u00e9n a las necesidades de la gente, por lo que creo que esto es inaceptable: No al recorte. Trabajaremos para cambiar esta situaci\u00f3n\u201d, sostuvo.<\/p>\n<\/div><\/section><\/div><div  style='height:50px' class='hr hr-invisible   avia-builder-el-6  el_after_av_one_full  el_before_av_social_share '><span class='hr-inner ' ><span class='hr-inner-style'><\/span><\/span><\/div><\/p>\n<div  class='av-social-sharing-box  avia-builder-el-7  el_after_av_hr  el_before_av_hr  '><div class='av-share-box'><h5 class='av-share-link-description av-no-toc '>Compartir esta noticia<\/h5><ul class='av-share-box-list noLightbox'><li class='av-share-link av-social-link-facebook' ><a target=\"_blank\" aria-label=\"Compartir en Facebook\" href='https:\/\/www.facebook.com\/sharer.php?u=https:\/\/radiorevelacionfm.cl\/?p=58918&#038;t=Senadora%20%C3%93rdenes%20por%20recorte%20al%20presupuesto%202026%20de%20GORE%20Ays%C3%A9n%3A%20%E2%80%9CEsto%20es%20inaceptable%20y%20trabajar%C3%A9%20para%20cambiar%20esta%20situaci%C3%B3n%E2%80%9D' aria-hidden='false' data-av_icon='\ue8f3' data-av_iconfont='entypo-fontello' title='' data-avia-related-tooltip='Compartir en Facebook' rel=\"noopener\"><span class='avia_hidden_link_text'>Compartir en Facebook<\/span><\/a><\/li><li class='av-share-link av-social-link-twitter' ><a target=\"_blank\" aria-label=\"Compartir en Twitter\" href='https:\/\/twitter.com\/share?text=Senadora%20%C3%93rdenes%20por%20recorte%20al%20presupuesto%202026%20de%20GORE%20Ays%C3%A9n%3A%20%E2%80%9CEsto%20es%20inaceptable%20y%20trabajar%C3%A9%20para%20cambiar%20esta%20situaci%C3%B3n%E2%80%9D&#038;url=https:\/\/radiorevelacionfm.cl\/?p=58918' aria-hidden='false' data-av_icon='\ue8f1' data-av_iconfont='entypo-fontello' title='' data-avia-related-tooltip='Compartir en Twitter' rel=\"noopener\"><span class='avia_hidden_link_text'>Compartir en Twitter<\/span><\/a><\/li><li class='av-share-link av-social-link-whatsapp' ><a target=\"_blank\" aria-label=\"Compartir en Whatsapp\" href='https:\/\/api.whatsapp.com\/send?text=https:\/\/radiorevelacionfm.cl\/?p=58918' aria-hidden='false' data-av_icon='\uf232' data-av_iconfont='entypo-fontello' title='' data-avia-related-tooltip='Compartir en Whatsapp' rel=\"noopener\"><span class='avia_hidden_link_text'>Compartir en Whatsapp<\/span><\/a><\/li><li class='av-share-link av-social-link-linkedin' ><a target=\"_blank\" aria-label=\"Compartir en LinkedIn\" href='https:\/\/linkedin.com\/shareArticle?mini=true&#038;title=Senadora%20%C3%93rdenes%20por%20recorte%20al%20presupuesto%202026%20de%20GORE%20Ays%C3%A9n%3A%20%E2%80%9CEsto%20es%20inaceptable%20y%20trabajar%C3%A9%20para%20cambiar%20esta%20situaci%C3%B3n%E2%80%9D&#038;url=https:\/\/radiorevelacionfm.cl\/?p=58918' aria-hidden='false' data-av_icon='\ue8fc' data-av_iconfont='entypo-fontello' title='' data-avia-related-tooltip='Compartir en LinkedIn' rel=\"noopener\"><span class='avia_hidden_link_text'>Compartir en LinkedIn<\/span><\/a><\/li><li class='av-share-link av-social-link-mail' ><a  aria-label=\"Compartir por correo\" href='mailto:?subject=Senadora%20%C3%93rdenes%20por%20recorte%20al%20presupuesto%202026%20de%20GORE%20Ays%C3%A9n%3A%20%E2%80%9CEsto%20es%20inaceptable%20y%20trabajar%C3%A9%20para%20cambiar%20esta%20situaci%C3%B3n%E2%80%9D&#038;body=https:\/\/radiorevelacionfm.cl\/?p=58918' aria-hidden='false' data-av_icon='\ue805' data-av_iconfont='entypo-fontello' title='' data-avia-related-tooltip='Compartir por correo'><span class='avia_hidden_link_text'>Compartir por correo<\/span><\/a><\/li><\/ul><\/div><\/div>\n<div  style='height:50px' class='hr hr-invisible   avia-builder-el-8  el_after_av_social_share  el_before_av_comments_list '><span class='hr-inner ' ><span class='hr-inner-style'><\/span><\/span><\/div>\n<div  class='av-buildercomment  av-blog-meta-html-info-disabled av-blog-meta-tag-disabled  '><\/div>\n","protected":false},"excerpt":{"rendered":"","protected":false},"author":1,"featured_media":58919,"comment_status":"closed","ping_status":"closed","sticky":false,"template":"","format":"standard","meta":{"footnotes":""},"categories":[35],"tags":[],"class_list":["post-58918","post","type-post","status-publish","format-standard","has-post-thumbnail","hentry","category-politica"],"jetpack_featured_media_url":"https:\/\/radiorevelacionfm.cl\/wp-content\/uploads\/2025\/09\/Senadora-foto-25-1.jpg","_links":{"self":[{"href":"https:\/\/radiorevelacionfm.cl\/index.php?rest_route=\/wp\/v2\/posts\/58918","targetHints":{"allow":["GET"]}}],"collection":[{"href":"https:\/\/radiorevelacionfm.cl\/index.php?rest_route=\/wp\/v2\/posts"}],"about":[{"href":"https:\/\/radiorevelacionfm.cl\/index.php?rest_route=\/wp\/v2\/types\/post"}],"author":[{"embeddable":true,"href":"https:\/\/radiorevelacionfm.cl\/index.php?rest_route=\/wp\/v2\/users\/1"}],"replies":[{"embeddable":true,"href":"https:\/\/radiorevelacionfm.cl\/index.php?rest_route=%2Fwp%2Fv2%2Fcomments&post=58918"}],"version-history":[{"count":2,"href":"https:\/\/radiorevelacionfm.cl\/index.php?rest_route=\/wp\/v2\/posts\/58918\/revisions"}],"predecessor-version":[{"id":58923,"href":"https:\/\/radiorevelacionfm.cl\/index.php?rest_route=\/wp\/v2\/posts\/58918\/revisions\/58923"}],"wp:featuredmedia":[{"embeddable":true,"href":"https:\/\/radiorevelacionfm.cl\/index.php?rest_route=\/wp\/v2\/media\/58919"}],"wp:attachment":[{"href":"https:\/\/radiorevelacionfm.cl\/index.php?rest_route=%2Fwp%2Fv2%2Fmedia&parent=58918"}],"wp:term":[{"taxonomy":"category","embeddable":true,"href":"https:\/\/radiorevelacionfm.cl\/index.php?rest_route=%2Fwp%2Fv2%2Fcategories&post=58918"},{"taxonomy":"post_tag","embeddable":true,"href":"https:\/\/radiorevelacionfm.cl\/index.php?rest_route=%2Fwp%2Fv2%2Ftags&post=58918"}],"curies":[{"name":"wp","href":"https:\/\/api.w.org\/{rel}","templated":true}]}}