{"id":58915,"date":"2025-09-09T17:42:46","date_gmt":"2025-09-09T20:42:46","guid":{"rendered":"https:\/\/radiorevelacionfm.cl\/?p=58915"},"modified":"2025-09-09T17:42:46","modified_gmt":"2025-09-09T20:42:46","slug":"universidad-de-aysen-concreta-alianza-con-codesa-chile-sustentable-y-agrupacion-aisen-reserva-con-foco-en-el-desarrollo-regional-sustentable","status":"publish","type":"post","link":"https:\/\/radiorevelacionfm.cl\/?p=58915","title":{"rendered":"Universidad de Ays\u00e9n concreta alianza con Codesa, Chile Sustentable y Agrupaci\u00f3n Ais\u00e9n Reserva con foco en el desarrollo regional sustentable"},"content":{"rendered":"<div class=\"flex_column av_one_full  flex_column_div av-zero-column-padding first  avia-builder-el-0  el_before_av_one_full  avia-builder-el-first  \" style='border-radius:0px; '><div  class='avia-image-container  av-styling-    avia-builder-el-1  avia-builder-el-no-sibling  avia-align-center '  itemprop=\"image\" itemscope=\"itemscope\" itemtype=\"https:\/\/schema.org\/ImageObject\"  ><div class='avia-image-container-inner'><div class='avia-image-overlay-wrap'><img decoding=\"async\" class='wp-image-58916 avia-img-lazy-loading-not-58916 avia_image' src=\"https:\/\/radiorevelacionfm.cl\/wp-content\/uploads\/2025\/09\/uaysen-4_optimized-1.jpg\" alt='' title='uaysen-(4)_optimized (1)' height=\"600\" width=\"1056\"  itemprop=\"thumbnailUrl\" srcset=\"https:\/\/radiorevelacionfm.cl\/wp-content\/uploads\/2025\/09\/uaysen-4_optimized-1.jpg 1056w, https:\/\/radiorevelacionfm.cl\/wp-content\/uploads\/2025\/09\/uaysen-4_optimized-1-300x170.jpg 300w, https:\/\/radiorevelacionfm.cl\/wp-content\/uploads\/2025\/09\/uaysen-4_optimized-1-1030x585.jpg 1030w, https:\/\/radiorevelacionfm.cl\/wp-content\/uploads\/2025\/09\/uaysen-4_optimized-1-768x436.jpg 768w, https:\/\/radiorevelacionfm.cl\/wp-content\/uploads\/2025\/09\/uaysen-4_optimized-1-705x401.jpg 705w, https:\/\/radiorevelacionfm.cl\/wp-content\/uploads\/2025\/09\/uaysen-4_optimized-1-450x256.jpg 450w, https:\/\/radiorevelacionfm.cl\/wp-content\/uploads\/2025\/09\/uaysen-4_optimized-1-600x341.jpg 600w\" sizes=\"(max-width: 1056px) 100vw, 1056px\" \/><\/div><\/div><\/div><\/div><div class=\"flex_column av_one_full  flex_column_div av-zero-column-padding first  avia-builder-el-2  el_after_av_one_full  el_before_av_one_full  column-top-margin\" style='border-radius:0px; '><section class=\"av_textblock_section \"  itemscope=\"itemscope\" itemtype=\"https:\/\/schema.org\/BlogPosting\" itemprop=\"blogPost\" ><div class='avia_textblock  '   itemprop=\"text\" ><p style=\"text-align: center;\"><strong><span style=\"font-size: 18pt;\">Universidad de Ays\u00e9n concreta alianza con Codesa, Chile Sustentable y Agrupaci\u00f3n Ais\u00e9n Reserva con foco en el desarrollo regional sustentable<\/span><\/strong><\/p>\n<div id=\"gtx-trans\" style=\"position: absolute; left: -50px; top: 4.31534px;\">\n<div class=\"gtx-trans-icon\"><\/div>\n<\/div>\n<\/div><\/section><\/div><div class=\"flex_column av_one_full  flex_column_div av-zero-column-padding first  avia-builder-el-4  el_after_av_one_full  el_before_av_hr  column-top-margin\" style='border-radius:0px; '><section class=\"av_textblock_section \"  itemscope=\"itemscope\" itemtype=\"https:\/\/schema.org\/BlogPosting\" itemprop=\"blogPost\" ><div class='avia_textblock  '   itemprop=\"text\" ><p style=\"font-weight: 400; text-align: justify;\"><em>Con foco en docencia, investigaci\u00f3n y vinculaci\u00f3n con el medio.<\/em><\/p>\n<p style=\"font-weight: 400; text-align: justify;\">\u201c<em>Este convenio va a fortalecer a estas instituciones en temas de inter\u00e9s com\u00fan, que son de relevancia y foco de inter\u00e9s de la universidad. Para ello disponemos de las capacidades tanto acad\u00e9micas como de nuestros estudiantes para participar en investigaciones y vinculaci\u00f3n con el medio, en temas que compartimos<\/em>\u201d.<\/p>\n<p style=\"font-weight: 400; text-align: justify;\">Con estas palabras, el\u00a0administrador provisional de la Universidad de Ays\u00e9n, Juan Pablo Prieto Cox, destac\u00f3 la\u00a0<a href=\"https:\/\/www.instagram.com\/p\/DOO0aANjoI8\/\" data-saferedirecturl=\"https:\/\/www.google.com\/url?q=https:\/\/www.instagram.com\/p\/DOO0aANjoI8\/&amp;source=gmail&amp;ust=1757518658315000&amp;usg=AOvVaw25-jgx5Q4gvVNXOBniwQ8K\">firma de un convenio de colaboraci\u00f3n<\/a>\u00a0entre esa casa de estudios superiores con la\u00a0Corporaci\u00f3n Privada para el Desarrollo de Ays\u00e9n\u00a0(CODESA), la\u00a0Agrupaci\u00f3n Ais\u00e9n Reserva de Vida\u00a0(Agrupaci\u00f3n ARV) y\u00a0Chile Sustentable.<\/p>\n<p style=\"font-weight: 400; text-align: justify;\">El acto de suscripci\u00f3n se concret\u00f3 el viernes 5 de septiembre en dependencias de la universidad.<\/p>\n<p style=\"font-weight: 400; text-align: justify;\">Participaron el\u00a0presidente de CODESA Erwin Sandoval Gallardo, el\u00a0presidente de la Agrupaci\u00f3n ARV Peter Hartmann Samhaber\u00a0y\u00a0Patricio \u00a0Segura Ortiz, en representaci\u00f3n de Chile Sustentable, cuya directora es Sara Larra\u00edn Ruiz-Tagle.\u00a0\u00a0\u00a0 Junto a ellos, el secretario general y el director de V\u00ednculos de la Universidad de Ays\u00e9n,\u00a0Ismael Castro Vizcarra\u00a0y\u00a0Gabriel N\u00fa\u00f1ez Vivanco, respectivamente.<\/p>\n<p style=\"font-weight: 400; text-align: justify;\">El acuerdo, de tres a\u00f1os de duraci\u00f3n, \u00a0busca fortalecer el trabajo conjunto en\u00a0tres \u00e1reas:\u00a0Docencia,\u00a0que incluye apoyo a pr\u00e1cticas profesionales, programas de capacitaci\u00f3n y participaci\u00f3n en actividades acad\u00e9micas;\u00a0Investigaci\u00f3n,\u00a0en los \u00e1mbitos de desarrollo de proyectos y tesis en temas de inter\u00e9s com\u00fan, as\u00ed como propuestas conjuntas de innovaci\u00f3n;\u00a0y\u00a0Vinculaci\u00f3n con el medio, mediante actividades de divulgaci\u00f3n cient\u00edfica, educaci\u00f3n ambiental, sensibilizaci\u00f3n ciudadana y promoci\u00f3n cultural.<\/p>\n<p style=\"font-weight: 400; text-align: justify;\">Para Erwin Sandoval este convenio se sustenta en que \u201c<em>creemos en el importante rol que esta universidad cumple para las finalidades de discusi\u00f3n p\u00fablica a nivel nacional, y en particular para los temas de la agenda socioambiental y las problem\u00e1ticas en el territorio<\/em>\u201d.\u00a0 Esto, dado que \u201c<em>contar con la visi\u00f3n de la universidad, la visi\u00f3n acad\u00e9mica, sin duda va a significar un avance para todos los desaf\u00edos en esas materias en el territorio\u201d.\u00a0<\/em><\/p>\n<p style=\"font-weight: 400; text-align: justify;\">En este sentido, record\u00f3 que \u201c<em>desde la sociedad civil siempre estamos promoviendo debates y discusiones p\u00fablicas sobre la base de informaci\u00f3n rigurosa, de una discusi\u00f3n transparente. Este convenio con la Universidad de Ays\u00e9n puede ser un insumo para todos los debates p\u00fablicos que tenemos a nivel regional<\/em>\u201d.<\/p>\n<\/div><\/section><\/div><div  style='height:50px' class='hr hr-invisible   avia-builder-el-6  el_after_av_one_full  el_before_av_social_share '><span class='hr-inner ' ><span class='hr-inner-style'><\/span><\/span><\/div><\/p>\n<div  class='av-social-sharing-box  avia-builder-el-7  el_after_av_hr  el_before_av_hr  '><div class='av-share-box'><h5 class='av-share-link-description av-no-toc '>Compartir esta noticia<\/h5><ul class='av-share-box-list noLightbox'><li class='av-share-link av-social-link-facebook' ><a target=\"_blank\" aria-label=\"Compartir en Facebook\" href='https:\/\/www.facebook.com\/sharer.php?u=https:\/\/radiorevelacionfm.cl\/?p=58915&#038;t=Universidad%20de%20Ays%C3%A9n%20concreta%20alianza%20con%20Codesa%2C%20Chile%20Sustentable%20y%20Agrupaci%C3%B3n%20Ais%C3%A9n%20Reserva%20con%20foco%20en%20el%20desarrollo%20regional%20sustentable' aria-hidden='false' data-av_icon='\ue8f3' data-av_iconfont='entypo-fontello' title='' data-avia-related-tooltip='Compartir en Facebook' rel=\"noopener\"><span class='avia_hidden_link_text'>Compartir en Facebook<\/span><\/a><\/li><li class='av-share-link av-social-link-twitter' ><a target=\"_blank\" aria-label=\"Compartir en Twitter\" href='https:\/\/twitter.com\/share?text=Universidad%20de%20Ays%C3%A9n%20concreta%20alianza%20con%20Codesa%2C%20Chile%20Sustentable%20y%20Agrupaci%C3%B3n%20Ais%C3%A9n%20Reserva%20con%20foco%20en%20el%20desarrollo%20regional%20sustentable&#038;url=https:\/\/radiorevelacionfm.cl\/?p=58915' aria-hidden='false' data-av_icon='\ue8f1' data-av_iconfont='entypo-fontello' title='' data-avia-related-tooltip='Compartir en Twitter' rel=\"noopener\"><span class='avia_hidden_link_text'>Compartir en Twitter<\/span><\/a><\/li><li class='av-share-link av-social-link-whatsapp' ><a target=\"_blank\" aria-label=\"Compartir en Whatsapp\" href='https:\/\/api.whatsapp.com\/send?text=https:\/\/radiorevelacionfm.cl\/?p=58915' aria-hidden='false' data-av_icon='\uf232' data-av_iconfont='entypo-fontello' title='' data-avia-related-tooltip='Compartir en Whatsapp' rel=\"noopener\"><span class='avia_hidden_link_text'>Compartir en Whatsapp<\/span><\/a><\/li><li class='av-share-link av-social-link-linkedin' ><a target=\"_blank\" aria-label=\"Compartir en LinkedIn\" href='https:\/\/linkedin.com\/shareArticle?mini=true&#038;title=Universidad%20de%20Ays%C3%A9n%20concreta%20alianza%20con%20Codesa%2C%20Chile%20Sustentable%20y%20Agrupaci%C3%B3n%20Ais%C3%A9n%20Reserva%20con%20foco%20en%20el%20desarrollo%20regional%20sustentable&#038;url=https:\/\/radiorevelacionfm.cl\/?p=58915' aria-hidden='false' data-av_icon='\ue8fc' data-av_iconfont='entypo-fontello' title='' data-avia-related-tooltip='Compartir en LinkedIn' rel=\"noopener\"><span class='avia_hidden_link_text'>Compartir en LinkedIn<\/span><\/a><\/li><li class='av-share-link av-social-link-mail' ><a  aria-label=\"Compartir por correo\" href='mailto:?subject=Universidad%20de%20Ays%C3%A9n%20concreta%20alianza%20con%20Codesa%2C%20Chile%20Sustentable%20y%20Agrupaci%C3%B3n%20Ais%C3%A9n%20Reserva%20con%20foco%20en%20el%20desarrollo%20regional%20sustentable&#038;body=https:\/\/radiorevelacionfm.cl\/?p=58915' aria-hidden='false' data-av_icon='\ue805' data-av_iconfont='entypo-fontello' title='' data-avia-related-tooltip='Compartir por correo'><span class='avia_hidden_link_text'>Compartir por correo<\/span><\/a><\/li><\/ul><\/div><\/div>\n<div  style='height:50px' class='hr hr-invisible   avia-builder-el-8  el_after_av_social_share  el_before_av_comments_list '><span class='hr-inner ' ><span class='hr-inner-style'><\/span><\/span><\/div>\n<div  class='av-buildercomment  av-blog-meta-html-info-disabled av-blog-meta-tag-disabled  '><\/div>\n","protected":false},"excerpt":{"rendered":"","protected":false},"author":1,"featured_media":58916,"comment_status":"closed","ping_status":"closed","sticky":false,"template":"","format":"standard","meta":{"footnotes":""},"categories":[38],"tags":[],"class_list":["post-58915","post","type-post","status-publish","format-standard","has-post-thumbnail","hentry","category-regional"],"jetpack_featured_media_url":"https:\/\/radiorevelacionfm.cl\/wp-content\/uploads\/2025\/09\/uaysen-4_optimized-1.jpg","_links":{"self":[{"href":"https:\/\/radiorevelacionfm.cl\/index.php?rest_route=\/wp\/v2\/posts\/58915","targetHints":{"allow":["GET"]}}],"collection":[{"href":"https:\/\/radiorevelacionfm.cl\/index.php?rest_route=\/wp\/v2\/posts"}],"about":[{"href":"https:\/\/radiorevelacionfm.cl\/index.php?rest_route=\/wp\/v2\/types\/post"}],"author":[{"embeddable":true,"href":"https:\/\/radiorevelacionfm.cl\/index.php?rest_route=\/wp\/v2\/users\/1"}],"replies":[{"embeddable":true,"href":"https:\/\/radiorevelacionfm.cl\/index.php?rest_route=%2Fwp%2Fv2%2Fcomments&post=58915"}],"version-history":[{"count":2,"href":"https:\/\/radiorevelacionfm.cl\/index.php?rest_route=\/wp\/v2\/posts\/58915\/revisions"}],"predecessor-version":[{"id":58947,"href":"https:\/\/radiorevelacionfm.cl\/index.php?rest_route=\/wp\/v2\/posts\/58915\/revisions\/58947"}],"wp:featuredmedia":[{"embeddable":true,"href":"https:\/\/radiorevelacionfm.cl\/index.php?rest_route=\/wp\/v2\/media\/58916"}],"wp:attachment":[{"href":"https:\/\/radiorevelacionfm.cl\/index.php?rest_route=%2Fwp%2Fv2%2Fmedia&parent=58915"}],"wp:term":[{"taxonomy":"category","embeddable":true,"href":"https:\/\/radiorevelacionfm.cl\/index.php?rest_route=%2Fwp%2Fv2%2Fcategories&post=58915"},{"taxonomy":"post_tag","embeddable":true,"href":"https:\/\/radiorevelacionfm.cl\/index.php?rest_route=%2Fwp%2Fv2%2Ftags&post=58915"}],"curies":[{"name":"wp","href":"https:\/\/api.w.org\/{rel}","templated":true}]}}