{"id":58912,"date":"2025-09-09T14:46:54","date_gmt":"2025-09-09T17:46:54","guid":{"rendered":"https:\/\/radiorevelacionfm.cl\/?p=58912"},"modified":"2025-09-09T14:46:54","modified_gmt":"2025-09-09T17:46:54","slug":"expolana-2025-brillo-en-coyhaique-como-una-verdadera-celebracion-del-patrimonio","status":"publish","type":"post","link":"https:\/\/radiorevelacionfm.cl\/?p=58912","title":{"rendered":"Expolana 2025 brill\u00f3 en Coyhaique como una verdadera celebraci\u00f3n del patrimonio"},"content":{"rendered":"<div class=\"flex_column av_one_full  flex_column_div av-zero-column-padding first  avia-builder-el-0  el_before_av_one_full  avia-builder-el-first  \" style='border-radius:0px; '><div  class='avia-image-container  av-styling-    avia-builder-el-1  avia-builder-el-no-sibling  avia-align-center '  itemprop=\"image\" itemscope=\"itemscope\" itemtype=\"https:\/\/schema.org\/ImageObject\"  ><div class='avia-image-container-inner'><div class='avia-image-overlay-wrap'><img decoding=\"async\" class='wp-image-58913 avia-img-lazy-loading-not-58913 avia_image' src=\"https:\/\/radiorevelacionfm.cl\/wp-content\/uploads\/2025\/09\/expolanas-2025-13-1-1-1_optimized-1.jpeg\" alt='' title='expolanas-2025-(13)-1-(1)-(1)_optimized (1)' height=\"600\" width=\"1067\"  itemprop=\"thumbnailUrl\" srcset=\"https:\/\/radiorevelacionfm.cl\/wp-content\/uploads\/2025\/09\/expolanas-2025-13-1-1-1_optimized-1.jpeg 1067w, https:\/\/radiorevelacionfm.cl\/wp-content\/uploads\/2025\/09\/expolanas-2025-13-1-1-1_optimized-1-300x169.jpeg 300w, https:\/\/radiorevelacionfm.cl\/wp-content\/uploads\/2025\/09\/expolanas-2025-13-1-1-1_optimized-1-1030x579.jpeg 1030w, https:\/\/radiorevelacionfm.cl\/wp-content\/uploads\/2025\/09\/expolanas-2025-13-1-1-1_optimized-1-768x432.jpeg 768w, https:\/\/radiorevelacionfm.cl\/wp-content\/uploads\/2025\/09\/expolanas-2025-13-1-1-1_optimized-1-705x396.jpeg 705w, https:\/\/radiorevelacionfm.cl\/wp-content\/uploads\/2025\/09\/expolanas-2025-13-1-1-1_optimized-1-450x253.jpeg 450w, https:\/\/radiorevelacionfm.cl\/wp-content\/uploads\/2025\/09\/expolanas-2025-13-1-1-1_optimized-1-600x337.jpeg 600w\" sizes=\"(max-width: 1067px) 100vw, 1067px\" \/><\/div><\/div><\/div><\/div><div class=\"flex_column av_one_full  flex_column_div av-zero-column-padding first  avia-builder-el-2  el_after_av_one_full  el_before_av_one_full  column-top-margin\" style='border-radius:0px; '><section class=\"av_textblock_section \"  itemscope=\"itemscope\" itemtype=\"https:\/\/schema.org\/BlogPosting\" itemprop=\"blogPost\" ><div class='avia_textblock  '   itemprop=\"text\" ><p style=\"text-align: center;\"><strong><span style=\"font-size: 18pt;\">Expolana 2025 brill\u00f3 en Coyhaique como una verdadera celebraci\u00f3n del patrimonio<\/span><\/strong><\/p>\n<div id=\"gtx-trans\" style=\"position: absolute; left: -50px; top: 4.31534px;\">\n<div class=\"gtx-trans-icon\"><\/div>\n<\/div>\n<\/div><\/section><\/div><div class=\"flex_column av_one_full  flex_column_div av-zero-column-padding first  avia-builder-el-4  el_after_av_one_full  el_before_av_hr  column-top-margin\" style='border-radius:0px; '><section class=\"av_textblock_section \"  itemscope=\"itemscope\" itemtype=\"https:\/\/schema.org\/BlogPosting\" itemprop=\"blogPost\" ><div class='avia_textblock  '   itemprop=\"text\" ><p style=\"text-align: justify;\">La EXPOLANAS 2025 se consolid\u00f3 en su quinta versi\u00f3n como una verdadera celebraci\u00f3n del patrimonio textil patag\u00f3nico, reflejando la riqueza cultural que se entrelaza con la producci\u00f3n textil en Ays\u00e9n. Organizada por INDAP Ays\u00e9n con la colaboraci\u00f3n de la SEREMI de las Culturas, Artes y Patrimonio, la feria reuni\u00f3 durante dos d\u00edas a m\u00e1s de 30 artesanas y artesanos de distintos rincones de la regi\u00f3n. La muestra fue inaugurada con una ceremonia cargada de identidad local y nacional, que incluy\u00f3 pies de cueca, payas y chamam\u00e9s, con la participaci\u00f3n del Delegado Presidencial Regional Jorge D\u00edaz Guzm\u00e1n, el SEREMI de Agricultura Eugenio Ruiz, el SEREMI de las Culturas, Felipe Quiroz, y representantes municipales.<\/p>\n<p style=\"text-align: justify;\">La directora regional de INDAP, Yessica Lagos C\u00e1rdenas, se\u00f1al\u00f3 que \u201cesta feria es un espacio donde convergen el patrimonio textil, los circuitos cortos de comercializaci\u00f3n y, sobre todo, la mirada de g\u00e9nero que impulsa INDAP. Como ya es tradici\u00f3n, en EXPOLANAS 2025 las propias creadoras se convierten en protagonistas al desfilar sus piezas en la pasarela, uniendo obra y creadora en un mismo gesto que reconoce el rol fundamental de las mujeres en el desarrollo campesino y econ\u00f3mico de nuestra regi\u00f3n\u201d.<\/p>\n<p style=\"text-align: justify;\">Durante la feria, el p\u00fablico pudo acceder a una amplia variedad de productos elaborados con lana patag\u00f3nica, desde pieceras, echarpes y bajadas de cama hasta tejidos m\u00e1s innovadores que rescatan t\u00e9cnicas tradicionales transmitidas por generaciones.<\/p>\n<p style=\"text-align: justify;\">Para el SEREMI de las Culturas, las Artes y el Patrimonio, Felipe Quiroz, \u201cesta alianza virtuosa que se gener\u00f3 entre INDAP y el Ministerio de las Culturas, las Artes y el Patrimonio, abre una senda para posicionar el patrimonio textil y adem\u00e1s mirar el mundo rural, de donde viene nuestro acervo cultural e identitario como regi\u00f3n. Es por ello que esperamos seguir trabajando en conjunto\u201d.<\/p>\n<p style=\"text-align: justify;\">La feria ofreci\u00f3 entrevistas en vivo con artesanas transmitidas por redes sociales, cobertura radial y un espacio interactivo a cargo del INIA, donde se mostr\u00f3 el ciclo completo de la lana: desde el esquilado hasta el hilado y el tejido, utilizando herramientas y artefactos de madera que reflejan la tradici\u00f3n y el oficio campesino.<\/p>\n<p style=\"text-align: justify;\">Para Carolina Vargas, artesana de textil de Coyhaique Bajo, expres\u00f3 su alegr\u00eda al participar de EXPOLANAS 2025 \u201cestoy muy feliz de participar de esta instancia que visibiliza el oficio textil de la Regi\u00f3n de Ays\u00e9n y que las mujeres tengan la oportunidad de mostrar lo que hacen. Ha estado muy bien organizada, han tratado muy bien y la difusi\u00f3n fue muy buena, nos visit\u00f3 mucha gente. Pero tambi\u00e9n aprovechamos de vernos entre nosotras, y eso es muy bueno\u201d.<\/p>\n<p style=\"text-align: justify;\">El compromiso de INDAP y del Ministerio de Agricultura con el mundo campesino se expres\u00f3 en cada detalle de EXPOLANAS 2025: m\u00e1s all\u00e1 a del apoyo presupuestario y log\u00edstico, las y los funcionarios demostraron una participaci\u00f3n activa en EXPOLANAS 2025, prepar\u00e1ndose con anticipaci\u00f3n para presentar el baile nacional y chamam\u00e9s en la ceremonia de apertura, junto con sumarse al desfile de moda y acompa\u00f1ar a las artesanas y artesanos. Este gesto humano y cercano reflej\u00f3 c\u00f3mo INDAP trabaja codo a codo con las familias rurales, combinando lo profesional y lo comunitario en un mismo prop\u00f3sito: fortalecer y visibilizar el mundo rural y su patrimonio textil.\u00a0Con ello, INDAP Ays\u00e9n reafirma su compromiso humano y profesional con el mundo campesino, impulsando un desarrollo que combina identidad, sustentabilidad y comercio justo para las familias rurales de la regi\u00f3n.<\/p>\n<\/div><\/section><\/div><div  style='height:50px' class='hr hr-invisible   avia-builder-el-6  el_after_av_one_full  el_before_av_social_share '><span class='hr-inner ' ><span class='hr-inner-style'><\/span><\/span><\/div><\/p>\n<div  class='av-social-sharing-box  avia-builder-el-7  el_after_av_hr  el_before_av_hr  '><div class='av-share-box'><h5 class='av-share-link-description av-no-toc '>Compartir esta noticia<\/h5><ul class='av-share-box-list noLightbox'><li class='av-share-link av-social-link-facebook' ><a target=\"_blank\" aria-label=\"Compartir en Facebook\" href='https:\/\/www.facebook.com\/sharer.php?u=https:\/\/radiorevelacionfm.cl\/?p=58912&#038;t=Expolana%202025%20brill%C3%B3%20en%20Coyhaique%20como%20una%20verdadera%20celebraci%C3%B3n%20del%20patrimonio' aria-hidden='false' data-av_icon='\ue8f3' data-av_iconfont='entypo-fontello' title='' data-avia-related-tooltip='Compartir en Facebook' rel=\"noopener\"><span class='avia_hidden_link_text'>Compartir en Facebook<\/span><\/a><\/li><li class='av-share-link av-social-link-twitter' ><a target=\"_blank\" aria-label=\"Compartir en Twitter\" href='https:\/\/twitter.com\/share?text=Expolana%202025%20brill%C3%B3%20en%20Coyhaique%20como%20una%20verdadera%20celebraci%C3%B3n%20del%20patrimonio&#038;url=https:\/\/radiorevelacionfm.cl\/?p=58912' aria-hidden='false' data-av_icon='\ue8f1' data-av_iconfont='entypo-fontello' title='' data-avia-related-tooltip='Compartir en Twitter' rel=\"noopener\"><span class='avia_hidden_link_text'>Compartir en Twitter<\/span><\/a><\/li><li class='av-share-link av-social-link-whatsapp' ><a target=\"_blank\" aria-label=\"Compartir en Whatsapp\" href='https:\/\/api.whatsapp.com\/send?text=https:\/\/radiorevelacionfm.cl\/?p=58912' aria-hidden='false' data-av_icon='\uf232' data-av_iconfont='entypo-fontello' title='' data-avia-related-tooltip='Compartir en Whatsapp' rel=\"noopener\"><span class='avia_hidden_link_text'>Compartir en Whatsapp<\/span><\/a><\/li><li class='av-share-link av-social-link-linkedin' ><a target=\"_blank\" aria-label=\"Compartir en LinkedIn\" href='https:\/\/linkedin.com\/shareArticle?mini=true&#038;title=Expolana%202025%20brill%C3%B3%20en%20Coyhaique%20como%20una%20verdadera%20celebraci%C3%B3n%20del%20patrimonio&#038;url=https:\/\/radiorevelacionfm.cl\/?p=58912' aria-hidden='false' data-av_icon='\ue8fc' data-av_iconfont='entypo-fontello' title='' data-avia-related-tooltip='Compartir en LinkedIn' rel=\"noopener\"><span class='avia_hidden_link_text'>Compartir en LinkedIn<\/span><\/a><\/li><li class='av-share-link av-social-link-mail' ><a  aria-label=\"Compartir por correo\" href='mailto:?subject=Expolana%202025%20brill%C3%B3%20en%20Coyhaique%20como%20una%20verdadera%20celebraci%C3%B3n%20del%20patrimonio&#038;body=https:\/\/radiorevelacionfm.cl\/?p=58912' aria-hidden='false' data-av_icon='\ue805' data-av_iconfont='entypo-fontello' title='' data-avia-related-tooltip='Compartir por correo'><span class='avia_hidden_link_text'>Compartir por correo<\/span><\/a><\/li><\/ul><\/div><\/div>\n<div  style='height:50px' class='hr hr-invisible   avia-builder-el-8  el_after_av_social_share  el_before_av_comments_list '><span class='hr-inner ' ><span class='hr-inner-style'><\/span><\/span><\/div>\n<div  class='av-buildercomment  av-blog-meta-html-info-disabled av-blog-meta-tag-disabled  '><\/div>\n","protected":false},"excerpt":{"rendered":"","protected":false},"author":1,"featured_media":58913,"comment_status":"closed","ping_status":"closed","sticky":false,"template":"","format":"standard","meta":{"footnotes":""},"categories":[38],"tags":[],"class_list":["post-58912","post","type-post","status-publish","format-standard","has-post-thumbnail","hentry","category-regional"],"jetpack_featured_media_url":"https:\/\/radiorevelacionfm.cl\/wp-content\/uploads\/2025\/09\/expolanas-2025-13-1-1-1_optimized-1.jpeg","_links":{"self":[{"href":"https:\/\/radiorevelacionfm.cl\/index.php?rest_route=\/wp\/v2\/posts\/58912","targetHints":{"allow":["GET"]}}],"collection":[{"href":"https:\/\/radiorevelacionfm.cl\/index.php?rest_route=\/wp\/v2\/posts"}],"about":[{"href":"https:\/\/radiorevelacionfm.cl\/index.php?rest_route=\/wp\/v2\/types\/post"}],"author":[{"embeddable":true,"href":"https:\/\/radiorevelacionfm.cl\/index.php?rest_route=\/wp\/v2\/users\/1"}],"replies":[{"embeddable":true,"href":"https:\/\/radiorevelacionfm.cl\/index.php?rest_route=%2Fwp%2Fv2%2Fcomments&post=58912"}],"version-history":[{"count":2,"href":"https:\/\/radiorevelacionfm.cl\/index.php?rest_route=\/wp\/v2\/posts\/58912\/revisions"}],"predecessor-version":[{"id":58932,"href":"https:\/\/radiorevelacionfm.cl\/index.php?rest_route=\/wp\/v2\/posts\/58912\/revisions\/58932"}],"wp:featuredmedia":[{"embeddable":true,"href":"https:\/\/radiorevelacionfm.cl\/index.php?rest_route=\/wp\/v2\/media\/58913"}],"wp:attachment":[{"href":"https:\/\/radiorevelacionfm.cl\/index.php?rest_route=%2Fwp%2Fv2%2Fmedia&parent=58912"}],"wp:term":[{"taxonomy":"category","embeddable":true,"href":"https:\/\/radiorevelacionfm.cl\/index.php?rest_route=%2Fwp%2Fv2%2Fcategories&post=58912"},{"taxonomy":"post_tag","embeddable":true,"href":"https:\/\/radiorevelacionfm.cl\/index.php?rest_route=%2Fwp%2Fv2%2Ftags&post=58912"}],"curies":[{"name":"wp","href":"https:\/\/api.w.org\/{rel}","templated":true}]}}