{"id":58909,"date":"2025-09-09T10:59:35","date_gmt":"2025-09-09T13:59:35","guid":{"rendered":"https:\/\/radiorevelacionfm.cl\/?p=58909"},"modified":"2025-09-09T10:59:35","modified_gmt":"2025-09-09T13:59:35","slug":"condenan-a-15-12-y-10-anos-de-presidio-a-tres-hermanos-autores-del-delito-de-secuestro-ocurrido-en-coyhaique","status":"publish","type":"post","link":"https:\/\/radiorevelacionfm.cl\/?p=58909","title":{"rendered":"Condenan a 15, 12 y 10 a\u00f1os de presidio a tres hermanos autores del delito de secuestro ocurrido en Coyhaique"},"content":{"rendered":"<div class=\"flex_column av_one_full  flex_column_div av-zero-column-padding first  avia-builder-el-0  el_before_av_one_full  avia-builder-el-first  \" style='border-radius:0px; '><div  class='avia-image-container  av-styling-    avia-builder-el-1  avia-builder-el-no-sibling  avia-align-center '  itemprop=\"image\" itemscope=\"itemscope\" itemtype=\"https:\/\/schema.org\/ImageObject\"  ><div class='avia-image-container-inner'><div class='avia-image-overlay-wrap'><img decoding=\"async\" class='wp-image-58310 avia-img-lazy-loading-not-58310 avia_image' src=\"https:\/\/radiorevelacionfm.cl\/wp-content\/uploads\/2025\/08\/2-copia-2-1_optimized.jpg\" alt='' title='2 - -copia-(2)-(1)_optimized' height=\"600\" width=\"1067\"  itemprop=\"thumbnailUrl\" srcset=\"https:\/\/radiorevelacionfm.cl\/wp-content\/uploads\/2025\/08\/2-copia-2-1_optimized.jpg 1067w, https:\/\/radiorevelacionfm.cl\/wp-content\/uploads\/2025\/08\/2-copia-2-1_optimized-300x169.jpg 300w, https:\/\/radiorevelacionfm.cl\/wp-content\/uploads\/2025\/08\/2-copia-2-1_optimized-1030x579.jpg 1030w, https:\/\/radiorevelacionfm.cl\/wp-content\/uploads\/2025\/08\/2-copia-2-1_optimized-768x432.jpg 768w, https:\/\/radiorevelacionfm.cl\/wp-content\/uploads\/2025\/08\/2-copia-2-1_optimized-705x396.jpg 705w, https:\/\/radiorevelacionfm.cl\/wp-content\/uploads\/2025\/08\/2-copia-2-1_optimized-450x253.jpg 450w, https:\/\/radiorevelacionfm.cl\/wp-content\/uploads\/2025\/08\/2-copia-2-1_optimized-600x337.jpg 600w\" sizes=\"(max-width: 1067px) 100vw, 1067px\" \/><\/div><\/div><\/div><\/div><div class=\"flex_column av_one_full  flex_column_div av-zero-column-padding first  avia-builder-el-2  el_after_av_one_full  el_before_av_one_full  column-top-margin\" style='border-radius:0px; '><section class=\"av_textblock_section \"  itemscope=\"itemscope\" itemtype=\"https:\/\/schema.org\/BlogPosting\" itemprop=\"blogPost\" ><div class='avia_textblock  '   itemprop=\"text\" ><p style=\"text-align: center;\"><strong><span style=\"font-size: 18pt;\">Condenan a 15, 12 y 10 a\u00f1os de presidio a tres hermanos autores del delito de secuestro ocurrido en Coyhaique<\/span><\/strong><\/p>\n<div id=\"gtx-trans\" style=\"position: absolute; left: -50px; top: 4.31534px;\">\n<div class=\"gtx-trans-icon\"><\/div>\n<\/div>\n<\/div><\/section><\/div><div class=\"flex_column av_one_full  flex_column_div av-zero-column-padding first  avia-builder-el-4  el_after_av_one_full  el_before_av_hr  column-top-margin\" style='border-radius:0px; '><section class=\"av_textblock_section \"  itemscope=\"itemscope\" itemtype=\"https:\/\/schema.org\/BlogPosting\" itemprop=\"blogPost\" ><div class='avia_textblock  '   itemprop=\"text\" ><p style=\"font-weight: 400; text-align: justify;\">El Tribunal de Juicio Oral en lo Penal de Coyhaique conden\u00f3 a Juan Pablo Run\u00edn \u00c1guila, Marco Antonio Run\u00edn \u00c1guila y Ramiro Enrique Run\u00edn \u00c1guila a cumplir penas efectivas de 15 a\u00f1os y un d\u00eda, 12 a\u00f1os y 10 a\u00f1os y un d\u00eda de presidio, respectivamente, en calidad de autores del delito consumado de secuestro. Il\u00edcito perpetrado en febrero de 2023, en la comuna.<\/p>\n<p style=\"font-weight: 400; text-align: justify;\">En fallo un\u00e1nime, la sala del tribunal \u2013integrada por los magistrados Pablo Andr\u00e9s Freire Gavil\u00e1n (presidente), Patricio Alberto Z\u00fa\u00f1iga Valenzuela y Carlos Antonio Astudillo Cerda (redactor) \u2013 aplic\u00f3, adem\u00e1s, a los condenados las accesorias legales de inhabilitaci\u00f3n absoluta perpetua para cargos y oficios p\u00fablicos y derechos pol\u00edticos, junto con la inhabilitaci\u00f3n absoluta para profesiones titulares mientras duren sus condenas.<\/p>\n<p style=\"font-weight: 400; text-align: justify;\">Una vez que el fallo quede ejecutoriado, el tribunal dispuso que se proceda a la toma de muestras biol\u00f3gicas de los sentenciados para determinar\u00a0su huella gen\u00e9tica\u00a0e incorporaci\u00f3n en el registro nacional de ADN de condenados.<\/p>\n<p style=\"font-weight: 400; text-align: justify;\">El fallo a\u00f1ade que se absuelve a Juan Pablo Run\u00edn \u00c1guila y a Marco Antonio Run\u00edn \u00c1guila de la acusaci\u00f3n particular que los sindicaba como autores, de conformidad con el art\u00edculo 15 N\u00b01 del C\u00f3digo Penal, de un delito consumado de estafa previsto y sancionado en el art\u00edculo 468 en relaci\u00f3n con el art\u00edculo 467 N\u00b01 del mismo cuerpo legal, supuestamente perpetrado entre el 1 y el 3 de febrero de 2023 en la comuna de Coyhaique.<\/p>\n<p style=\"font-weight: 400; text-align: justify;\">Asimismo, el tribunal decret\u00f3 la nulidad absoluta de la escritura p\u00fablica de compraventa de fecha 3 de febrero de 2023, celebrada entre Marco Antonio Run\u00edn \u00c1guila y L.A.E., ante el notario p\u00fablico titular de la Primera Notar\u00eda de Coyhaique, Mat\u00edas Roberto Rand Gonz\u00e1lez (repertorio N\u00b0 319-2023), ordenando que la presente sentencia sea subinscrita al margen de dicho instrumento.<\/p>\n<p style=\"font-weight: 400; text-align: justify;\">Seg\u00fan el ente persecutor, el 1 de febrero de 2023, tras arribar al aeropuerto de Balmaceda, el empresario L.A.E., fue trasladado por Juan Pablo Run\u00edn \u00c1guila hasta el Lodge Salmo Patagonia, donde sus hermanos Marco Antonio y Ramiro Enrique lo esperaban para atacarlo, golpearlo y mantenerlo retenido bajo amenazas de muerte. Durante el cautiverio, los acusados le sustrajeron dinero en efectivo y dispositivos electr\u00f3nicos, lo obligaron a transferir $50 millones desde sus inversiones a una cuenta de propiedad de Juan Pablo Run\u00edn y, al d\u00eda siguiente, simularon una compraventa fraudulenta de terrenos de la v\u00edctima. Finalmente, en la madrugada del 3 de febrero, la v\u00edctima logr\u00f3 escapar y pedir ayuda a vecinos del sector, quienes dieron aviso a Carabineros.<\/p>\n<\/div><\/section><\/div><div  style='height:50px' class='hr hr-invisible   avia-builder-el-6  el_after_av_one_full  el_before_av_social_share '><span class='hr-inner ' ><span class='hr-inner-style'><\/span><\/span><\/div><\/p>\n<div  class='av-social-sharing-box  avia-builder-el-7  el_after_av_hr  el_before_av_hr  '><div class='av-share-box'><h5 class='av-share-link-description av-no-toc '>Compartir esta noticia<\/h5><ul class='av-share-box-list noLightbox'><li class='av-share-link av-social-link-facebook' ><a target=\"_blank\" aria-label=\"Compartir en Facebook\" href='https:\/\/www.facebook.com\/sharer.php?u=https:\/\/radiorevelacionfm.cl\/?p=58909&#038;t=Condenan%20a%2015%2C%2012%20y%2010%20a%C3%B1os%20de%20presidio%20a%20tres%20hermanos%20autores%20del%20delito%20de%20secuestro%20ocurrido%20en%20Coyhaique' aria-hidden='false' data-av_icon='\ue8f3' data-av_iconfont='entypo-fontello' title='' data-avia-related-tooltip='Compartir en Facebook' rel=\"noopener\"><span class='avia_hidden_link_text'>Compartir en Facebook<\/span><\/a><\/li><li class='av-share-link av-social-link-twitter' ><a target=\"_blank\" aria-label=\"Compartir en Twitter\" href='https:\/\/twitter.com\/share?text=Condenan%20a%2015%2C%2012%20y%2010%20a%C3%B1os%20de%20presidio%20a%20tres%20hermanos%20autores%20del%20delito%20de%20secuestro%20ocurrido%20en%20Coyhaique&#038;url=https:\/\/radiorevelacionfm.cl\/?p=58909' aria-hidden='false' data-av_icon='\ue8f1' data-av_iconfont='entypo-fontello' title='' data-avia-related-tooltip='Compartir en Twitter' rel=\"noopener\"><span class='avia_hidden_link_text'>Compartir en Twitter<\/span><\/a><\/li><li class='av-share-link av-social-link-whatsapp' ><a target=\"_blank\" aria-label=\"Compartir en Whatsapp\" href='https:\/\/api.whatsapp.com\/send?text=https:\/\/radiorevelacionfm.cl\/?p=58909' aria-hidden='false' data-av_icon='\uf232' data-av_iconfont='entypo-fontello' title='' data-avia-related-tooltip='Compartir en Whatsapp' rel=\"noopener\"><span class='avia_hidden_link_text'>Compartir en Whatsapp<\/span><\/a><\/li><li class='av-share-link av-social-link-linkedin' ><a target=\"_blank\" aria-label=\"Compartir en LinkedIn\" href='https:\/\/linkedin.com\/shareArticle?mini=true&#038;title=Condenan%20a%2015%2C%2012%20y%2010%20a%C3%B1os%20de%20presidio%20a%20tres%20hermanos%20autores%20del%20delito%20de%20secuestro%20ocurrido%20en%20Coyhaique&#038;url=https:\/\/radiorevelacionfm.cl\/?p=58909' aria-hidden='false' data-av_icon='\ue8fc' data-av_iconfont='entypo-fontello' title='' data-avia-related-tooltip='Compartir en LinkedIn' rel=\"noopener\"><span class='avia_hidden_link_text'>Compartir en LinkedIn<\/span><\/a><\/li><li class='av-share-link av-social-link-mail' ><a  aria-label=\"Compartir por correo\" href='mailto:?subject=Condenan%20a%2015%2C%2012%20y%2010%20a%C3%B1os%20de%20presidio%20a%20tres%20hermanos%20autores%20del%20delito%20de%20secuestro%20ocurrido%20en%20Coyhaique&#038;body=https:\/\/radiorevelacionfm.cl\/?p=58909' aria-hidden='false' data-av_icon='\ue805' data-av_iconfont='entypo-fontello' title='' data-avia-related-tooltip='Compartir por correo'><span class='avia_hidden_link_text'>Compartir por correo<\/span><\/a><\/li><\/ul><\/div><\/div>\n<div  style='height:50px' class='hr hr-invisible   avia-builder-el-8  el_after_av_social_share  el_before_av_comments_list '><span class='hr-inner ' ><span class='hr-inner-style'><\/span><\/span><\/div>\n<div  class='av-buildercomment  av-blog-meta-html-info-disabled av-blog-meta-tag-disabled  '><\/div>\n","protected":false},"excerpt":{"rendered":"","protected":false},"author":1,"featured_media":58310,"comment_status":"closed","ping_status":"closed","sticky":false,"template":"","format":"standard","meta":{"footnotes":""},"categories":[55],"tags":[],"class_list":["post-58909","post","type-post","status-publish","format-standard","has-post-thumbnail","hentry","category-justicia"],"jetpack_featured_media_url":"https:\/\/radiorevelacionfm.cl\/wp-content\/uploads\/2025\/08\/2-copia-2-1_optimized.jpg","_links":{"self":[{"href":"https:\/\/radiorevelacionfm.cl\/index.php?rest_route=\/wp\/v2\/posts\/58909","targetHints":{"allow":["GET"]}}],"collection":[{"href":"https:\/\/radiorevelacionfm.cl\/index.php?rest_route=\/wp\/v2\/posts"}],"about":[{"href":"https:\/\/radiorevelacionfm.cl\/index.php?rest_route=\/wp\/v2\/types\/post"}],"author":[{"embeddable":true,"href":"https:\/\/radiorevelacionfm.cl\/index.php?rest_route=\/wp\/v2\/users\/1"}],"replies":[{"embeddable":true,"href":"https:\/\/radiorevelacionfm.cl\/index.php?rest_route=%2Fwp%2Fv2%2Fcomments&post=58909"}],"version-history":[{"count":2,"href":"https:\/\/radiorevelacionfm.cl\/index.php?rest_route=\/wp\/v2\/posts\/58909\/revisions"}],"predecessor-version":[{"id":58911,"href":"https:\/\/radiorevelacionfm.cl\/index.php?rest_route=\/wp\/v2\/posts\/58909\/revisions\/58911"}],"wp:featuredmedia":[{"embeddable":true,"href":"https:\/\/radiorevelacionfm.cl\/index.php?rest_route=\/wp\/v2\/media\/58310"}],"wp:attachment":[{"href":"https:\/\/radiorevelacionfm.cl\/index.php?rest_route=%2Fwp%2Fv2%2Fmedia&parent=58909"}],"wp:term":[{"taxonomy":"category","embeddable":true,"href":"https:\/\/radiorevelacionfm.cl\/index.php?rest_route=%2Fwp%2Fv2%2Fcategories&post=58909"},{"taxonomy":"post_tag","embeddable":true,"href":"https:\/\/radiorevelacionfm.cl\/index.php?rest_route=%2Fwp%2Fv2%2Ftags&post=58909"}],"curies":[{"name":"wp","href":"https:\/\/api.w.org\/{rel}","templated":true}]}}