{"id":58906,"date":"2025-09-09T10:45:48","date_gmt":"2025-09-09T13:45:48","guid":{"rendered":"https:\/\/radiorevelacionfm.cl\/?p=58906"},"modified":"2025-09-09T10:45:48","modified_gmt":"2025-09-09T13:45:48","slug":"sandoval-por-rebaja-presupuestaria-al-gore-aysen-anunciada-por-hacienda-no-vamos-a-permitir-que-bajo-ninguna-circunstancia-esta-situacion-acontezca","status":"publish","type":"post","link":"https:\/\/radiorevelacionfm.cl\/?p=58906","title":{"rendered":"Sandoval por rebaja presupuestaria al GORE Ays\u00e9n anunciada por Hacienda: \u201cNo vamos a permitir que, bajo ninguna circunstancia, esta situaci\u00f3n acontezca\u201d"},"content":{"rendered":"<div class=\"flex_column av_one_full  flex_column_div av-zero-column-padding first  avia-builder-el-0  el_before_av_one_full  avia-builder-el-first  \" style='border-radius:0px; '><div  class='avia-image-container  av-styling-    avia-builder-el-1  avia-builder-el-no-sibling  avia-align-center '  itemprop=\"image\" itemscope=\"itemscope\" itemtype=\"https:\/\/schema.org\/ImageObject\"  ><div class='avia-image-container-inner'><div class='avia-image-overlay-wrap'><img decoding=\"async\" class='wp-image-56805 avia-img-lazy-loading-not-56805 avia_image' src=\"https:\/\/radiorevelacionfm.cl\/wp-content\/uploads\/2025\/07\/GOBIERNO-REGIONAL-AYSEN-1-1.jpg\" alt='' title='GOBIERNO REGIONAL AYSEN (1) (1)' height=\"600\" width=\"900\"  itemprop=\"thumbnailUrl\" srcset=\"https:\/\/radiorevelacionfm.cl\/wp-content\/uploads\/2025\/07\/GOBIERNO-REGIONAL-AYSEN-1-1.jpg 900w, https:\/\/radiorevelacionfm.cl\/wp-content\/uploads\/2025\/07\/GOBIERNO-REGIONAL-AYSEN-1-1-300x200.jpg 300w, https:\/\/radiorevelacionfm.cl\/wp-content\/uploads\/2025\/07\/GOBIERNO-REGIONAL-AYSEN-1-1-768x512.jpg 768w, https:\/\/radiorevelacionfm.cl\/wp-content\/uploads\/2025\/07\/GOBIERNO-REGIONAL-AYSEN-1-1-705x470.jpg 705w, https:\/\/radiorevelacionfm.cl\/wp-content\/uploads\/2025\/07\/GOBIERNO-REGIONAL-AYSEN-1-1-450x300.jpg 450w, https:\/\/radiorevelacionfm.cl\/wp-content\/uploads\/2025\/07\/GOBIERNO-REGIONAL-AYSEN-1-1-600x400.jpg 600w\" sizes=\"(max-width: 900px) 100vw, 900px\" \/><\/div><\/div><\/div><\/div><div class=\"flex_column av_one_full  flex_column_div av-zero-column-padding first  avia-builder-el-2  el_after_av_one_full  el_before_av_one_full  column-top-margin\" style='border-radius:0px; '><section class=\"av_textblock_section \"  itemscope=\"itemscope\" itemtype=\"https:\/\/schema.org\/BlogPosting\" itemprop=\"blogPost\" ><div class='avia_textblock  '   itemprop=\"text\" ><p style=\"text-align: center;\"><span style=\"font-size: 18pt;\"><strong>Sandoval por rebaja presupuestaria al GORE Ays\u00e9n anunciada por Hacienda: <\/strong><\/span><span style=\"font-size: 18pt;\"><strong>\u201cNo vamos a permitir que, bajo ninguna circunstancia, esta situaci\u00f3n acontezca\u201d<\/strong><\/span><\/p>\n<div id=\"gtx-trans\" style=\"position: absolute; left: -50px; top: 4.31534px;\">\n<div class=\"gtx-trans-icon\"><\/div>\n<\/div>\n<\/div><\/section><\/div><div class=\"flex_column av_one_full  flex_column_div av-zero-column-padding first  avia-builder-el-4  el_after_av_one_full  el_before_av_hr  column-top-margin\" style='border-radius:0px; '><section class=\"av_textblock_section \"  itemscope=\"itemscope\" itemtype=\"https:\/\/schema.org\/BlogPosting\" itemprop=\"blogPost\" ><div class='avia_textblock  '   itemprop=\"text\" ><p style=\"text-align: justify;\"><em>Parlamentario, quien integra la comisi\u00f3n mixta de Presupuesto en el Congreso, respald\u00f3 la gesti\u00f3n del gobernador Marcelo Santana y critic\u00f3 la gesti\u00f3n del Gobierno en esta materia.<\/em><\/p>\n<p style=\"text-align: justify;\">\u201cNo vamos a permitir que, bajo ninguna circunstancia, esta situaci\u00f3n acontezca\u201d. As\u00ed lo afirm\u00f3 el senador David Sandoval, al referirse al anuncio del Ministerio de Hacienda de rebaja del presupuesto de los gobiernos regionales que, en el caso de Ays\u00e9n, implica una disminuci\u00f3n del 6,9% de recursos para el a\u00f1o 2026.<\/p>\n<p style=\"text-align: justify;\">En ese sentido, el parlamentario destac\u00f3 el rol que ha jugado el gobernador regional Marcelo Santana, quien ha planteado su preocupaci\u00f3n por el tema, dado el impacto que una medida de este tipo tendr\u00eda en Ays\u00e9n. \u00a0\u201cM\u00e1s all\u00e1 del porcentaje de rebaja, son $5.300 millones de pesos que no estar\u00eda recibiendo el Gobierno Regional el pr\u00f3ximo a\u00f1o\u201d, enfatizando que una de las causas es la mala gesti\u00f3n que ha hecho la actual administraci\u00f3n de Gabriel Boric respecto de los recursos. \u201cComo el gobierno ha hecho tan mal la pol\u00edtica p\u00fablica, han gastado plata, otra se la han embolsado en otros prop\u00f3sitos, etc.\u201d, indic\u00f3.<\/p>\n<p style=\"text-align: justify;\">Un punto en el que hizo hincapi\u00e9 Sandoval es que los cuatro GORES que m\u00e1s bajan para 2026 en materia de recursos, son de derecha y los cuatro que m\u00e1s suben son proclives a la actual gesti\u00f3n gubernamental. \u201cJunto con Ays\u00e9n, en el Maule, hay fuerte rebaja de m\u00e1s de 7.000 millones de pesos, y los dos son de la Udi. La regi\u00f3n de Los Lagos baja el 6,1% y la regi\u00f3n de Arica y Parinacota baja el 5,8%. Y los que m\u00e1s suben son O\u00b4Higgins con un 6%, que es del PS; Antofagasta sube 5,3%, es de Revoluci\u00f3n Democr\u00e1tica; tercero Tarapac\u00e1, que es de Independiente PPD; y el cuarto es Metropolitana, que es de la DC\u201d, puntualiz\u00f3.<\/p>\n<p style=\"text-align: justify;\">Con todo, a juicio del legislador, la causa de todo es una sola: \u201cel Gobierno gast\u00f3 m\u00e1s plata que la que ten\u00eda y se la gast\u00f3 de una manera inadecuada o impropia y que en definitiva no termin\u00f3 resultando como se pensaba\u201d, agregando que a su juicio \u201cquiz\u00e1s esta es la causa fundamental por lo cual el ministro (Mario) Marcel, que daba un margen de seriedad, termin\u00f3 mejor diciendo <em>\u00b4yo aqu\u00ed me hago un lado\u00b4<\/em>\u201d.<\/p>\n<p style=\"text-align: justify;\">En ese sentido, a juicio de Sandoval, el mejor ejemplo de un Gobierno que privilegi\u00f3 los anuncios por sobre la concreci\u00f3n de iniciativas, es lo relacionado con los 140 kil\u00f3metros de pavimentos de la Carretera Austral, sumado al plan de infraestructura p\u00fablica 2025 \u2013 2050, anunciado recientemente. \u201cEl presidente dijo, las autoridades regionales dijeron, que durante esta administraci\u00f3n del presidente Boric se iban a pavimentar 140 Km. de camino en este Gobierno y no se paviment\u00f3 ninguno. Est\u00e1n en fases de licitaciones, de instalaciones de faenas, pero lo que prometi\u00f3 no se hizo ninguno. Y esa es la realidad\u201d, concluy\u00f3.<\/p>\n<\/div><\/section><\/div><div  style='height:50px' class='hr hr-invisible   avia-builder-el-6  el_after_av_one_full  el_before_av_social_share '><span class='hr-inner ' ><span class='hr-inner-style'><\/span><\/span><\/div><\/p>\n<div  class='av-social-sharing-box  avia-builder-el-7  el_after_av_hr  el_before_av_hr  '><div class='av-share-box'><h5 class='av-share-link-description av-no-toc '>Compartir esta noticia<\/h5><ul class='av-share-box-list noLightbox'><li class='av-share-link av-social-link-facebook' ><a target=\"_blank\" aria-label=\"Compartir en Facebook\" href='https:\/\/www.facebook.com\/sharer.php?u=https:\/\/radiorevelacionfm.cl\/?p=58906&#038;t=Sandoval%20por%20rebaja%20presupuestaria%20al%20GORE%20Ays%C3%A9n%20anunciada%20por%20Hacienda%3A%20%E2%80%9CNo%20vamos%20a%20permitir%20que%2C%20bajo%20ninguna%20circunstancia%2C%20esta%20situaci%C3%B3n%20acontezca%E2%80%9D' aria-hidden='false' data-av_icon='\ue8f3' data-av_iconfont='entypo-fontello' title='' data-avia-related-tooltip='Compartir en Facebook' rel=\"noopener\"><span class='avia_hidden_link_text'>Compartir en Facebook<\/span><\/a><\/li><li class='av-share-link av-social-link-twitter' ><a target=\"_blank\" aria-label=\"Compartir en Twitter\" href='https:\/\/twitter.com\/share?text=Sandoval%20por%20rebaja%20presupuestaria%20al%20GORE%20Ays%C3%A9n%20anunciada%20por%20Hacienda%3A%20%E2%80%9CNo%20vamos%20a%20permitir%20que%2C%20bajo%20ninguna%20circunstancia%2C%20esta%20situaci%C3%B3n%20acontezca%E2%80%9D&#038;url=https:\/\/radiorevelacionfm.cl\/?p=58906' aria-hidden='false' data-av_icon='\ue8f1' data-av_iconfont='entypo-fontello' title='' data-avia-related-tooltip='Compartir en Twitter' rel=\"noopener\"><span class='avia_hidden_link_text'>Compartir en Twitter<\/span><\/a><\/li><li class='av-share-link av-social-link-whatsapp' ><a target=\"_blank\" aria-label=\"Compartir en Whatsapp\" href='https:\/\/api.whatsapp.com\/send?text=https:\/\/radiorevelacionfm.cl\/?p=58906' aria-hidden='false' data-av_icon='\uf232' data-av_iconfont='entypo-fontello' title='' data-avia-related-tooltip='Compartir en Whatsapp' rel=\"noopener\"><span class='avia_hidden_link_text'>Compartir en Whatsapp<\/span><\/a><\/li><li class='av-share-link av-social-link-linkedin' ><a target=\"_blank\" aria-label=\"Compartir en LinkedIn\" href='https:\/\/linkedin.com\/shareArticle?mini=true&#038;title=Sandoval%20por%20rebaja%20presupuestaria%20al%20GORE%20Ays%C3%A9n%20anunciada%20por%20Hacienda%3A%20%E2%80%9CNo%20vamos%20a%20permitir%20que%2C%20bajo%20ninguna%20circunstancia%2C%20esta%20situaci%C3%B3n%20acontezca%E2%80%9D&#038;url=https:\/\/radiorevelacionfm.cl\/?p=58906' aria-hidden='false' data-av_icon='\ue8fc' data-av_iconfont='entypo-fontello' title='' data-avia-related-tooltip='Compartir en LinkedIn' rel=\"noopener\"><span class='avia_hidden_link_text'>Compartir en LinkedIn<\/span><\/a><\/li><li class='av-share-link av-social-link-mail' ><a  aria-label=\"Compartir por correo\" href='mailto:?subject=Sandoval%20por%20rebaja%20presupuestaria%20al%20GORE%20Ays%C3%A9n%20anunciada%20por%20Hacienda%3A%20%E2%80%9CNo%20vamos%20a%20permitir%20que%2C%20bajo%20ninguna%20circunstancia%2C%20esta%20situaci%C3%B3n%20acontezca%E2%80%9D&#038;body=https:\/\/radiorevelacionfm.cl\/?p=58906' aria-hidden='false' data-av_icon='\ue805' data-av_iconfont='entypo-fontello' title='' data-avia-related-tooltip='Compartir por correo'><span class='avia_hidden_link_text'>Compartir por correo<\/span><\/a><\/li><\/ul><\/div><\/div>\n<div  style='height:50px' class='hr hr-invisible   avia-builder-el-8  el_after_av_social_share  el_before_av_comments_list '><span class='hr-inner ' ><span class='hr-inner-style'><\/span><\/span><\/div>\n<div  class='av-buildercomment  av-blog-meta-html-info-disabled av-blog-meta-tag-disabled  '><\/div>\n","protected":false},"excerpt":{"rendered":"","protected":false},"author":1,"featured_media":56805,"comment_status":"closed","ping_status":"closed","sticky":false,"template":"","format":"standard","meta":{"footnotes":""},"categories":[35],"tags":[],"class_list":["post-58906","post","type-post","status-publish","format-standard","has-post-thumbnail","hentry","category-politica"],"jetpack_featured_media_url":"https:\/\/radiorevelacionfm.cl\/wp-content\/uploads\/2025\/07\/GOBIERNO-REGIONAL-AYSEN-1-1.jpg","_links":{"self":[{"href":"https:\/\/radiorevelacionfm.cl\/index.php?rest_route=\/wp\/v2\/posts\/58906","targetHints":{"allow":["GET"]}}],"collection":[{"href":"https:\/\/radiorevelacionfm.cl\/index.php?rest_route=\/wp\/v2\/posts"}],"about":[{"href":"https:\/\/radiorevelacionfm.cl\/index.php?rest_route=\/wp\/v2\/types\/post"}],"author":[{"embeddable":true,"href":"https:\/\/radiorevelacionfm.cl\/index.php?rest_route=\/wp\/v2\/users\/1"}],"replies":[{"embeddable":true,"href":"https:\/\/radiorevelacionfm.cl\/index.php?rest_route=%2Fwp%2Fv2%2Fcomments&post=58906"}],"version-history":[{"count":2,"href":"https:\/\/radiorevelacionfm.cl\/index.php?rest_route=\/wp\/v2\/posts\/58906\/revisions"}],"predecessor-version":[{"id":58908,"href":"https:\/\/radiorevelacionfm.cl\/index.php?rest_route=\/wp\/v2\/posts\/58906\/revisions\/58908"}],"wp:featuredmedia":[{"embeddable":true,"href":"https:\/\/radiorevelacionfm.cl\/index.php?rest_route=\/wp\/v2\/media\/56805"}],"wp:attachment":[{"href":"https:\/\/radiorevelacionfm.cl\/index.php?rest_route=%2Fwp%2Fv2%2Fmedia&parent=58906"}],"wp:term":[{"taxonomy":"category","embeddable":true,"href":"https:\/\/radiorevelacionfm.cl\/index.php?rest_route=%2Fwp%2Fv2%2Fcategories&post=58906"},{"taxonomy":"post_tag","embeddable":true,"href":"https:\/\/radiorevelacionfm.cl\/index.php?rest_route=%2Fwp%2Fv2%2Ftags&post=58906"}],"curies":[{"name":"wp","href":"https:\/\/api.w.org\/{rel}","templated":true}]}}