{"id":58902,"date":"2025-09-09T10:34:58","date_gmt":"2025-09-09T13:34:58","guid":{"rendered":"https:\/\/radiorevelacionfm.cl\/?p=58902"},"modified":"2025-09-09T10:34:58","modified_gmt":"2025-09-09T13:34:58","slug":"conversatorio-comercio-y-seguridad-instituciones-realizan-llamado-a-denunciar-delitos","status":"publish","type":"post","link":"https:\/\/radiorevelacionfm.cl\/?p=58902","title":{"rendered":"Conversatorio Comercio y Seguridad: instituciones realizan llamado a denunciar delitos"},"content":{"rendered":"<div class=\"flex_column av_one_full  flex_column_div av-zero-column-padding first  avia-builder-el-0  el_before_av_one_full  avia-builder-el-first  \" style='border-radius:0px; '><div  class='avia-image-container  av-styling-    avia-builder-el-1  avia-builder-el-no-sibling  avia-align-center '  itemprop=\"image\" itemscope=\"itemscope\" itemtype=\"https:\/\/schema.org\/ImageObject\"  ><div class='avia-image-container-inner'><div class='avia-image-overlay-wrap'><img decoding=\"async\" class='wp-image-58903 avia-img-lazy-loading-not-58903 avia_image' src=\"https:\/\/radiorevelacionfm.cl\/wp-content\/uploads\/2025\/09\/whatsapp-image-2025-09-05-at-11_optimized.48.09-am-1.jpeg\" alt='' title='whatsapp-image-2025-09-05-at-11_optimized.48.09-am-(1)' height=\"600\" width=\"800\"  itemprop=\"thumbnailUrl\" srcset=\"https:\/\/radiorevelacionfm.cl\/wp-content\/uploads\/2025\/09\/whatsapp-image-2025-09-05-at-11_optimized.48.09-am-1.jpeg 800w, https:\/\/radiorevelacionfm.cl\/wp-content\/uploads\/2025\/09\/whatsapp-image-2025-09-05-at-11_optimized.48.09-am-1-300x225.jpeg 300w, https:\/\/radiorevelacionfm.cl\/wp-content\/uploads\/2025\/09\/whatsapp-image-2025-09-05-at-11_optimized.48.09-am-1-768x576.jpeg 768w, https:\/\/radiorevelacionfm.cl\/wp-content\/uploads\/2025\/09\/whatsapp-image-2025-09-05-at-11_optimized.48.09-am-1-705x529.jpeg 705w, https:\/\/radiorevelacionfm.cl\/wp-content\/uploads\/2025\/09\/whatsapp-image-2025-09-05-at-11_optimized.48.09-am-1-450x338.jpeg 450w, https:\/\/radiorevelacionfm.cl\/wp-content\/uploads\/2025\/09\/whatsapp-image-2025-09-05-at-11_optimized.48.09-am-1-600x450.jpeg 600w\" sizes=\"(max-width: 800px) 100vw, 800px\" \/><\/div><\/div><\/div><\/div><div class=\"flex_column av_one_full  flex_column_div av-zero-column-padding first  avia-builder-el-2  el_after_av_one_full  el_before_av_one_full  column-top-margin\" style='border-radius:0px; '><section class=\"av_textblock_section \"  itemscope=\"itemscope\" itemtype=\"https:\/\/schema.org\/BlogPosting\" itemprop=\"blogPost\" ><div class='avia_textblock  '   itemprop=\"text\" ><p style=\"text-align: center;\"><span style=\"font-size: 18pt;\"><strong>Conversatorio Comercio y Seguridad: instituciones realizan llamado a denunciar delitos<\/strong><\/span><\/p>\n<div id=\"gtx-trans\" style=\"position: absolute; left: -50px; top: 4.31534px;\">\n<div class=\"gtx-trans-icon\"><\/div>\n<\/div>\n<\/div><\/section><\/div><div class=\"flex_column av_one_full  flex_column_div av-zero-column-padding first  avia-builder-el-4  el_after_av_one_full  el_before_av_hr  column-top-margin\" style='border-radius:0px; '><section class=\"av_textblock_section \"  itemscope=\"itemscope\" itemtype=\"https:\/\/schema.org\/BlogPosting\" itemprop=\"blogPost\" ><div class='avia_textblock  '   itemprop=\"text\" ><p style=\"text-align: justify;\">El pasado viernes 5 de septiembre, en el auditorio del Complejo Policial Coyhaique, la C\u00e1mara de Comercio, Servicios, Industria y Turismo de Coyhaique convoc\u00f3 a comerciantes y representantes de la comunidad organizada para reunirse junto al Ministerio P\u00fablico, Polic\u00eda de Investigaciones, Carabineros, Municipalidad y Aduanas, generando una mesa de trabajo en torno a la seguridad del barrio comercial.<\/p>\n<p style=\"text-align: justify;\">Esta iniciativa, en la que participaron cerca de 30 representantes, busc\u00f3 ser un espacio de di\u00e1logo para compartir experiencias y buscar soluciones conjuntas para avanzar, generar alianzas y fortalecer la red de apoyo que permita que el comercio se desarrolle en un entorno protegido.<\/p>\n<p style=\"text-align: justify;\">Bajo la tem\u00e1tica \u201cDenuncias y rol de las instituciones p\u00fablicas en temas de investigaci\u00f3n y prevenci\u00f3n\u201d, cada una de las instituciones participantes respondi\u00f3 una pregunta para abordar las materias desde su \u00e1rea de intervenci\u00f3n.<\/p>\n<p style=\"text-align: justify;\">Sobre esta actividad en beneficio de la seguridad p\u00fablica, Daissy Mondelo Duhalde, presidenta de la C\u00e1mara de Comercio de Coyhaique, se\u00f1al\u00f3 que \u201cfue una instancia para conversar sobre c\u00f3mo denunciar y por qu\u00e9 es tan necesario denunciar para prevenir y detener esta ola de delitos que est\u00e1n ocurriendo no tan solamente en el sector del comercio y turismo, sino tambi\u00e9n a nuestros vecinos\u201d.<\/p>\n<p style=\"text-align: justify;\">El fiscal jefe subrogante de Coyhaique, Luis Conteras Alfaro, especific\u00f3 que la acci\u00f3n del Ministerio P\u00fablico ocurre despu\u00e9s de que se comete el delito, en ese sentido, \u201cnos interesa sobre todo la posibilidad de contar con una denuncia oportuna y la recopilaci\u00f3n de evidencias a trav\u00e9s de c\u00e1maras, testimonios y los diferentes medios de prueba para logar que las personas que cometen delitos reciban el castigo que les corresponde\u201d, resalt\u00f3 el fiscal.<\/p>\n<p style=\"text-align: justify;\">Desde la vereda de las polic\u00edas, el jefe de la Brigada Investigadora de Robos Coyhaique, comisario Felipe Vald\u00e9s D\u00edaz, indic\u00f3 que \u201cesta actividad surge de una inquietud que eleva la C\u00e1mara de Comercio en cuanto a los delitos que son v\u00edctimas de los diferentes locatarios ac\u00e1 en la ciudad de Coyhaique, principalmente, delitos de robo y hurto. Logramos generar lazos de trabajo ante las demandas ciudadanas e incentivar el llamado a denunciar, porque de esa forma podemos elevar la investigaci\u00f3n y generar respuestas oportunas para la ciudadan\u00eda\u201d.<\/p>\n<p style=\"text-align: justify;\">Por su parte, jefe de la 1\u00aa Comisar\u00eda de Carabineros de Coyhaique, Mayor Sebasti\u00e1n Casanueva Casanueva, coment\u00f3 que \u201cdar a conocer la importancia de la denuncia permite a Carabineros focalizar y georreferenciar los delitos, desplegando el recurso humano y el recurso log\u00edstico donde se est\u00e1n viendo afectadas las personas. La verdad que es muy importante en primera instancia para un rol preventivo y en segunda instancia para la persecuci\u00f3n penal. Nuestro llamado a cada comerciante que sea v\u00edctima de un delito es a denunciar\u201d.<\/p>\n<p style=\"text-align: justify;\">En cuanto a la fiscalizaci\u00f3n, Manuel Barraza Catal\u00e1n, Jefe del Departamento de Control de Tr\u00e1fico Il\u00edcito de la Direcci\u00f3n Regional de Aduanas, puntualiz\u00f3 que como organismo llamado a fiscalizar el comercio, \u201chacemos un llamado a realizar las denuncias correspondientes con el fin de que nosotros podamos tomar medidas de fiscalizaci\u00f3n y poder seguir a las personas que est\u00e1n delinquiendo con denuncias por contrabando para poder desincentivar este tipo de delitos que realmente perjudican al comercio local y a la comunidad\u201d.<\/p>\n<p style=\"text-align: justify;\">Finalmente, desde la Municipalidad de Coyhaique, el director de Seguridad P\u00fablica, Jorge Risco Zurita, destac\u00f3 que \u201cfue una muy buena instancia para conversar sobre la seguridad en el comercio en la ciudad de Coyhaique. Agradecemos a la PDI por acoger esta solicitud y organizar esta tremenda convocatoria que hubo entre el Ministerio P\u00fablico, las polic\u00edas, Aduanas y la Municipalidad de Coyhaique. Para nosotros es muy relevante que los comerciantes puedan saber los canales de denuncia para llegar, efectivamente, a atrapar a las personas que cometen tanto incivilidades como delitos para que se les pueda perseguir penalmente\u201d.<\/p>\n<p style=\"text-align: justify;\">Desde la institucionalidad presente en esta actividad, se reforz\u00f3 la preocupaci\u00f3n sobre c\u00f3mo lograr que el comercio local pueda desarrollarse en un entorno seguro, ya que la seguridad no solo afecta la tranquilidad de las calles, sino tambi\u00e9n la confianza de los emprendedores, comerciantes y consumidores, siendo una responsabilidad de las autoridades y una tarea compartida que colaboraci\u00f3n constante entre el sector p\u00fablico, privado y la ciudadan\u00eda, en beneficio de toda la comunidad.<\/p>\n<\/div><\/section><\/div><div  style='height:50px' class='hr hr-invisible   avia-builder-el-6  el_after_av_one_full  el_before_av_social_share '><span class='hr-inner ' ><span class='hr-inner-style'><\/span><\/span><\/div><\/p>\n<div  class='av-social-sharing-box  avia-builder-el-7  el_after_av_hr  el_before_av_hr  '><div class='av-share-box'><h5 class='av-share-link-description av-no-toc '>Compartir esta noticia<\/h5><ul class='av-share-box-list noLightbox'><li class='av-share-link av-social-link-facebook' ><a target=\"_blank\" aria-label=\"Compartir en Facebook\" href='https:\/\/www.facebook.com\/sharer.php?u=https:\/\/radiorevelacionfm.cl\/?p=58902&#038;t=Conversatorio%20Comercio%20y%20Seguridad%3A%20instituciones%20realizan%20llamado%20a%20denunciar%20delitos' aria-hidden='false' data-av_icon='\ue8f3' data-av_iconfont='entypo-fontello' title='' data-avia-related-tooltip='Compartir en Facebook' rel=\"noopener\"><span class='avia_hidden_link_text'>Compartir en Facebook<\/span><\/a><\/li><li class='av-share-link av-social-link-twitter' ><a target=\"_blank\" aria-label=\"Compartir en Twitter\" href='https:\/\/twitter.com\/share?text=Conversatorio%20Comercio%20y%20Seguridad%3A%20instituciones%20realizan%20llamado%20a%20denunciar%20delitos&#038;url=https:\/\/radiorevelacionfm.cl\/?p=58902' aria-hidden='false' data-av_icon='\ue8f1' data-av_iconfont='entypo-fontello' title='' data-avia-related-tooltip='Compartir en Twitter' rel=\"noopener\"><span class='avia_hidden_link_text'>Compartir en Twitter<\/span><\/a><\/li><li class='av-share-link av-social-link-whatsapp' ><a target=\"_blank\" aria-label=\"Compartir en Whatsapp\" href='https:\/\/api.whatsapp.com\/send?text=https:\/\/radiorevelacionfm.cl\/?p=58902' aria-hidden='false' data-av_icon='\uf232' data-av_iconfont='entypo-fontello' title='' data-avia-related-tooltip='Compartir en Whatsapp' rel=\"noopener\"><span class='avia_hidden_link_text'>Compartir en Whatsapp<\/span><\/a><\/li><li class='av-share-link av-social-link-linkedin' ><a target=\"_blank\" aria-label=\"Compartir en LinkedIn\" href='https:\/\/linkedin.com\/shareArticle?mini=true&#038;title=Conversatorio%20Comercio%20y%20Seguridad%3A%20instituciones%20realizan%20llamado%20a%20denunciar%20delitos&#038;url=https:\/\/radiorevelacionfm.cl\/?p=58902' aria-hidden='false' data-av_icon='\ue8fc' data-av_iconfont='entypo-fontello' title='' data-avia-related-tooltip='Compartir en LinkedIn' rel=\"noopener\"><span class='avia_hidden_link_text'>Compartir en LinkedIn<\/span><\/a><\/li><li class='av-share-link av-social-link-mail' ><a  aria-label=\"Compartir por correo\" href='mailto:?subject=Conversatorio%20Comercio%20y%20Seguridad%3A%20instituciones%20realizan%20llamado%20a%20denunciar%20delitos&#038;body=https:\/\/radiorevelacionfm.cl\/?p=58902' aria-hidden='false' data-av_icon='\ue805' data-av_iconfont='entypo-fontello' title='' data-avia-related-tooltip='Compartir por correo'><span class='avia_hidden_link_text'>Compartir por correo<\/span><\/a><\/li><\/ul><\/div><\/div>\n<div  style='height:50px' class='hr hr-invisible   avia-builder-el-8  el_after_av_social_share  el_before_av_comments_list '><span class='hr-inner ' ><span class='hr-inner-style'><\/span><\/span><\/div>\n<div  class='av-buildercomment  av-blog-meta-html-info-disabled av-blog-meta-tag-disabled  '><\/div>\n","protected":false},"excerpt":{"rendered":"","protected":false},"author":1,"featured_media":58903,"comment_status":"closed","ping_status":"closed","sticky":false,"template":"","format":"standard","meta":{"footnotes":""},"categories":[36],"tags":[],"class_list":["post-58902","post","type-post","status-publish","format-standard","has-post-thumbnail","hentry","category-policial"],"jetpack_featured_media_url":"https:\/\/radiorevelacionfm.cl\/wp-content\/uploads\/2025\/09\/whatsapp-image-2025-09-05-at-11_optimized.48.09-am-1.jpeg","_links":{"self":[{"href":"https:\/\/radiorevelacionfm.cl\/index.php?rest_route=\/wp\/v2\/posts\/58902","targetHints":{"allow":["GET"]}}],"collection":[{"href":"https:\/\/radiorevelacionfm.cl\/index.php?rest_route=\/wp\/v2\/posts"}],"about":[{"href":"https:\/\/radiorevelacionfm.cl\/index.php?rest_route=\/wp\/v2\/types\/post"}],"author":[{"embeddable":true,"href":"https:\/\/radiorevelacionfm.cl\/index.php?rest_route=\/wp\/v2\/users\/1"}],"replies":[{"embeddable":true,"href":"https:\/\/radiorevelacionfm.cl\/index.php?rest_route=%2Fwp%2Fv2%2Fcomments&post=58902"}],"version-history":[{"count":2,"href":"https:\/\/radiorevelacionfm.cl\/index.php?rest_route=\/wp\/v2\/posts\/58902\/revisions"}],"predecessor-version":[{"id":58905,"href":"https:\/\/radiorevelacionfm.cl\/index.php?rest_route=\/wp\/v2\/posts\/58902\/revisions\/58905"}],"wp:featuredmedia":[{"embeddable":true,"href":"https:\/\/radiorevelacionfm.cl\/index.php?rest_route=\/wp\/v2\/media\/58903"}],"wp:attachment":[{"href":"https:\/\/radiorevelacionfm.cl\/index.php?rest_route=%2Fwp%2Fv2%2Fmedia&parent=58902"}],"wp:term":[{"taxonomy":"category","embeddable":true,"href":"https:\/\/radiorevelacionfm.cl\/index.php?rest_route=%2Fwp%2Fv2%2Fcategories&post=58902"},{"taxonomy":"post_tag","embeddable":true,"href":"https:\/\/radiorevelacionfm.cl\/index.php?rest_route=%2Fwp%2Fv2%2Ftags&post=58902"}],"curies":[{"name":"wp","href":"https:\/\/api.w.org\/{rel}","templated":true}]}}