{"id":58897,"date":"2025-09-09T10:18:04","date_gmt":"2025-09-09T13:18:04","guid":{"rendered":"https:\/\/radiorevelacionfm.cl\/?p=58897"},"modified":"2025-09-09T10:18:04","modified_gmt":"2025-09-09T13:18:04","slug":"entregan-medidas-preventivas-a-la-comunidad-para-celebrar-fiestas-patrias-de-manera-segura","status":"publish","type":"post","link":"https:\/\/radiorevelacionfm.cl\/?p=58897","title":{"rendered":"Entregan medidas preventivas a la comunidad para celebrar Fiestas Patrias de manera segura"},"content":{"rendered":"<div class=\"flex_column av_one_full  flex_column_div av-zero-column-padding first  avia-builder-el-0  el_before_av_one_full  avia-builder-el-first  \" style='border-radius:0px; '><div  class='avia-image-container  av-styling-    avia-builder-el-1  avia-builder-el-no-sibling  avia-align-center '  itemprop=\"image\" itemscope=\"itemscope\" itemtype=\"https:\/\/schema.org\/ImageObject\"  ><div class='avia-image-container-inner'><div class='avia-image-overlay-wrap'><img decoding=\"async\" class='wp-image-58898 avia-img-lazy-loading-not-58898 avia_image' src=\"https:\/\/radiorevelacionfm.cl\/wp-content\/uploads\/2025\/09\/foto-punto-de-prensa-18-seguro-1-1_optimized-1.jpeg\" alt='' title='foto-punto-de-prensa-18-seguro-(1)-(1)_optimized (1)' height=\"600\" width=\"1067\"  itemprop=\"thumbnailUrl\" srcset=\"https:\/\/radiorevelacionfm.cl\/wp-content\/uploads\/2025\/09\/foto-punto-de-prensa-18-seguro-1-1_optimized-1.jpeg 1067w, https:\/\/radiorevelacionfm.cl\/wp-content\/uploads\/2025\/09\/foto-punto-de-prensa-18-seguro-1-1_optimized-1-300x169.jpeg 300w, https:\/\/radiorevelacionfm.cl\/wp-content\/uploads\/2025\/09\/foto-punto-de-prensa-18-seguro-1-1_optimized-1-1030x579.jpeg 1030w, https:\/\/radiorevelacionfm.cl\/wp-content\/uploads\/2025\/09\/foto-punto-de-prensa-18-seguro-1-1_optimized-1-768x432.jpeg 768w, https:\/\/radiorevelacionfm.cl\/wp-content\/uploads\/2025\/09\/foto-punto-de-prensa-18-seguro-1-1_optimized-1-705x396.jpeg 705w, https:\/\/radiorevelacionfm.cl\/wp-content\/uploads\/2025\/09\/foto-punto-de-prensa-18-seguro-1-1_optimized-1-450x253.jpeg 450w, https:\/\/radiorevelacionfm.cl\/wp-content\/uploads\/2025\/09\/foto-punto-de-prensa-18-seguro-1-1_optimized-1-600x337.jpeg 600w\" sizes=\"(max-width: 1067px) 100vw, 1067px\" \/><\/div><\/div><\/div><\/div><div class=\"flex_column av_one_full  flex_column_div av-zero-column-padding first  avia-builder-el-2  el_after_av_one_full  el_before_av_one_full  column-top-margin\" style='border-radius:0px; '><section class=\"av_textblock_section \"  itemscope=\"itemscope\" itemtype=\"https:\/\/schema.org\/BlogPosting\" itemprop=\"blogPost\" ><div class='avia_textblock  '   itemprop=\"text\" ><p style=\"text-align: center;\"><strong><span style=\"font-size: 18pt;\">Entregan medidas preventivas a la comunidad para celebrar Fiestas Patrias de manera segura<\/span><\/strong><\/p>\n<div id=\"gtx-trans\" style=\"position: absolute; left: -50px; top: 4.31534px;\">\n<div class=\"gtx-trans-icon\"><\/div>\n<\/div>\n<\/div><\/section><\/div><div class=\"flex_column av_one_full  flex_column_div av-zero-column-padding first  avia-builder-el-4  el_after_av_one_full  el_before_av_hr  column-top-margin\" style='border-radius:0px; '><section class=\"av_textblock_section \"  itemscope=\"itemscope\" itemtype=\"https:\/\/schema.org\/BlogPosting\" itemprop=\"blogPost\" ><div class='avia_textblock  '   itemprop=\"text\" ><p style=\"text-align: justify;\">Durante la ma\u00f1ana de este lunes, el Delegado Presidencial Regional, Jorge D\u00edaz Guzm\u00e1n, junto a Seremis y Directores de diferentes servicios p\u00fablicos, encabez\u00f3 un punto de prensa preventivo, orientado a informar a la comunidad sobre las medidas implementadas para celebrar fiestas patrias de manera segura.<\/p>\n<p style=\"text-align: justify;\">El Delegado Presidencial indic\u00f3: \u201cHa sido un trabajo de coordinaci\u00f3n que hemos venido haciendo y tiene que ver precisamente con hacer un llamado a la comunidad para tener un 18 seguro. Eso significa que toda la institucionalidad del Estado en la regi\u00f3n de Ays\u00e9n est\u00e1 activada para poder, por una parte, prever, por otra parte, fiscalizar, por otra parte, acompa\u00f1ar a las familias que van a disfrutar de este fin de semana largo que se aproxima. Lo que queremos es tomar todas las medidas que sean posibles para evitar accidentes, para evitar intoxicaciones alimentarias, para evitar el tr\u00e1fico de sustancias que no queremos que lleguen a la regi\u00f3n\u201d.<\/p>\n<p style=\"text-align: justify;\">El llamado al autocuidado fue reforzado por la Seremi de Salud, Gloria \u00c1guila, quien se\u00f1al\u00f3 \u201cNosotros como SEREMI del sector salud, estamos fiscalizando todas las cociner\u00edas, las carnicer\u00edas, desde hace un tiempo. Esto es un reforzamiento para nosotros en la fiscalizaci\u00f3n. Entonces, solamente llamar al autocuidado\u201d.<\/p>\n<p style=\"text-align: justify;\">Por otra parte, Mar\u00eda Victoria Contreras, Directora del Servicio Nacional para la Prevenci\u00f3n y Rehabilitaci\u00f3n del Consumo de Drogas y Alcohol aprovech\u00f3 la instancia para recordar la campa\u00f1a \u201cEl Otro Plan\u201d, que invita a planificar las celebraciones, resguardar la seguridad y promover conductas responsables \u201cSabemos que durante este fin de semana, durante estas Fiestas Patrias, vamos a tener muchos planes. Pero el plan m\u00e1s importante es cuidarnos. Hacemos un llamado al autocuidado, tenemos algunas recomendaciones, como por ejemplo, tal cual como organizamos, qui\u00e9n va a llevar la carne al asado, qui\u00e9n va a llevar los distintos elementos necesarios para poder compartir. Tambi\u00e9n debemos definir qui\u00e9n va a ser el conductor designado, si es que va a haber consumo de alcohol. Recordemos que el consumo de alcohol y la conducci\u00f3n son conductas absolutamente incompatibles. Vamos a estar reforzando la labor que tambi\u00e9n realiza Carabineros mediante los controles en el marco del programa Tolerancia Cero\u201d.<\/p>\n<p style=\"text-align: justify;\">Esto fue complementado por la Seremi de Seguridad P\u00fablica, Ruth Vallejos, qui\u00e9n indic\u00f3 que se ha iniciado un importante despliegue en la regi\u00f3n, comenzando en Caleta Yungay y abarcando localidades como Tortel y Cochrane, con el objetivo de fortalecer la prevenci\u00f3n del delito y garantizar la presencia activa del Estado en el territorio. Este trabajo se ha materializado a trav\u00e9s de un operativo preventivo liderado por ambas polic\u00edas, con el apoyo de la Aduana, el Servicio de Impuestos Internos y la Polic\u00eda Mar\u00edtima. Las inspecciones se extender\u00e1n durante todo el mes, intensific\u00e1ndose progresivamente, como una se\u00f1al de un Estado comprometido con la seguridad ciudadana. En ese marco, se ha recordado la disponibilidad permanente del n\u00famero *4242 para denunciar cualquier delito o conducta incivil, junto con los canales habituales de contacto con las polic\u00edas, reforzando as\u00ed el llamado a la corresponsabilidad en materia de seguridad.<\/p>\n<p style=\"text-align: justify;\">Finalmente, el Seremi (S) del Trabajo y Previsi\u00f3n Social, Rodrigo D\u00edaz Cordaro, se refiri\u00f3 al feriado irrenunciable y obligatorio para los trabajadores del comercio, \u201cEl llamado es que este 18 y 19 de septiembre es un feriado irrenunciable para el comercio. Los locales que pueden abrir, que tengan la precauci\u00f3n que el trabajador o trabajadora que trabaj\u00f3 el a\u00f1o pasado, no puede trabajar este a\u00f1o. Hacemos el llamado a que lo hagan bien, no nos interesa multar, pero vamos a estar fiscalizando en tiempo real. As\u00ed que un llamado a disfrutar y a que nos cuidemos\u201d. Para realizar consultar y realizar denuncias, se puede ingresar al sitio de la Direcci\u00f3n del Trabajo www.dt.gob.cl o llamar al call center 600 450 4000.<\/p>\n<\/div><\/section><\/div><div  style='height:50px' class='hr hr-invisible   avia-builder-el-6  el_after_av_one_full  el_before_av_social_share '><span class='hr-inner ' ><span class='hr-inner-style'><\/span><\/span><\/div><\/p>\n<div  class='av-social-sharing-box  avia-builder-el-7  el_after_av_hr  el_before_av_hr  '><div class='av-share-box'><h5 class='av-share-link-description av-no-toc '>Compartir esta noticia<\/h5><ul class='av-share-box-list noLightbox'><li class='av-share-link av-social-link-facebook' ><a target=\"_blank\" aria-label=\"Compartir en Facebook\" href='https:\/\/www.facebook.com\/sharer.php?u=https:\/\/radiorevelacionfm.cl\/?p=58897&#038;t=Entregan%20medidas%20preventivas%20a%20la%20comunidad%20para%20celebrar%20Fiestas%20Patrias%20de%20manera%20segura' aria-hidden='false' data-av_icon='\ue8f3' data-av_iconfont='entypo-fontello' title='' data-avia-related-tooltip='Compartir en Facebook' rel=\"noopener\"><span class='avia_hidden_link_text'>Compartir en Facebook<\/span><\/a><\/li><li class='av-share-link av-social-link-twitter' ><a target=\"_blank\" aria-label=\"Compartir en Twitter\" href='https:\/\/twitter.com\/share?text=Entregan%20medidas%20preventivas%20a%20la%20comunidad%20para%20celebrar%20Fiestas%20Patrias%20de%20manera%20segura&#038;url=https:\/\/radiorevelacionfm.cl\/?p=58897' aria-hidden='false' data-av_icon='\ue8f1' data-av_iconfont='entypo-fontello' title='' data-avia-related-tooltip='Compartir en Twitter' rel=\"noopener\"><span class='avia_hidden_link_text'>Compartir en Twitter<\/span><\/a><\/li><li class='av-share-link av-social-link-whatsapp' ><a target=\"_blank\" aria-label=\"Compartir en Whatsapp\" href='https:\/\/api.whatsapp.com\/send?text=https:\/\/radiorevelacionfm.cl\/?p=58897' aria-hidden='false' data-av_icon='\uf232' data-av_iconfont='entypo-fontello' title='' data-avia-related-tooltip='Compartir en Whatsapp' rel=\"noopener\"><span class='avia_hidden_link_text'>Compartir en Whatsapp<\/span><\/a><\/li><li class='av-share-link av-social-link-linkedin' ><a target=\"_blank\" aria-label=\"Compartir en LinkedIn\" href='https:\/\/linkedin.com\/shareArticle?mini=true&#038;title=Entregan%20medidas%20preventivas%20a%20la%20comunidad%20para%20celebrar%20Fiestas%20Patrias%20de%20manera%20segura&#038;url=https:\/\/radiorevelacionfm.cl\/?p=58897' aria-hidden='false' data-av_icon='\ue8fc' data-av_iconfont='entypo-fontello' title='' data-avia-related-tooltip='Compartir en LinkedIn' rel=\"noopener\"><span class='avia_hidden_link_text'>Compartir en LinkedIn<\/span><\/a><\/li><li class='av-share-link av-social-link-mail' ><a  aria-label=\"Compartir por correo\" href='mailto:?subject=Entregan%20medidas%20preventivas%20a%20la%20comunidad%20para%20celebrar%20Fiestas%20Patrias%20de%20manera%20segura&#038;body=https:\/\/radiorevelacionfm.cl\/?p=58897' aria-hidden='false' data-av_icon='\ue805' data-av_iconfont='entypo-fontello' title='' data-avia-related-tooltip='Compartir por correo'><span class='avia_hidden_link_text'>Compartir por correo<\/span><\/a><\/li><\/ul><\/div><\/div>\n<div  style='height:50px' class='hr hr-invisible   avia-builder-el-8  el_after_av_social_share  el_before_av_comments_list '><span class='hr-inner ' ><span class='hr-inner-style'><\/span><\/span><\/div>\n<div  class='av-buildercomment  av-blog-meta-html-info-disabled av-blog-meta-tag-disabled  '><\/div>\n","protected":false},"excerpt":{"rendered":"","protected":false},"author":1,"featured_media":58898,"comment_status":"closed","ping_status":"closed","sticky":false,"template":"","format":"standard","meta":{"footnotes":""},"categories":[38],"tags":[],"class_list":["post-58897","post","type-post","status-publish","format-standard","has-post-thumbnail","hentry","category-regional"],"jetpack_featured_media_url":"https:\/\/radiorevelacionfm.cl\/wp-content\/uploads\/2025\/09\/foto-punto-de-prensa-18-seguro-1-1_optimized-1.jpeg","_links":{"self":[{"href":"https:\/\/radiorevelacionfm.cl\/index.php?rest_route=\/wp\/v2\/posts\/58897","targetHints":{"allow":["GET"]}}],"collection":[{"href":"https:\/\/radiorevelacionfm.cl\/index.php?rest_route=\/wp\/v2\/posts"}],"about":[{"href":"https:\/\/radiorevelacionfm.cl\/index.php?rest_route=\/wp\/v2\/types\/post"}],"author":[{"embeddable":true,"href":"https:\/\/radiorevelacionfm.cl\/index.php?rest_route=\/wp\/v2\/users\/1"}],"replies":[{"embeddable":true,"href":"https:\/\/radiorevelacionfm.cl\/index.php?rest_route=%2Fwp%2Fv2%2Fcomments&post=58897"}],"version-history":[{"count":2,"href":"https:\/\/radiorevelacionfm.cl\/index.php?rest_route=\/wp\/v2\/posts\/58897\/revisions"}],"predecessor-version":[{"id":58901,"href":"https:\/\/radiorevelacionfm.cl\/index.php?rest_route=\/wp\/v2\/posts\/58897\/revisions\/58901"}],"wp:featuredmedia":[{"embeddable":true,"href":"https:\/\/radiorevelacionfm.cl\/index.php?rest_route=\/wp\/v2\/media\/58898"}],"wp:attachment":[{"href":"https:\/\/radiorevelacionfm.cl\/index.php?rest_route=%2Fwp%2Fv2%2Fmedia&parent=58897"}],"wp:term":[{"taxonomy":"category","embeddable":true,"href":"https:\/\/radiorevelacionfm.cl\/index.php?rest_route=%2Fwp%2Fv2%2Fcategories&post=58897"},{"taxonomy":"post_tag","embeddable":true,"href":"https:\/\/radiorevelacionfm.cl\/index.php?rest_route=%2Fwp%2Fv2%2Ftags&post=58897"}],"curies":[{"name":"wp","href":"https:\/\/api.w.org\/{rel}","templated":true}]}}