{"id":58894,"date":"2025-09-09T09:46:52","date_gmt":"2025-09-09T12:46:52","guid":{"rendered":"https:\/\/radiorevelacionfm.cl\/?p=58894"},"modified":"2025-09-09T09:46:52","modified_gmt":"2025-09-09T12:46:52","slug":"colegios-de-coyhaique-conmemoraron-el-dia-de-la-mujer-indigena-en-la-ruka-de-alto-baguales","status":"publish","type":"post","link":"https:\/\/radiorevelacionfm.cl\/?p=58894","title":{"rendered":"Colegios de Coyhaique conmemoraron el D\u00eda de la Mujer Ind\u00edgena en la Ruka de Alto Baguales"},"content":{"rendered":"<div class=\"flex_column av_one_full  flex_column_div av-zero-column-padding first  avia-builder-el-0  el_before_av_one_full  avia-builder-el-first  \" style='border-radius:0px; '><div  class='avia-image-container  av-styling-    avia-builder-el-1  avia-builder-el-no-sibling  avia-align-center '  itemprop=\"image\" itemscope=\"itemscope\" itemtype=\"https:\/\/schema.org\/ImageObject\"  ><div class='avia-image-container-inner'><div class='avia-image-overlay-wrap'><img decoding=\"async\" class='wp-image-58895 avia-img-lazy-loading-not-58895 avia_image' src=\"https:\/\/radiorevelacionfm.cl\/wp-content\/uploads\/2025\/09\/palin-1_optimized-1-1.jpg\" alt='' title='pal\u00edn-(1)_optimized (1) (1)' height=\"600\" width=\"815\"  itemprop=\"thumbnailUrl\" srcset=\"https:\/\/radiorevelacionfm.cl\/wp-content\/uploads\/2025\/09\/palin-1_optimized-1-1.jpg 815w, https:\/\/radiorevelacionfm.cl\/wp-content\/uploads\/2025\/09\/palin-1_optimized-1-1-300x221.jpg 300w, https:\/\/radiorevelacionfm.cl\/wp-content\/uploads\/2025\/09\/palin-1_optimized-1-1-768x565.jpg 768w, https:\/\/radiorevelacionfm.cl\/wp-content\/uploads\/2025\/09\/palin-1_optimized-1-1-705x519.jpg 705w, https:\/\/radiorevelacionfm.cl\/wp-content\/uploads\/2025\/09\/palin-1_optimized-1-1-450x331.jpg 450w, https:\/\/radiorevelacionfm.cl\/wp-content\/uploads\/2025\/09\/palin-1_optimized-1-1-600x442.jpg 600w\" sizes=\"(max-width: 815px) 100vw, 815px\" \/><\/div><\/div><\/div><\/div><div class=\"flex_column av_one_full  flex_column_div av-zero-column-padding first  avia-builder-el-2  el_after_av_one_full  el_before_av_one_full  column-top-margin\" style='border-radius:0px; '><section class=\"av_textblock_section \"  itemscope=\"itemscope\" itemtype=\"https:\/\/schema.org\/BlogPosting\" itemprop=\"blogPost\" ><div class='avia_textblock  '   itemprop=\"text\" ><p style=\"text-align: center;\"><span style=\"font-size: 18pt;\"><b>Colegios de Coyhaique conmemoraron el D\u00eda de la Mujer Ind\u00edgena en la Ruka de Alto Baguales<\/b><\/span><\/p>\n<div id=\"gtx-trans\" style=\"position: absolute; left: -50px; top: 4.31534px;\">\n<div class=\"gtx-trans-icon\"><\/div>\n<\/div>\n<\/div><\/section><\/div><div class=\"flex_column av_one_full  flex_column_div av-zero-column-padding first  avia-builder-el-4  el_after_av_one_full  el_before_av_hr  column-top-margin\" style='border-radius:0px; '><section class=\"av_textblock_section \"  itemscope=\"itemscope\" itemtype=\"https:\/\/schema.org\/BlogPosting\" itemprop=\"blogPost\" ><div class='avia_textblock  '   itemprop=\"text\" ><p style=\"font-weight: 400; text-align: justify;\"><em>Autoridades, educadoras tradicionales, estudiantes y docentes participaron en una jornada intercultural para reconocer el legado de las mujeres de los pueblos originarios.<\/em><\/p>\n<p style=\"font-weight: 400; text-align: justify;\">En la Ruka Mapuche de Alto Baguales en Coyhaique se realiz\u00f3 el viernes 05 la conmemoraci\u00f3n del D\u00eda de la Mujer Ind\u00edgena, una jornada que reuni\u00f3 a autoridades de gobierno, equipos directivos, docentes y estudiantes de diversos establecimientos de la comuna. La actividad cont\u00f3 con la presencia de la Jefa del Departamento Provincial Coyhaique, Michelle Grandona, y puso en el centro el rol de las mujeres ind\u00edgenas como portadoras de lengua, cultura y memoria.<\/p>\n<p style=\"font-weight: 400; text-align: justify;\">Durante el encuentro se desarrollaron espacios de di\u00e1logo y actividades culturales y pedag\u00f3gicas orientadas a fortalecer la educaci\u00f3n intercultural y la valoraci\u00f3n de la diversidad. En la instancia participaron delegaciones del Colegio Alianza Austral, Escuela Valle Simpson, Liceo Emblem\u00e1tico Josefina Aguirre, Escuela Pedro Quintana y Escuela Ribera Sur, entre otros establecimientos.<\/p>\n<p style=\"font-weight: 400; text-align: justify;\">La Jefa del Departamento Provincial de Educaci\u00f3n resalt\u00f3 el valor educativo y comunitario de la jornada y especialmente la activa y entusiasta participaci\u00f3n de las y los estudiantes.<\/p>\n<p style=\"font-weight: 400; text-align: justify;\"><strong>Se anuncia concurso escolar en el marco de la conmemoraci\u00f3n<\/strong><\/p>\n<p style=\"font-weight: 400; text-align: justify;\">En la ocasi\u00f3n, se lanz\u00f3 la convocatoria \u201cBases del Concurso en el marco del D\u00eda de la Mujer Ind\u00edgena y de los Pueblos Originarios\u201d, dirigida a estudiantes de educaci\u00f3n b\u00e1sica de la comuna:<\/p>\n<p style=\"font-weight: 400; text-align: justify;\">1) Concurso de Dibujo<\/p>\n<ul style=\"font-weight: 400; text-align: justify;\">\n<li>Dirigido a: estudiantes de primer ciclo b\u00e1sico (1\u00b0 a 4\u00b0).<\/li>\n<li>Tema: \u201cLa mujer ind\u00edgena y su aporte a la cultura de los pueblos originarios\u201d.<\/li>\n<li>Materiales: hoja, l\u00e1pices de colores y grafito.<\/li>\n<li>Entrega: dibujos individuales con nombre, curso y establecimiento.<\/li>\n<\/ul>\n<p style=\"font-weight: 400; text-align: justify;\">2) Concurso de Cuento Breve<\/p>\n<ul style=\"font-weight: 400; text-align: justify;\">\n<li>Dirigido a: estudiantes de segundo ciclo b\u00e1sico (5\u00b0 a 8\u00b0).<\/li>\n<li>Tema: \u201cReflexiones sobre la mujer ind\u00edgena y los pueblos originarios en mi comunidad\u201d.<\/li>\n<li>Extensi\u00f3n: m\u00e1ximo 1 plana.<\/li>\n<li>Entrega: cuento con datos de autor\/a, curso y establecimiento.<\/li>\n<\/ul>\n<p style=\"font-weight: 400; text-align: justify;\">Plazo de recepci\u00f3n: 03 de octubre de 2025. Recepci\u00f3n o consultas: a trav\u00e9s de la al correo\u00a0<a href=\"mailto:miguel.rojas@mineduc.cl\">miguel.rojas@mineduc.cl<\/a><br \/>\nLa premiaci\u00f3n y la exhibici\u00f3n de obras seleccionadas se comunicar\u00e1n oportunamente por canales institucionales.<\/p>\n<p style=\"font-weight: 400; text-align: justify;\">La organizaci\u00f3n destac\u00f3 el compromiso de las comunidades escolares y de las instituciones que colaboraron para concretar el encuentro, as\u00ed como la alta participaci\u00f3n estudiantil. Tambi\u00e9n se subray\u00f3 la importancia de proyectar estas acciones a lo largo del a\u00f1o escolar mediante iniciativas de aula y v\u00ednculos permanentes con sabias y educadoras tradicionales del territorio.<\/p>\n<\/div><\/section><\/div><div  style='height:50px' class='hr hr-invisible   avia-builder-el-6  el_after_av_one_full  el_before_av_social_share '><span class='hr-inner ' ><span class='hr-inner-style'><\/span><\/span><\/div><\/p>\n<div  class='av-social-sharing-box  avia-builder-el-7  el_after_av_hr  el_before_av_hr  '><div class='av-share-box'><h5 class='av-share-link-description av-no-toc '>Compartir esta noticia<\/h5><ul class='av-share-box-list noLightbox'><li class='av-share-link av-social-link-facebook' ><a target=\"_blank\" aria-label=\"Compartir en Facebook\" href='https:\/\/www.facebook.com\/sharer.php?u=https:\/\/radiorevelacionfm.cl\/?p=58894&#038;t=Colegios%20de%20Coyhaique%20conmemoraron%20el%20D%C3%ADa%20de%20la%20Mujer%20Ind%C3%ADgena%20en%20la%20Ruka%20de%20Alto%20Baguales' aria-hidden='false' data-av_icon='\ue8f3' data-av_iconfont='entypo-fontello' title='' data-avia-related-tooltip='Compartir en Facebook' rel=\"noopener\"><span class='avia_hidden_link_text'>Compartir en Facebook<\/span><\/a><\/li><li class='av-share-link av-social-link-twitter' ><a target=\"_blank\" aria-label=\"Compartir en Twitter\" href='https:\/\/twitter.com\/share?text=Colegios%20de%20Coyhaique%20conmemoraron%20el%20D%C3%ADa%20de%20la%20Mujer%20Ind%C3%ADgena%20en%20la%20Ruka%20de%20Alto%20Baguales&#038;url=https:\/\/radiorevelacionfm.cl\/?p=58894' aria-hidden='false' data-av_icon='\ue8f1' data-av_iconfont='entypo-fontello' title='' data-avia-related-tooltip='Compartir en Twitter' rel=\"noopener\"><span class='avia_hidden_link_text'>Compartir en Twitter<\/span><\/a><\/li><li class='av-share-link av-social-link-whatsapp' ><a target=\"_blank\" aria-label=\"Compartir en Whatsapp\" href='https:\/\/api.whatsapp.com\/send?text=https:\/\/radiorevelacionfm.cl\/?p=58894' aria-hidden='false' data-av_icon='\uf232' data-av_iconfont='entypo-fontello' title='' data-avia-related-tooltip='Compartir en Whatsapp' rel=\"noopener\"><span class='avia_hidden_link_text'>Compartir en Whatsapp<\/span><\/a><\/li><li class='av-share-link av-social-link-linkedin' ><a target=\"_blank\" aria-label=\"Compartir en LinkedIn\" href='https:\/\/linkedin.com\/shareArticle?mini=true&#038;title=Colegios%20de%20Coyhaique%20conmemoraron%20el%20D%C3%ADa%20de%20la%20Mujer%20Ind%C3%ADgena%20en%20la%20Ruka%20de%20Alto%20Baguales&#038;url=https:\/\/radiorevelacionfm.cl\/?p=58894' aria-hidden='false' data-av_icon='\ue8fc' data-av_iconfont='entypo-fontello' title='' data-avia-related-tooltip='Compartir en LinkedIn' rel=\"noopener\"><span class='avia_hidden_link_text'>Compartir en LinkedIn<\/span><\/a><\/li><li class='av-share-link av-social-link-mail' ><a  aria-label=\"Compartir por correo\" href='mailto:?subject=Colegios%20de%20Coyhaique%20conmemoraron%20el%20D%C3%ADa%20de%20la%20Mujer%20Ind%C3%ADgena%20en%20la%20Ruka%20de%20Alto%20Baguales&#038;body=https:\/\/radiorevelacionfm.cl\/?p=58894' aria-hidden='false' data-av_icon='\ue805' data-av_iconfont='entypo-fontello' title='' data-avia-related-tooltip='Compartir por correo'><span class='avia_hidden_link_text'>Compartir por correo<\/span><\/a><\/li><\/ul><\/div><\/div>\n<div  style='height:50px' class='hr hr-invisible   avia-builder-el-8  el_after_av_social_share  el_before_av_comments_list '><span class='hr-inner ' ><span class='hr-inner-style'><\/span><\/span><\/div>\n<div  class='av-buildercomment  av-blog-meta-html-info-disabled av-blog-meta-tag-disabled  '><\/div>\n","protected":false},"excerpt":{"rendered":"","protected":false},"author":1,"featured_media":58895,"comment_status":"closed","ping_status":"closed","sticky":false,"template":"","format":"standard","meta":{"footnotes":""},"categories":[49],"tags":[],"class_list":["post-58894","post","type-post","status-publish","format-standard","has-post-thumbnail","hentry","category-educacion"],"jetpack_featured_media_url":"https:\/\/radiorevelacionfm.cl\/wp-content\/uploads\/2025\/09\/palin-1_optimized-1-1.jpg","_links":{"self":[{"href":"https:\/\/radiorevelacionfm.cl\/index.php?rest_route=\/wp\/v2\/posts\/58894","targetHints":{"allow":["GET"]}}],"collection":[{"href":"https:\/\/radiorevelacionfm.cl\/index.php?rest_route=\/wp\/v2\/posts"}],"about":[{"href":"https:\/\/radiorevelacionfm.cl\/index.php?rest_route=\/wp\/v2\/types\/post"}],"author":[{"embeddable":true,"href":"https:\/\/radiorevelacionfm.cl\/index.php?rest_route=\/wp\/v2\/users\/1"}],"replies":[{"embeddable":true,"href":"https:\/\/radiorevelacionfm.cl\/index.php?rest_route=%2Fwp%2Fv2%2Fcomments&post=58894"}],"version-history":[{"count":2,"href":"https:\/\/radiorevelacionfm.cl\/index.php?rest_route=\/wp\/v2\/posts\/58894\/revisions"}],"predecessor-version":[{"id":58900,"href":"https:\/\/radiorevelacionfm.cl\/index.php?rest_route=\/wp\/v2\/posts\/58894\/revisions\/58900"}],"wp:featuredmedia":[{"embeddable":true,"href":"https:\/\/radiorevelacionfm.cl\/index.php?rest_route=\/wp\/v2\/media\/58895"}],"wp:attachment":[{"href":"https:\/\/radiorevelacionfm.cl\/index.php?rest_route=%2Fwp%2Fv2%2Fmedia&parent=58894"}],"wp:term":[{"taxonomy":"category","embeddable":true,"href":"https:\/\/radiorevelacionfm.cl\/index.php?rest_route=%2Fwp%2Fv2%2Fcategories&post=58894"},{"taxonomy":"post_tag","embeddable":true,"href":"https:\/\/radiorevelacionfm.cl\/index.php?rest_route=%2Fwp%2Fv2%2Ftags&post=58894"}],"curies":[{"name":"wp","href":"https:\/\/api.w.org\/{rel}","templated":true}]}}