{"id":58890,"date":"2025-09-08T22:28:53","date_gmt":"2025-09-09T01:28:53","guid":{"rendered":"https:\/\/radiorevelacionfm.cl\/?p=58890"},"modified":"2025-09-08T22:28:53","modified_gmt":"2025-09-09T01:28:53","slug":"mtt-aysen-lanza-concurso-para-nueva-linea-de-taxis-colectivos-en-coyhaique","status":"publish","type":"post","link":"https:\/\/radiorevelacionfm.cl\/?p=58890","title":{"rendered":"MTT Ays\u00e9n lanza concurso para nueva l\u00ednea de taxis colectivos en Coyhaique"},"content":{"rendered":"<div class=\"flex_column av_one_full  flex_column_div av-zero-column-padding first  avia-builder-el-0  el_before_av_one_full  avia-builder-el-first  \" style='border-radius:0px; '><div  class='avia-image-container  av-styling-    avia-builder-el-1  avia-builder-el-no-sibling  avia-align-center '  itemprop=\"image\" itemscope=\"itemscope\" itemtype=\"https:\/\/schema.org\/ImageObject\"  ><div class='avia-image-container-inner'><div class='avia-image-overlay-wrap'><img decoding=\"async\" class='wp-image-58891 avia-img-lazy-loading-not-58891 avia_image' src=\"https:\/\/radiorevelacionfm.cl\/wp-content\/uploads\/2025\/09\/TXC_-COY-1-1.jpg\" alt='' title='TXC_ COY (1) (1)' height=\"600\" width=\"840\"  itemprop=\"thumbnailUrl\" srcset=\"https:\/\/radiorevelacionfm.cl\/wp-content\/uploads\/2025\/09\/TXC_-COY-1-1.jpg 840w, https:\/\/radiorevelacionfm.cl\/wp-content\/uploads\/2025\/09\/TXC_-COY-1-1-300x214.jpg 300w, https:\/\/radiorevelacionfm.cl\/wp-content\/uploads\/2025\/09\/TXC_-COY-1-1-768x549.jpg 768w, https:\/\/radiorevelacionfm.cl\/wp-content\/uploads\/2025\/09\/TXC_-COY-1-1-260x185.jpg 260w, https:\/\/radiorevelacionfm.cl\/wp-content\/uploads\/2025\/09\/TXC_-COY-1-1-705x504.jpg 705w, https:\/\/radiorevelacionfm.cl\/wp-content\/uploads\/2025\/09\/TXC_-COY-1-1-450x321.jpg 450w, https:\/\/radiorevelacionfm.cl\/wp-content\/uploads\/2025\/09\/TXC_-COY-1-1-600x429.jpg 600w\" sizes=\"(max-width: 840px) 100vw, 840px\" \/><\/div><\/div><\/div><\/div><div class=\"flex_column av_one_full  flex_column_div av-zero-column-padding first  avia-builder-el-2  el_after_av_one_full  el_before_av_one_full  column-top-margin\" style='border-radius:0px; '><section class=\"av_textblock_section \"  itemscope=\"itemscope\" itemtype=\"https:\/\/schema.org\/BlogPosting\" itemprop=\"blogPost\" ><div class='avia_textblock  '   itemprop=\"text\" ><p style=\"text-align: center;\"><span style=\"font-size: 18pt;\"><b>MTT Ays\u00e9n lanza concurso para nueva l\u00ednea de taxis colectivos en Coyhaique<\/b><\/span><\/p>\n<div id=\"gtx-trans\" style=\"position: absolute; left: -50px; top: 4.31534px;\">\n<div class=\"gtx-trans-icon\"><\/div>\n<\/div>\n<\/div><\/section><\/div><div class=\"flex_column av_one_full  flex_column_div av-zero-column-padding first  avia-builder-el-4  el_after_av_one_full  el_before_av_hr  column-top-margin\" style='border-radius:0px; '><section class=\"av_textblock_section \"  itemscope=\"itemscope\" itemtype=\"https:\/\/schema.org\/BlogPosting\" itemprop=\"blogPost\" ><div class='avia_textblock  '   itemprop=\"text\" ><ul>\n<li style=\"text-align: justify;\"><em>Desde el 8 de septiembre est\u00e1 vigente el llamado para una nueva l\u00ednea de taxis colect que estar\u00e1 integrada por 30 veh\u00edculos.<\/em><\/li>\n<li style=\"text-align: justify;\"><em>Trazado podr\u00e1 abarcar zonas residenciales de la ciudad en donde no llegan recorridos de transporte p\u00fablico, o bien resulta insuficiente. Por ejemplo: Villa Los Glaciares, Poblaci\u00f3n Marchant (interior), Quinta Burgos, Villa Estancia Austral, Avenida Divisadero, entre otras.<\/em><\/li>\n<\/ul>\n<p style=\"text-align: justify;\">Con el fin de resolver las necesidades de conectividad urbana para 9 sectores residenciales de Coyhaique, con escaso o nulo acceso a locomoci\u00f3n colectiva, el ministerio de Transportes y Telecomunicaciones (MTT) lanz\u00f3 un concurso p\u00fablico para conformar una nueva l\u00ednea de taxis colectivos en la capital regional, integrada por 30 veh\u00edculos.<\/p>\n<p style=\"text-align: justify;\">Si bien la Ley 21.286 suspendi\u00f3 la inscripci\u00f3n de taxis en el Registro Nacional de Servicios de Transporte de Pasajeros (RNSTP), el art\u00edculo 1\u00b0 de la normativa faculta la autorizaci\u00f3n de nuevas inscripciones\u00a0<em>\u201cen casos calificados t\u00e9cnicamente de acuerdo al reglamento, pueda autorizar nuevas inscripciones en el Registro Nacional de Servicios de Transporte de Pasajeros\u201d<\/em>. En este contexto y luego de un informe t\u00e9cnico que acredit\u00f3 lo expresado por vecinas y vecinos, a trav\u00e9s de participaciones ciudadanas con dirigencias de sectores que se encuentran afectados por la escasez de movilizaci\u00f3n.<\/p>\n<p style=\"text-align: justify;\">El \u00faltimo llamado de estas caracter\u00edsticas en la ciudad tuvo lugar el a\u00f1o 2012, instancia en la que se generaron 25 inscripciones de taxis colectivos. El seremiTT Hans Zimmermann argument\u00f3 que \u201cel surgimiento de nuevos sectores residenciales en Coyhaique hasta donde no llega la oferta de transporte p\u00fablico ha hecho necesaria esta acci\u00f3n. Por el momento esta nueva l\u00ednea permitir\u00e1 mejorar el transporte para vecinas y vecinos de la Villa Glaciares, el interior de la Poblaci\u00f3n Marchant, Poblaci\u00f3n Regimiento, Poblaci\u00f3n Quinta Burgos, Poblaci\u00f3n Esteros de Ays\u00e9n, Poblaci\u00f3n Las Lengas y Villa Patagonia.\u201d<\/p>\n<p style=\"text-align: justify;\">El trazado considera una longitud de un total de 26.3 km en total y junto con mejorar la oferta de transporte p\u00fablico en los sectores detallados el seremi afirm\u00f3 que con esta acci\u00f3n tambi\u00e9n se podr\u00e1 desincentivar el transporte informal \u201cEn el trabajo de fiscalizaci\u00f3n y lo se\u00f1alado por las personas usuarias, se ha detectado el uso de los servicios informales en estas zonas donde la modalidad de taxi colectivo no llega. Entonces, mediante el concurso de taxis colectivos tambi\u00e9n estamos velando por la seguridad de estos pasajeros que se ven forzados a utilizar servicios que no est\u00e1n inscritos en el Registro de Transporte P\u00fablico y por ende sin las garant\u00edas que brinda el transporte debidamente formalizado\u201d.<\/p>\n<p style=\"text-align: justify;\">Respecto a las condiciones del concurso mediante las jornadas de participaci\u00f3n se definieron algunas condiciones para la priorizaci\u00f3n, entre las que destacan criterios de paridad de g\u00e9nero de los postulantes, asignar un puntaje a quienes figuren Registro Nacional de Transporte como conductor, o conductora, consideraci\u00f3n del Registro Social de Hogares y Hoja de Vida, antig\u00fcedad de la Licencia Profesional de Conducir, postulantes que ya posean un veh\u00edculo inscrito como Servicio de Transporte P\u00fablico (taxis, minibuses, buses, etc), Transporte Privado Remunerado o Servicio de Transporte Escolar, y finalmente antig\u00fcedad del veh\u00edculo postulado y tipo de combustible de este (el\u00e9ctricos\/ h\u00edbridos\/gasolina\/di\u00e9sel)<\/p>\n<p style=\"text-align: justify;\">Las bases y postulaciones est\u00e1n disponibles en\u00a0<a href=\"http:\/\/www.mtt.gob.cl\/concursotaxi\" data-saferedirecturl=\"https:\/\/www.google.com\/url?q=http:\/\/www.mtt.gob.cl\/concursotaxi&amp;source=gmail&amp;ust=1757462652148000&amp;usg=AOvVaw1jDVjxb1LJl4gPP74Atwh9\">www.mtt.gob.cl\/concursotaxi<\/a>. El periodo de consultas estar\u00e1 vigente hasta el 15 de septiembre de 2025 y las postulaciones parten el d\u00eda 6 de octubre hasta el 14 de octubre de 2025.<\/p>\n<\/div><\/section><\/div><div  style='height:50px' class='hr hr-invisible   avia-builder-el-6  el_after_av_one_full  el_before_av_social_share '><span class='hr-inner ' ><span class='hr-inner-style'><\/span><\/span><\/div><\/p>\n<div  class='av-social-sharing-box  avia-builder-el-7  el_after_av_hr  el_before_av_hr  '><div class='av-share-box'><h5 class='av-share-link-description av-no-toc '>Compartir esta noticia<\/h5><ul class='av-share-box-list noLightbox'><li class='av-share-link av-social-link-facebook' ><a target=\"_blank\" aria-label=\"Compartir en Facebook\" href='https:\/\/www.facebook.com\/sharer.php?u=https:\/\/radiorevelacionfm.cl\/?p=58890&#038;t=MTT%20Ays%C3%A9n%20lanza%20concurso%20para%20nueva%20l%C3%ADnea%20de%20taxis%20colectivos%20en%20Coyhaique' aria-hidden='false' data-av_icon='\ue8f3' data-av_iconfont='entypo-fontello' title='' data-avia-related-tooltip='Compartir en Facebook' rel=\"noopener\"><span class='avia_hidden_link_text'>Compartir en Facebook<\/span><\/a><\/li><li class='av-share-link av-social-link-twitter' ><a target=\"_blank\" aria-label=\"Compartir en Twitter\" href='https:\/\/twitter.com\/share?text=MTT%20Ays%C3%A9n%20lanza%20concurso%20para%20nueva%20l%C3%ADnea%20de%20taxis%20colectivos%20en%20Coyhaique&#038;url=https:\/\/radiorevelacionfm.cl\/?p=58890' aria-hidden='false' data-av_icon='\ue8f1' data-av_iconfont='entypo-fontello' title='' data-avia-related-tooltip='Compartir en Twitter' rel=\"noopener\"><span class='avia_hidden_link_text'>Compartir en Twitter<\/span><\/a><\/li><li class='av-share-link av-social-link-whatsapp' ><a target=\"_blank\" aria-label=\"Compartir en Whatsapp\" href='https:\/\/api.whatsapp.com\/send?text=https:\/\/radiorevelacionfm.cl\/?p=58890' aria-hidden='false' data-av_icon='\uf232' data-av_iconfont='entypo-fontello' title='' data-avia-related-tooltip='Compartir en Whatsapp' rel=\"noopener\"><span class='avia_hidden_link_text'>Compartir en Whatsapp<\/span><\/a><\/li><li class='av-share-link av-social-link-linkedin' ><a target=\"_blank\" aria-label=\"Compartir en LinkedIn\" href='https:\/\/linkedin.com\/shareArticle?mini=true&#038;title=MTT%20Ays%C3%A9n%20lanza%20concurso%20para%20nueva%20l%C3%ADnea%20de%20taxis%20colectivos%20en%20Coyhaique&#038;url=https:\/\/radiorevelacionfm.cl\/?p=58890' aria-hidden='false' data-av_icon='\ue8fc' data-av_iconfont='entypo-fontello' title='' data-avia-related-tooltip='Compartir en LinkedIn' rel=\"noopener\"><span class='avia_hidden_link_text'>Compartir en LinkedIn<\/span><\/a><\/li><li class='av-share-link av-social-link-mail' ><a  aria-label=\"Compartir por correo\" href='mailto:?subject=MTT%20Ays%C3%A9n%20lanza%20concurso%20para%20nueva%20l%C3%ADnea%20de%20taxis%20colectivos%20en%20Coyhaique&#038;body=https:\/\/radiorevelacionfm.cl\/?p=58890' aria-hidden='false' data-av_icon='\ue805' data-av_iconfont='entypo-fontello' title='' data-avia-related-tooltip='Compartir por correo'><span class='avia_hidden_link_text'>Compartir por correo<\/span><\/a><\/li><\/ul><\/div><\/div>\n<div  style='height:50px' class='hr hr-invisible   avia-builder-el-8  el_after_av_social_share  el_before_av_comments_list '><span class='hr-inner ' ><span class='hr-inner-style'><\/span><\/span><\/div>\n<div  class='av-buildercomment  av-blog-meta-html-info-disabled av-blog-meta-tag-disabled  '><\/div>\n","protected":false},"excerpt":{"rendered":"","protected":false},"author":1,"featured_media":58891,"comment_status":"closed","ping_status":"closed","sticky":false,"template":"","format":"standard","meta":{"footnotes":""},"categories":[59],"tags":[],"class_list":["post-58890","post","type-post","status-publish","format-standard","has-post-thumbnail","hentry","category-transporte"],"jetpack_featured_media_url":"https:\/\/radiorevelacionfm.cl\/wp-content\/uploads\/2025\/09\/TXC_-COY-1-1.jpg","_links":{"self":[{"href":"https:\/\/radiorevelacionfm.cl\/index.php?rest_route=\/wp\/v2\/posts\/58890","targetHints":{"allow":["GET"]}}],"collection":[{"href":"https:\/\/radiorevelacionfm.cl\/index.php?rest_route=\/wp\/v2\/posts"}],"about":[{"href":"https:\/\/radiorevelacionfm.cl\/index.php?rest_route=\/wp\/v2\/types\/post"}],"author":[{"embeddable":true,"href":"https:\/\/radiorevelacionfm.cl\/index.php?rest_route=\/wp\/v2\/users\/1"}],"replies":[{"embeddable":true,"href":"https:\/\/radiorevelacionfm.cl\/index.php?rest_route=%2Fwp%2Fv2%2Fcomments&post=58890"}],"version-history":[{"count":2,"href":"https:\/\/radiorevelacionfm.cl\/index.php?rest_route=\/wp\/v2\/posts\/58890\/revisions"}],"predecessor-version":[{"id":58893,"href":"https:\/\/radiorevelacionfm.cl\/index.php?rest_route=\/wp\/v2\/posts\/58890\/revisions\/58893"}],"wp:featuredmedia":[{"embeddable":true,"href":"https:\/\/radiorevelacionfm.cl\/index.php?rest_route=\/wp\/v2\/media\/58891"}],"wp:attachment":[{"href":"https:\/\/radiorevelacionfm.cl\/index.php?rest_route=%2Fwp%2Fv2%2Fmedia&parent=58890"}],"wp:term":[{"taxonomy":"category","embeddable":true,"href":"https:\/\/radiorevelacionfm.cl\/index.php?rest_route=%2Fwp%2Fv2%2Fcategories&post=58890"},{"taxonomy":"post_tag","embeddable":true,"href":"https:\/\/radiorevelacionfm.cl\/index.php?rest_route=%2Fwp%2Fv2%2Ftags&post=58890"}],"curies":[{"name":"wp","href":"https:\/\/api.w.org\/{rel}","templated":true}]}}