{"id":58886,"date":"2025-09-08T22:20:42","date_gmt":"2025-09-09T01:20:42","guid":{"rendered":"https:\/\/radiorevelacionfm.cl\/?p=58886"},"modified":"2025-09-08T22:20:42","modified_gmt":"2025-09-09T01:20:42","slug":"puerto-aysen-se-prepara-para-las-fiestas-patrias-con-actividades-tradicionales-para-la-comunidad","status":"publish","type":"post","link":"https:\/\/radiorevelacionfm.cl\/?p=58886","title":{"rendered":"Puerto Ays\u00e9n se prepara para las Fiestas Patrias con actividades tradicionales para la comunidad"},"content":{"rendered":"<div class=\"flex_column av_one_full  flex_column_div av-zero-column-padding first  avia-builder-el-0  el_before_av_one_full  avia-builder-el-first  \" style='border-radius:0px; '><div  class='avia-image-container  av-styling-    avia-builder-el-1  avia-builder-el-no-sibling  avia-align-center '  itemprop=\"image\" itemscope=\"itemscope\" itemtype=\"https:\/\/schema.org\/ImageObject\"  ><div class='avia-image-container-inner'><div class='avia-image-overlay-wrap'><img decoding=\"async\" class='wp-image-58887 avia-img-lazy-loading-not-58887 avia_image' src=\"https:\/\/radiorevelacionfm.cl\/wp-content\/uploads\/2025\/09\/IMG_1976-1-1.jpg\" alt='' title='IMG_1976 (1) (1)' height=\"600\" width=\"900\"  itemprop=\"thumbnailUrl\" srcset=\"https:\/\/radiorevelacionfm.cl\/wp-content\/uploads\/2025\/09\/IMG_1976-1-1.jpg 900w, https:\/\/radiorevelacionfm.cl\/wp-content\/uploads\/2025\/09\/IMG_1976-1-1-300x200.jpg 300w, https:\/\/radiorevelacionfm.cl\/wp-content\/uploads\/2025\/09\/IMG_1976-1-1-768x512.jpg 768w, https:\/\/radiorevelacionfm.cl\/wp-content\/uploads\/2025\/09\/IMG_1976-1-1-705x470.jpg 705w, https:\/\/radiorevelacionfm.cl\/wp-content\/uploads\/2025\/09\/IMG_1976-1-1-450x300.jpg 450w, https:\/\/radiorevelacionfm.cl\/wp-content\/uploads\/2025\/09\/IMG_1976-1-1-600x400.jpg 600w\" sizes=\"(max-width: 900px) 100vw, 900px\" \/><\/div><\/div><\/div><\/div><div class=\"flex_column av_one_full  flex_column_div av-zero-column-padding first  avia-builder-el-2  el_after_av_one_full  el_before_av_one_full  column-top-margin\" style='border-radius:0px; '><section class=\"av_textblock_section \"  itemscope=\"itemscope\" itemtype=\"https:\/\/schema.org\/BlogPosting\" itemprop=\"blogPost\" ><div class='avia_textblock  '   itemprop=\"text\" ><p style=\"text-align: center;\"><strong><span style=\"font-size: 18pt;\">Puerto Ays\u00e9n se prepara para las Fiestas Patrias con actividades tradicionales para la comunidad<\/span><\/strong><\/p>\n<div id=\"gtx-trans\" style=\"position: absolute; left: -50px; top: 4.31534px;\">\n<div class=\"gtx-trans-icon\"><\/div>\n<\/div>\n<\/div><\/section><\/div><div class=\"flex_column av_one_full  flex_column_div av-zero-column-padding first  avia-builder-el-4  el_after_av_one_full  el_before_av_hr  column-top-margin\" style='border-radius:0px; '><section class=\"av_textblock_section \"  itemscope=\"itemscope\" itemtype=\"https:\/\/schema.org\/BlogPosting\" itemprop=\"blogPost\" ><div class='avia_textblock  '   itemprop=\"text\" ><p style=\"text-align: justify;\"><em>Galas folcl\u00f3ricas, ramadas, comida t\u00edpica, desfiles y una expo feria a fin de mes, son parte de los panoramas que le dar\u00e1n pasi\u00f3n dieciochera a toda la comuna de Ays\u00e9n.<\/em><\/p>\n<p style=\"text-align: justify;\">En el contexto del primer Concejo del mes de septiembre, la Ilustre Municipalidad de Ays\u00e9n realiz\u00f3 la presentaci\u00f3n de las actividades de fiestas patria. Una celebraci\u00f3n que se repetir\u00e1 por toda la comuna dando \u00e9nfasis principalmente en los d\u00edas 17, 18, 19 y 20; pero igualmente se traer\u00e1 eventos patrios y para la entretenci\u00f3n de las familias ayseninas durante el mes.<\/p>\n<p style=\"text-align: justify;\">Karina Montecinos, la directora de Desarrollo Comunitario explica que estas actividades vienen \u201ccon el objetivo de promover y rescatar las tradiciones, es por ello, que la Municipalidad invita a la comunidad aysenina a participar de una parrilla de actividades en el \u00e1mbito social y cultural. Hay actividades desde los m\u00e1s peque\u00f1os hasta los m\u00e1s adultos, eso s\u00ed, recordemos que son actividades familiares, por lo tanto, llamamos a participar primero de manera sana, en familia y con autocuidado siempre presente al asistir a las actividades que est\u00e1 entregando el municipio en forma gratuita\u201d.<\/p>\n<p style=\"text-align: justify;\">La unidad de Cultura municipal ha estado preparando junto a varias agrupaciones folcl\u00f3ricas las llamadas \u201cGalas folcl\u00f3ricas\u201d, las cuales comenzaron el domingo 7 con las presentaciones de \u201cEntre Tacos y Espuelas\u201d, el taller de folclore municipal y \u201cNuevos Aires de la Patagonia\u201d; el viernes 12 el show est\u00e1 a cargo de \u201cFantas\u00eda Sure\u00f1a\u201d, por su lado, el s\u00e1bado 13 ser\u00e1 la exhibici\u00f3n art\u00edstica de \u201cPatagonia M\u00eda\u201d y, para finalizar, el domingo 14 ser\u00e1 la muestra \u201cNalcayec\u201d. Todas las galas se realizar\u00e1n en el gimnasio IND desde las 18:00 horas.<\/p>\n<p style=\"text-align: justify;\">Igualmente, la OLN planific\u00f3 la \u201cFonda de la Ni\u00f1ez\u201d para el jueves 11 de septiembre, desde las 10:00 hasta las 17:00 horas en el gimnasio de la Escuela Ays\u00e9n, instancia en la que participan colegios, pero tambi\u00e9n es abierto para p\u00fablico en general. En esta oportunidad participar\u00e1n varios servicios que trabajan con infancias, adem\u00e1s que se realizar\u00e1n juegos t\u00edpicos, degustaciones de comida, ruletas, m\u00fasica folcl\u00f3rica y presentaciones art\u00edsticas.<\/p>\n<p style=\"text-align: justify;\">El fuerte de las actividades dieciocheras se encontrar\u00e1 en las ramadas que comienzan el mi\u00e9rcoles 17 donde en Puerto Ays\u00e9n se efectuar\u00e1 en Parque Municipal, en Islas Huichas en el gimnasio Demetrio C\u00e1rdenas, en Puerto Chacabuco en la Multicancha Techada y en Villa Ma\u00f1ihuales en el parque camino a la laguna \u201cLa Esponja\u201d.<\/p>\n<p style=\"text-align: justify;\">La inauguraci\u00f3n de las ramadas, bazares y cociner\u00edas en Puerto Ays\u00e9n se realizar\u00e1 a las 13:00 horas, pero durante los d\u00edas 19 y 20 comenzar\u00e1n a las 10:00 horas. En esta oportunidad, todas las jornadas a las 16:00 horas se convocar\u00e1 al concurso de payas, para luego pasar a las presentaciones musicales para el disfrute de los visitantes.<\/p>\n<p style=\"text-align: justify;\">Por \u00faltimo, se realizar\u00e1 una feria productiva el d\u00eda 20 y 21 en el gimnasio de Villa Ma\u00f1ihuales desde las 12:00 horas. Adem\u00e1s, para el fin de mes se prepara una gran Feria Expo en el Polideportivo de Puerto Ays\u00e9n los d\u00edas 26 desde las 15:00 horas; mientras que el 27 y 28 desde las 12:00 horas, en esta participar\u00e1n una gran cantidad de emprendedores locales, se realizar\u00e1n diversas actividades y se presentar\u00e1n artistas para animar este enorme evento para la contribuci\u00f3n al desarrollo econ\u00f3mico de Ays\u00e9n.<\/p>\n<p style=\"text-align: justify;\">La administradora municipal, Felisa Ojeda, realiz\u00f3 un llamado a que \u201cnuestra ciudadan\u00eda participe de las actividades en Fiestas Patrias, las pueden revisar en nuestras redes sociales. Lo que buscamos es que todos disfruten, pero la responsabilidad recae en cada uno, esperamos que estas fiestas se desarrollen en paz y con armon\u00eda; as\u00ed que la invitaci\u00f3n es a disfrutarlo, a pasarlo bien y con responsabilidad\u201d.<\/p>\n<\/div><\/section><\/div><div  style='height:50px' class='hr hr-invisible   avia-builder-el-6  el_after_av_one_full  el_before_av_social_share '><span class='hr-inner ' ><span class='hr-inner-style'><\/span><\/span><\/div><\/p>\n<div  class='av-social-sharing-box  avia-builder-el-7  el_after_av_hr  el_before_av_hr  '><div class='av-share-box'><h5 class='av-share-link-description av-no-toc '>Compartir esta noticia<\/h5><ul class='av-share-box-list noLightbox'><li class='av-share-link av-social-link-facebook' ><a target=\"_blank\" aria-label=\"Compartir en Facebook\" href='https:\/\/www.facebook.com\/sharer.php?u=https:\/\/radiorevelacionfm.cl\/?p=58886&#038;t=Puerto%20Ays%C3%A9n%20se%20prepara%20para%20las%20Fiestas%20Patrias%20con%20actividades%20tradicionales%20para%20la%20comunidad' aria-hidden='false' data-av_icon='\ue8f3' data-av_iconfont='entypo-fontello' title='' data-avia-related-tooltip='Compartir en Facebook' rel=\"noopener\"><span class='avia_hidden_link_text'>Compartir en Facebook<\/span><\/a><\/li><li class='av-share-link av-social-link-twitter' ><a target=\"_blank\" aria-label=\"Compartir en Twitter\" href='https:\/\/twitter.com\/share?text=Puerto%20Ays%C3%A9n%20se%20prepara%20para%20las%20Fiestas%20Patrias%20con%20actividades%20tradicionales%20para%20la%20comunidad&#038;url=https:\/\/radiorevelacionfm.cl\/?p=58886' aria-hidden='false' data-av_icon='\ue8f1' data-av_iconfont='entypo-fontello' title='' data-avia-related-tooltip='Compartir en Twitter' rel=\"noopener\"><span class='avia_hidden_link_text'>Compartir en Twitter<\/span><\/a><\/li><li class='av-share-link av-social-link-whatsapp' ><a target=\"_blank\" aria-label=\"Compartir en Whatsapp\" href='https:\/\/api.whatsapp.com\/send?text=https:\/\/radiorevelacionfm.cl\/?p=58886' aria-hidden='false' data-av_icon='\uf232' data-av_iconfont='entypo-fontello' title='' data-avia-related-tooltip='Compartir en Whatsapp' rel=\"noopener\"><span class='avia_hidden_link_text'>Compartir en Whatsapp<\/span><\/a><\/li><li class='av-share-link av-social-link-linkedin' ><a target=\"_blank\" aria-label=\"Compartir en LinkedIn\" href='https:\/\/linkedin.com\/shareArticle?mini=true&#038;title=Puerto%20Ays%C3%A9n%20se%20prepara%20para%20las%20Fiestas%20Patrias%20con%20actividades%20tradicionales%20para%20la%20comunidad&#038;url=https:\/\/radiorevelacionfm.cl\/?p=58886' aria-hidden='false' data-av_icon='\ue8fc' data-av_iconfont='entypo-fontello' title='' data-avia-related-tooltip='Compartir en LinkedIn' rel=\"noopener\"><span class='avia_hidden_link_text'>Compartir en LinkedIn<\/span><\/a><\/li><li class='av-share-link av-social-link-mail' ><a  aria-label=\"Compartir por correo\" href='mailto:?subject=Puerto%20Ays%C3%A9n%20se%20prepara%20para%20las%20Fiestas%20Patrias%20con%20actividades%20tradicionales%20para%20la%20comunidad&#038;body=https:\/\/radiorevelacionfm.cl\/?p=58886' aria-hidden='false' data-av_icon='\ue805' data-av_iconfont='entypo-fontello' title='' data-avia-related-tooltip='Compartir por correo'><span class='avia_hidden_link_text'>Compartir por correo<\/span><\/a><\/li><\/ul><\/div><\/div>\n<div  style='height:50px' class='hr hr-invisible   avia-builder-el-8  el_after_av_social_share  el_before_av_comments_list '><span class='hr-inner ' ><span class='hr-inner-style'><\/span><\/span><\/div>\n<div  class='av-buildercomment  av-blog-meta-html-info-disabled av-blog-meta-tag-disabled  '><\/div>\n","protected":false},"excerpt":{"rendered":"","protected":false},"author":1,"featured_media":58887,"comment_status":"closed","ping_status":"closed","sticky":false,"template":"","format":"standard","meta":{"footnotes":""},"categories":[38],"tags":[],"class_list":["post-58886","post","type-post","status-publish","format-standard","has-post-thumbnail","hentry","category-regional"],"jetpack_featured_media_url":"https:\/\/radiorevelacionfm.cl\/wp-content\/uploads\/2025\/09\/IMG_1976-1-1.jpg","_links":{"self":[{"href":"https:\/\/radiorevelacionfm.cl\/index.php?rest_route=\/wp\/v2\/posts\/58886","targetHints":{"allow":["GET"]}}],"collection":[{"href":"https:\/\/radiorevelacionfm.cl\/index.php?rest_route=\/wp\/v2\/posts"}],"about":[{"href":"https:\/\/radiorevelacionfm.cl\/index.php?rest_route=\/wp\/v2\/types\/post"}],"author":[{"embeddable":true,"href":"https:\/\/radiorevelacionfm.cl\/index.php?rest_route=\/wp\/v2\/users\/1"}],"replies":[{"embeddable":true,"href":"https:\/\/radiorevelacionfm.cl\/index.php?rest_route=%2Fwp%2Fv2%2Fcomments&post=58886"}],"version-history":[{"count":2,"href":"https:\/\/radiorevelacionfm.cl\/index.php?rest_route=\/wp\/v2\/posts\/58886\/revisions"}],"predecessor-version":[{"id":58889,"href":"https:\/\/radiorevelacionfm.cl\/index.php?rest_route=\/wp\/v2\/posts\/58886\/revisions\/58889"}],"wp:featuredmedia":[{"embeddable":true,"href":"https:\/\/radiorevelacionfm.cl\/index.php?rest_route=\/wp\/v2\/media\/58887"}],"wp:attachment":[{"href":"https:\/\/radiorevelacionfm.cl\/index.php?rest_route=%2Fwp%2Fv2%2Fmedia&parent=58886"}],"wp:term":[{"taxonomy":"category","embeddable":true,"href":"https:\/\/radiorevelacionfm.cl\/index.php?rest_route=%2Fwp%2Fv2%2Fcategories&post=58886"},{"taxonomy":"post_tag","embeddable":true,"href":"https:\/\/radiorevelacionfm.cl\/index.php?rest_route=%2Fwp%2Fv2%2Ftags&post=58886"}],"curies":[{"name":"wp","href":"https:\/\/api.w.org\/{rel}","templated":true}]}}