{"id":58882,"date":"2025-09-08T22:10:17","date_gmt":"2025-09-09T01:10:17","guid":{"rendered":"https:\/\/radiorevelacionfm.cl\/?p=58882"},"modified":"2025-09-08T22:10:17","modified_gmt":"2025-09-09T01:10:17","slug":"corfo-abre-convocatoria-nacional-para-1-200-becas-en-sostenibilidad","status":"publish","type":"post","link":"https:\/\/radiorevelacionfm.cl\/?p=58882","title":{"rendered":"Corfo abre convocatoria nacional para 1.200 becas en sostenibilidad"},"content":{"rendered":"<div class=\"flex_column av_one_full  flex_column_div av-zero-column-padding first  avia-builder-el-0  el_before_av_one_full  avia-builder-el-first  \" style='border-radius:0px; '><div  class='avia-image-container  av-styling-    avia-builder-el-1  avia-builder-el-no-sibling  avia-align-center '  itemprop=\"image\" itemscope=\"itemscope\" itemtype=\"https:\/\/schema.org\/ImageObject\"  ><div class='avia-image-container-inner'><div class='avia-image-overlay-wrap'><img decoding=\"async\" class='wp-image-58883 avia-img-lazy-loading-not-58883 avia_image' src=\"https:\/\/radiorevelacionfm.cl\/wp-content\/uploads\/2025\/09\/2-2025-09-08t220816_optimized.005-1.jpg\" alt='' title='2 - -2025-09-08t220816_optimized.005-(1)' height=\"670\" width=\"799\"  itemprop=\"thumbnailUrl\" srcset=\"https:\/\/radiorevelacionfm.cl\/wp-content\/uploads\/2025\/09\/2-2025-09-08t220816_optimized.005-1.jpg 799w, https:\/\/radiorevelacionfm.cl\/wp-content\/uploads\/2025\/09\/2-2025-09-08t220816_optimized.005-1-300x252.jpg 300w, https:\/\/radiorevelacionfm.cl\/wp-content\/uploads\/2025\/09\/2-2025-09-08t220816_optimized.005-1-768x644.jpg 768w, https:\/\/radiorevelacionfm.cl\/wp-content\/uploads\/2025\/09\/2-2025-09-08t220816_optimized.005-1-705x591.jpg 705w, https:\/\/radiorevelacionfm.cl\/wp-content\/uploads\/2025\/09\/2-2025-09-08t220816_optimized.005-1-450x377.jpg 450w, https:\/\/radiorevelacionfm.cl\/wp-content\/uploads\/2025\/09\/2-2025-09-08t220816_optimized.005-1-600x503.jpg 600w\" sizes=\"(max-width: 799px) 100vw, 799px\" \/><\/div><\/div><\/div><\/div><div class=\"flex_column av_one_full  flex_column_div av-zero-column-padding first  avia-builder-el-2  el_after_av_one_full  el_before_av_one_full  column-top-margin\" style='border-radius:0px; '><section class=\"av_textblock_section \"  itemscope=\"itemscope\" itemtype=\"https:\/\/schema.org\/BlogPosting\" itemprop=\"blogPost\" ><div class='avia_textblock  '   itemprop=\"text\" ><p style=\"text-align: center;\"><span style=\"font-size: 18pt;\"><b>Corfo abre convocatoria nacional para 1.200 becas en sostenibilidad<\/b><\/span><\/p>\n<div id=\"gtx-trans\" style=\"position: absolute; left: -50px; top: 4.31534px;\">\n<div class=\"gtx-trans-icon\"><\/div>\n<\/div>\n<\/div><\/section><\/div><div class=\"flex_column av_one_full  flex_column_div av-zero-column-padding first  avia-builder-el-4  el_after_av_one_full  el_before_av_hr  column-top-margin\" style='border-radius:0px; '><section class=\"av_textblock_section \"  itemscope=\"itemscope\" itemtype=\"https:\/\/schema.org\/BlogPosting\" itemprop=\"blogPost\" ><div class='avia_textblock  '   itemprop=\"text\" ><p style=\"font-weight: 400; text-align: justify;\"><em>Los programas abarcan Ley REP, gesti\u00f3n h\u00eddrica, dise\u00f1o circular y gases de efecto invernadero, con apoyo\u00a0<\/em><em>del Programa de Desarrollo Productivo Sostenible (DPS), liderado por el Ministerio de Econom\u00eda, Fomento y Turismo y Corfo.<\/em><\/p>\n<p style=\"font-weight: 400; text-align: justify;\">Corfo impulsa un nuevo avance hacia el desarrollo sostenible con la entrega de m\u00e1s de 1.200 becas de especializaci\u00f3n dirigidas a profesionales y t\u00e9cnicos de todo Chile. A trav\u00e9s de diplomados en Ley REP, dise\u00f1o circular, gesti\u00f3n h\u00eddrica y auditor\u00eda de gases de efecto invernadero, la Corporaci\u00f3n busca formar l\u00edderes que contribuyan al fortalecimiento de la econom\u00eda verde del pa\u00eds.<\/p>\n<p style=\"font-weight: 400; text-align: justify;\">El seremi de Energ\u00eda (S) , Felipe Rojas Pizarro, destac\u00f3 la relevancia de estas becas como un aporte concreto al desarrollo de capacidades en la regi\u00f3n, subrayando que se trata de un impulso clave para la sostenibilidad y la gesti\u00f3n empresarial. \u201cDesde el Ministerio de Energ\u00eda celebramos la apertura de estas becas de capital humano que impulsan la sostenibilidad y la gesti\u00f3n empresarial en nuestra regi\u00f3n. Iniciativas como estas son fundamentales para que m\u00e1s profesionales se capaciten en \u00e1reas estrat\u00e9gicas como la eficiencia h\u00eddrica, la verificaci\u00f3n de emisiones y la econom\u00eda circular\u201d, se\u00f1al\u00f3, agregando que el Ministerio de Econom\u00eda tambi\u00e9n valora este programa enmarcado en el desarrollo productivo sostenible.<\/p>\n<p style=\"font-weight: 400; text-align: justify;\">Por su parte, el director de Corfo Ays\u00e9n, Humberto Mar\u00edn, destac\u00f3 que la iniciativa busca ampliar el acceso a formaci\u00f3n en sostenibilidad, financiando cerca del 90% del costo de los diplomados mediante el Programa de Desarrollo Productivo Sostenible (DPS). \u201cDesde Corfo estamos facilitando formaci\u00f3n de alto nivel en sostenibilidad; las personas solo pagan la matr\u00edcula\u201d, explic\u00f3. Los programas, en modalidad e-learning, permiten compatibilizar estudio y trabajo, y est\u00e1n dirigidos a profesionales y t\u00e9cnicos que buscan especializarse en \u00e1reas clave de la econom\u00eda verde.<\/p>\n<p style=\"font-weight: 400; text-align: justify;\">Agreg\u00f3 que la iniciativa busca responder a brechas de capital humano, especialmente en regiones, a trav\u00e9s de la articulaci\u00f3n con el Ministerio de Econom\u00eda y el Programa de Desarrollo Productivo Sostenible. \u201cNuestra prioridad es formar una comunidad t\u00e9cnica s\u00f3lida que implemente la Ley de Cambio Clim\u00e1tico y la REP con evidencia, tecnolog\u00eda y buenas pr\u00e1cticas\u201d, se\u00f1al\u00f3 Humberto Mar\u00edn. Asimismo, enfatiz\u00f3 que profesionales mejor capacitados permiten procesos m\u00e1s eficientes, certificaciones confiables y negocios competitivos, invitando a postular y sumarse a este esfuerzo pa\u00eds por un desarrollo inclusivo y sostenible.<\/p>\n<p style=\"font-weight: 400; text-align: justify;\"><strong>BECAS<\/strong><\/p>\n<p style=\"font-weight: 400; text-align: justify;\">Con el objetivo de fortalecer capacidades t\u00e9cnicas en \u00e1reas clave para la sostenibilidad y la innovaci\u00f3n, se encuentran disponibles nuevos programas de formaci\u00f3n con subsidio estatal y un copago accesible para los beneficiarios. Uno de ellos es el curso de\u00a0<em><a href=\"https:\/\/corfo.cl\/sites\/becascapitalhumano\/convocatoria\/diplomado-gases-efecto-invernadero-2025\/\" data-saferedirecturl=\"https:\/\/www.google.com\/url?q=https:\/\/corfo.cl\/sites\/becascapitalhumano\/convocatoria\/diplomado-gases-efecto-invernadero-2025\/&amp;source=gmail&amp;ust=1757462657030000&amp;usg=AOvVaw2IqTCXAcMx2Cr1H3GCKjb0\">Medici\u00f3n, reporte y verificaci\u00f3n de emisiones y reducciones de gases de efecto invernadero para la certificaci\u00f3n voluntaria<\/a><\/em>, dictado por la Pontificia Universidad Cat\u00f3lica de Valpara\u00edso, que contempla 341 cupos, con un valor total de $1.188.000 y un copago de $132.000.<\/p>\n<p style=\"font-weight: 400; text-align: justify;\">Asimismo, la Universidad Cat\u00f3lica de Temuco lidera el curso de\u00a0<em><a href=\"https:\/\/corfo.cl\/sites\/becascapitalhumano\/convocatoria\/diplomado-huella-de-agua-2025\/\" data-saferedirecturl=\"https:\/\/www.google.com\/url?q=https:\/\/corfo.cl\/sites\/becascapitalhumano\/convocatoria\/diplomado-huella-de-agua-2025\/&amp;source=gmail&amp;ust=1757462657030000&amp;usg=AOvVaw0G9KvDlTurpOfKRQSgYsgl\">Gesti\u00f3n h\u00eddrica corporativa &#8211; Medici\u00f3n, reporte y verificaci\u00f3n de la huella de agua<\/a><\/em>, que dispone de 380 cupos, con un costo total de $1.069.200 y un copago de $118.800. A su vez, la Universidad Andr\u00e9s Bello ofrece el programa de\u00a0<em><a href=\"https:\/\/corfo.cl\/sites\/becascapitalhumano\/convocatoria\/diplomado-diseno-circular-2025\/\" data-saferedirecturl=\"https:\/\/www.google.com\/url?q=https:\/\/corfo.cl\/sites\/becascapitalhumano\/convocatoria\/diplomado-diseno-circular-2025\/&amp;source=gmail&amp;ust=1757462657030000&amp;usg=AOvVaw0xrbBF4ZyiQYN_pAYu38vR\">Metodolog\u00edas de Dise\u00f1o Circular e Integraci\u00f3n de Tecnolog\u00edas para la Industria Sostenible<\/a><\/em>, que considera 282 cupos, con un valor total de $975.000 y un aporte del beneficiario de $125.000.<\/p>\n<p style=\"font-weight: 400; text-align: justify;\">Finalmente, tambi\u00e9n se encuentra disponible el curso de\u00a0<em><a href=\"https:\/\/corfo.cl\/sites\/becascapitalhumano\/convocatoria\/diplomado-ley-rep-2025\/\" data-saferedirecturl=\"https:\/\/www.google.com\/url?q=https:\/\/corfo.cl\/sites\/becascapitalhumano\/convocatoria\/diplomado-ley-rep-2025\/&amp;source=gmail&amp;ust=1757462657030000&amp;usg=AOvVaw0X_bqfkffG6hoNDZTjkbXx\">Auditores externos para la verificaci\u00f3n del cumplimiento de la Ley REP<\/a><\/em>, impartido por la Universidad Cat\u00f3lica de Temuco. Este programa contempla 282 cupos, con un valor total de $975.000 y un copago de $125.000, orientado a formar especialistas que apoyen la correcta implementaci\u00f3n de esta normativa en el pa\u00eds.<\/p>\n<p style=\"font-weight: 400; text-align: justify;\">Para el caso del diplomado sobre gesti\u00f3n h\u00eddrica, de\u00a0los 380 cupos disponibles se reservar\u00e1 un total de 140 (36,8%) becas para las regiones afectadas por la crisis h\u00eddrica como Atacama, Coquimbo y Valpara\u00edso, quedando 240 (63,2%) para el resto de las regiones del pa\u00eds.<\/p>\n<p style=\"font-weight: 400; text-align: justify;\">Las convocatorias cierran el 24 de septiembre a las 15.00 horas y para apoyar el proceso de postulaci\u00f3n cada programa contar\u00e1 con instancias de orientaci\u00f3n, donde se entregar\u00e1 informaci\u00f3n sobre requisitos, horarios y proceso de admisi\u00f3n.<\/p>\n<p style=\"font-weight: 400; text-align: justify;\">Las fechas de estos webinar ser\u00e1n informados a trav\u00e9s de las redes sociales de\u00a0Corfo nacional y regionales, junto a la informaci\u00f3n disponible en el sitio de\u00a0<a href=\"https:\/\/www.corfo.cl\/sites\/becascapitalhumano\/home\" data-saferedirecturl=\"https:\/\/www.google.com\/url?q=https:\/\/www.corfo.cl\/sites\/becascapitalhumano\/home&amp;source=gmail&amp;ust=1757462657030000&amp;usg=AOvVaw0QoC-5x4rq6SW9rTE7SP9o\"><strong>Becas Capital Humano<\/strong><\/a>.<\/p>\n<\/div><\/section><\/div><div  style='height:50px' class='hr hr-invisible   avia-builder-el-6  el_after_av_one_full  el_before_av_social_share '><span class='hr-inner ' ><span class='hr-inner-style'><\/span><\/span><\/div><\/p>\n<div  class='av-social-sharing-box  avia-builder-el-7  el_after_av_hr  el_before_av_hr  '><div class='av-share-box'><h5 class='av-share-link-description av-no-toc '>Compartir esta noticia<\/h5><ul class='av-share-box-list noLightbox'><li class='av-share-link av-social-link-facebook' ><a target=\"_blank\" aria-label=\"Compartir en Facebook\" href='https:\/\/www.facebook.com\/sharer.php?u=https:\/\/radiorevelacionfm.cl\/?p=58882&#038;t=Corfo%20abre%20convocatoria%20nacional%20para%201.200%20becas%20en%20sostenibilidad' aria-hidden='false' data-av_icon='\ue8f3' data-av_iconfont='entypo-fontello' title='' data-avia-related-tooltip='Compartir en Facebook' rel=\"noopener\"><span class='avia_hidden_link_text'>Compartir en Facebook<\/span><\/a><\/li><li class='av-share-link av-social-link-twitter' ><a target=\"_blank\" aria-label=\"Compartir en Twitter\" href='https:\/\/twitter.com\/share?text=Corfo%20abre%20convocatoria%20nacional%20para%201.200%20becas%20en%20sostenibilidad&#038;url=https:\/\/radiorevelacionfm.cl\/?p=58882' aria-hidden='false' data-av_icon='\ue8f1' data-av_iconfont='entypo-fontello' title='' data-avia-related-tooltip='Compartir en Twitter' rel=\"noopener\"><span class='avia_hidden_link_text'>Compartir en Twitter<\/span><\/a><\/li><li class='av-share-link av-social-link-whatsapp' ><a target=\"_blank\" aria-label=\"Compartir en Whatsapp\" href='https:\/\/api.whatsapp.com\/send?text=https:\/\/radiorevelacionfm.cl\/?p=58882' aria-hidden='false' data-av_icon='\uf232' data-av_iconfont='entypo-fontello' title='' data-avia-related-tooltip='Compartir en Whatsapp' rel=\"noopener\"><span class='avia_hidden_link_text'>Compartir en Whatsapp<\/span><\/a><\/li><li class='av-share-link av-social-link-linkedin' ><a target=\"_blank\" aria-label=\"Compartir en LinkedIn\" href='https:\/\/linkedin.com\/shareArticle?mini=true&#038;title=Corfo%20abre%20convocatoria%20nacional%20para%201.200%20becas%20en%20sostenibilidad&#038;url=https:\/\/radiorevelacionfm.cl\/?p=58882' aria-hidden='false' data-av_icon='\ue8fc' data-av_iconfont='entypo-fontello' title='' data-avia-related-tooltip='Compartir en LinkedIn' rel=\"noopener\"><span class='avia_hidden_link_text'>Compartir en LinkedIn<\/span><\/a><\/li><li class='av-share-link av-social-link-mail' ><a  aria-label=\"Compartir por correo\" href='mailto:?subject=Corfo%20abre%20convocatoria%20nacional%20para%201.200%20becas%20en%20sostenibilidad&#038;body=https:\/\/radiorevelacionfm.cl\/?p=58882' aria-hidden='false' data-av_icon='\ue805' data-av_iconfont='entypo-fontello' title='' data-avia-related-tooltip='Compartir por correo'><span class='avia_hidden_link_text'>Compartir por correo<\/span><\/a><\/li><\/ul><\/div><\/div>\n<div  style='height:50px' class='hr hr-invisible   avia-builder-el-8  el_after_av_social_share  el_before_av_comments_list '><span class='hr-inner ' ><span class='hr-inner-style'><\/span><\/span><\/div>\n<div  class='av-buildercomment  av-blog-meta-html-info-disabled av-blog-meta-tag-disabled  '><\/div>\n","protected":false},"excerpt":{"rendered":"","protected":false},"author":1,"featured_media":58883,"comment_status":"closed","ping_status":"closed","sticky":false,"template":"","format":"standard","meta":{"footnotes":""},"categories":[38],"tags":[],"class_list":["post-58882","post","type-post","status-publish","format-standard","has-post-thumbnail","hentry","category-regional"],"jetpack_featured_media_url":"https:\/\/radiorevelacionfm.cl\/wp-content\/uploads\/2025\/09\/2-2025-09-08t220816_optimized.005-1.jpg","_links":{"self":[{"href":"https:\/\/radiorevelacionfm.cl\/index.php?rest_route=\/wp\/v2\/posts\/58882","targetHints":{"allow":["GET"]}}],"collection":[{"href":"https:\/\/radiorevelacionfm.cl\/index.php?rest_route=\/wp\/v2\/posts"}],"about":[{"href":"https:\/\/radiorevelacionfm.cl\/index.php?rest_route=\/wp\/v2\/types\/post"}],"author":[{"embeddable":true,"href":"https:\/\/radiorevelacionfm.cl\/index.php?rest_route=\/wp\/v2\/users\/1"}],"replies":[{"embeddable":true,"href":"https:\/\/radiorevelacionfm.cl\/index.php?rest_route=%2Fwp%2Fv2%2Fcomments&post=58882"}],"version-history":[{"count":2,"href":"https:\/\/radiorevelacionfm.cl\/index.php?rest_route=\/wp\/v2\/posts\/58882\/revisions"}],"predecessor-version":[{"id":58885,"href":"https:\/\/radiorevelacionfm.cl\/index.php?rest_route=\/wp\/v2\/posts\/58882\/revisions\/58885"}],"wp:featuredmedia":[{"embeddable":true,"href":"https:\/\/radiorevelacionfm.cl\/index.php?rest_route=\/wp\/v2\/media\/58883"}],"wp:attachment":[{"href":"https:\/\/radiorevelacionfm.cl\/index.php?rest_route=%2Fwp%2Fv2%2Fmedia&parent=58882"}],"wp:term":[{"taxonomy":"category","embeddable":true,"href":"https:\/\/radiorevelacionfm.cl\/index.php?rest_route=%2Fwp%2Fv2%2Fcategories&post=58882"},{"taxonomy":"post_tag","embeddable":true,"href":"https:\/\/radiorevelacionfm.cl\/index.php?rest_route=%2Fwp%2Fv2%2Ftags&post=58882"}],"curies":[{"name":"wp","href":"https:\/\/api.w.org\/{rel}","templated":true}]}}