{"id":58878,"date":"2025-09-08T21:47:18","date_gmt":"2025-09-09T00:47:18","guid":{"rendered":"https:\/\/radiorevelacionfm.cl\/?p=58878"},"modified":"2025-09-08T21:47:18","modified_gmt":"2025-09-09T00:47:18","slug":"juventudes-scout-e-injuv-impulsan-recuperacion-de-biblioteca-de-balmaceda","status":"publish","type":"post","link":"https:\/\/radiorevelacionfm.cl\/?p=58878","title":{"rendered":"Juventudes Scout e INJUV impulsan recuperaci\u00f3n de Biblioteca de Balmaceda"},"content":{"rendered":"<div class=\"flex_column av_one_full  flex_column_div av-zero-column-padding first  avia-builder-el-0  el_before_av_one_full  avia-builder-el-first  \" style='border-radius:0px; '><div  class='avia-image-container  av-styling-    avia-builder-el-1  avia-builder-el-no-sibling  avia-align-center '  itemprop=\"image\" itemscope=\"itemscope\" itemtype=\"https:\/\/schema.org\/ImageObject\"  ><div class='avia-image-container-inner'><div class='avia-image-overlay-wrap'><img decoding=\"async\" class='wp-image-58879 avia-img-lazy-loading-not-58879 avia_image' src=\"https:\/\/radiorevelacionfm.cl\/wp-content\/uploads\/2025\/09\/foto-2-82-1-1_optimized-1-1.jpg\" alt='' title='foto-2-(82)-(1)-(1)_optimized (1) (1)' height=\"645\" width=\"801\"  itemprop=\"thumbnailUrl\" srcset=\"https:\/\/radiorevelacionfm.cl\/wp-content\/uploads\/2025\/09\/foto-2-82-1-1_optimized-1-1.jpg 801w, https:\/\/radiorevelacionfm.cl\/wp-content\/uploads\/2025\/09\/foto-2-82-1-1_optimized-1-1-300x242.jpg 300w, https:\/\/radiorevelacionfm.cl\/wp-content\/uploads\/2025\/09\/foto-2-82-1-1_optimized-1-1-768x618.jpg 768w, https:\/\/radiorevelacionfm.cl\/wp-content\/uploads\/2025\/09\/foto-2-82-1-1_optimized-1-1-495x400.jpg 495w, https:\/\/radiorevelacionfm.cl\/wp-content\/uploads\/2025\/09\/foto-2-82-1-1_optimized-1-1-705x568.jpg 705w, https:\/\/radiorevelacionfm.cl\/wp-content\/uploads\/2025\/09\/foto-2-82-1-1_optimized-1-1-450x362.jpg 450w, https:\/\/radiorevelacionfm.cl\/wp-content\/uploads\/2025\/09\/foto-2-82-1-1_optimized-1-1-600x483.jpg 600w\" sizes=\"(max-width: 801px) 100vw, 801px\" \/><\/div><\/div><\/div><\/div><div class=\"flex_column av_one_full  flex_column_div av-zero-column-padding first  avia-builder-el-2  el_after_av_one_full  el_before_av_one_full  column-top-margin\" style='border-radius:0px; '><section class=\"av_textblock_section \"  itemscope=\"itemscope\" itemtype=\"https:\/\/schema.org\/BlogPosting\" itemprop=\"blogPost\" ><div class='avia_textblock  '   itemprop=\"text\" ><p style=\"text-align: center;\"><strong><span style=\"font-size: 18pt;\">Juventudes Scout e INJUV impulsan recuperaci\u00f3n de Biblioteca de Balmaceda<\/span><\/strong><\/p>\n<div id=\"gtx-trans\" style=\"position: absolute; left: -50px; top: 4.31534px;\">\n<div class=\"gtx-trans-icon\"><\/div>\n<\/div>\n<\/div><\/section><\/div><div class=\"flex_column av_one_full  flex_column_div av-zero-column-padding first  avia-builder-el-4  el_after_av_one_full  el_before_av_hr  column-top-margin\" style='border-radius:0px; '><section class=\"av_textblock_section \"  itemscope=\"itemscope\" itemtype=\"https:\/\/schema.org\/BlogPosting\" itemprop=\"blogPost\" ><div class='avia_textblock  '   itemprop=\"text\" ><p style=\"text-align: justify;\">Con entusiasmo y gran compromiso comunitario, juventudes voluntarias de los grupos Gu\u00eda y Scout San Felipe Benicio, Gu\u00eda y Scout Sagrada Familia, junto al Instituto Nacional de la Juventud (INJUV), participaron en una jornada de recuperaci\u00f3n y hermoseamiento de la Biblioteca Vecinal Municipal 52-A de Balmaceda.<\/p>\n<p style=\"text-align: justify;\">La iniciativa tuvo como objetivo fortalecer este espacio clave para la vida local, mediante labores de limpieza, pintura de rejillas, ordenamiento de libros y mejoras en las distintas salas de este centro de lectura comunitario. Con guantes, bolsas de basura, pintura y herramientas, las y los j\u00f3venes revitalizaron el lugar, buscando ofrecer un entorno m\u00e1s acogedor y funcional para sus vecinos y vecinas.<\/p>\n<p style=\"text-align: justify;\">\u201cEl voluntariado es una de las expresiones m\u00e1s potentes de participaci\u00f3n, y ver a las juventudes de las agrupaciones de Gu\u00edas y Scout aportando al rescate de un espacio comunitario tan significativo como esta biblioteca, reafirma el valor de las alianzas entre organizaciones sociales y el Estado. Desde INJUV seguiremos impulsando estas instancias, porque creemos en el poder transformador de las juventudes, en su capacidad de generar cambios y en su compromiso real con el bienestar de las comunidades de la regi\u00f3n\u201d, sostuvo el director regional de INJUV Ays\u00e9n, Camilo Trivi\u00f1o Urtubia.<\/p>\n<p style=\"text-align: justify;\">Para Emilia Suazo P\u00e9rez, integrante de la avanzada Amuillan del Grupo Gu\u00edas y Scout San Felipe Benicio, la experiencia fue una oportunidad de aportar directamente al bienestar de su comunidad. \u201cLo que me motiva es saber que podr\u00e9 haber ayudado a alguien, en este caso a la comunidad de Balmaceda. Colaborar en la biblioteca, ir con tus amigos a servir a quienes lo necesitan, nos hace felices. Como j\u00f3venes es de suma importancia participar en este tipo de actividades, porque a trav\u00e9s de nosotros podemos generar cambios, ser propulsores de nuevas ideas y l\u00edderes positivos dentro de nuestra comunidad\u201d, se\u00f1al\u00f3.<\/p>\n<p style=\"text-align: justify;\">Por su parte, Benjam\u00edn Vargas Rojas, del mismo grupo Scout, destac\u00f3 el valor de la actividad: \u201cFue una actividad fuera de lo com\u00fan de los servicios y bien organizada, ya que tambi\u00e9n ayud\u00f3 a darnos cuenta de la realidad de Balmaceda, el descuido, y nosotros desde nuestra humilde ayuda podemos aportar con un granito de arena a la comunidad del lugar con buena voluntad. Fue un buen tiempo, ya que como dice el creador del movimiento Scout \u2018la verdadera felicidad es hacer feliz a los dem\u00e1s\u2019, y lo pudimos lograr a trav\u00e9s de nuestro servicio y mejor a\u00fan con un buen ambiente, con un buen recibimiento por parte de la comunidad de Balmaceda\u201d.<\/p>\n<p style=\"text-align: justify;\">La jornada no solo permiti\u00f3 recuperar un espacio p\u00fablico, sino que tambi\u00e9n reafirm\u00f3 el rol protag\u00f3nico de las juventudes en la construcci\u00f3n de comunidades m\u00e1s unidas, activas y solidarias.<\/p>\n<\/div><\/section><\/div><div  style='height:50px' class='hr hr-invisible   avia-builder-el-6  el_after_av_one_full  el_before_av_social_share '><span class='hr-inner ' ><span class='hr-inner-style'><\/span><\/span><\/div><\/p>\n<div  class='av-social-sharing-box  avia-builder-el-7  el_after_av_hr  el_before_av_hr  '><div class='av-share-box'><h5 class='av-share-link-description av-no-toc '>Compartir esta noticia<\/h5><ul class='av-share-box-list noLightbox'><li class='av-share-link av-social-link-facebook' ><a target=\"_blank\" aria-label=\"Compartir en Facebook\" href='https:\/\/www.facebook.com\/sharer.php?u=https:\/\/radiorevelacionfm.cl\/?p=58878&#038;t=Juventudes%20Scout%20e%20INJUV%20impulsan%20recuperaci%C3%B3n%20de%20Biblioteca%20de%20Balmaceda' aria-hidden='false' data-av_icon='\ue8f3' data-av_iconfont='entypo-fontello' title='' data-avia-related-tooltip='Compartir en Facebook' rel=\"noopener\"><span class='avia_hidden_link_text'>Compartir en Facebook<\/span><\/a><\/li><li class='av-share-link av-social-link-twitter' ><a target=\"_blank\" aria-label=\"Compartir en Twitter\" href='https:\/\/twitter.com\/share?text=Juventudes%20Scout%20e%20INJUV%20impulsan%20recuperaci%C3%B3n%20de%20Biblioteca%20de%20Balmaceda&#038;url=https:\/\/radiorevelacionfm.cl\/?p=58878' aria-hidden='false' data-av_icon='\ue8f1' data-av_iconfont='entypo-fontello' title='' data-avia-related-tooltip='Compartir en Twitter' rel=\"noopener\"><span class='avia_hidden_link_text'>Compartir en Twitter<\/span><\/a><\/li><li class='av-share-link av-social-link-whatsapp' ><a target=\"_blank\" aria-label=\"Compartir en Whatsapp\" href='https:\/\/api.whatsapp.com\/send?text=https:\/\/radiorevelacionfm.cl\/?p=58878' aria-hidden='false' data-av_icon='\uf232' data-av_iconfont='entypo-fontello' title='' data-avia-related-tooltip='Compartir en Whatsapp' rel=\"noopener\"><span class='avia_hidden_link_text'>Compartir en Whatsapp<\/span><\/a><\/li><li class='av-share-link av-social-link-linkedin' ><a target=\"_blank\" aria-label=\"Compartir en LinkedIn\" href='https:\/\/linkedin.com\/shareArticle?mini=true&#038;title=Juventudes%20Scout%20e%20INJUV%20impulsan%20recuperaci%C3%B3n%20de%20Biblioteca%20de%20Balmaceda&#038;url=https:\/\/radiorevelacionfm.cl\/?p=58878' aria-hidden='false' data-av_icon='\ue8fc' data-av_iconfont='entypo-fontello' title='' data-avia-related-tooltip='Compartir en LinkedIn' rel=\"noopener\"><span class='avia_hidden_link_text'>Compartir en LinkedIn<\/span><\/a><\/li><li class='av-share-link av-social-link-mail' ><a  aria-label=\"Compartir por correo\" href='mailto:?subject=Juventudes%20Scout%20e%20INJUV%20impulsan%20recuperaci%C3%B3n%20de%20Biblioteca%20de%20Balmaceda&#038;body=https:\/\/radiorevelacionfm.cl\/?p=58878' aria-hidden='false' data-av_icon='\ue805' data-av_iconfont='entypo-fontello' title='' data-avia-related-tooltip='Compartir por correo'><span class='avia_hidden_link_text'>Compartir por correo<\/span><\/a><\/li><\/ul><\/div><\/div>\n<div  style='height:50px' class='hr hr-invisible   avia-builder-el-8  el_after_av_social_share  el_before_av_comments_list '><span class='hr-inner ' ><span class='hr-inner-style'><\/span><\/span><\/div>\n<div  class='av-buildercomment  av-blog-meta-html-info-disabled av-blog-meta-tag-disabled  '><\/div>\n","protected":false},"excerpt":{"rendered":"","protected":false},"author":1,"featured_media":58879,"comment_status":"closed","ping_status":"closed","sticky":false,"template":"","format":"standard","meta":{"footnotes":""},"categories":[38],"tags":[],"class_list":["post-58878","post","type-post","status-publish","format-standard","has-post-thumbnail","hentry","category-regional"],"jetpack_featured_media_url":"https:\/\/radiorevelacionfm.cl\/wp-content\/uploads\/2025\/09\/foto-2-82-1-1_optimized-1-1.jpg","_links":{"self":[{"href":"https:\/\/radiorevelacionfm.cl\/index.php?rest_route=\/wp\/v2\/posts\/58878","targetHints":{"allow":["GET"]}}],"collection":[{"href":"https:\/\/radiorevelacionfm.cl\/index.php?rest_route=\/wp\/v2\/posts"}],"about":[{"href":"https:\/\/radiorevelacionfm.cl\/index.php?rest_route=\/wp\/v2\/types\/post"}],"author":[{"embeddable":true,"href":"https:\/\/radiorevelacionfm.cl\/index.php?rest_route=\/wp\/v2\/users\/1"}],"replies":[{"embeddable":true,"href":"https:\/\/radiorevelacionfm.cl\/index.php?rest_route=%2Fwp%2Fv2%2Fcomments&post=58878"}],"version-history":[{"count":2,"href":"https:\/\/radiorevelacionfm.cl\/index.php?rest_route=\/wp\/v2\/posts\/58878\/revisions"}],"predecessor-version":[{"id":58881,"href":"https:\/\/radiorevelacionfm.cl\/index.php?rest_route=\/wp\/v2\/posts\/58878\/revisions\/58881"}],"wp:featuredmedia":[{"embeddable":true,"href":"https:\/\/radiorevelacionfm.cl\/index.php?rest_route=\/wp\/v2\/media\/58879"}],"wp:attachment":[{"href":"https:\/\/radiorevelacionfm.cl\/index.php?rest_route=%2Fwp%2Fv2%2Fmedia&parent=58878"}],"wp:term":[{"taxonomy":"category","embeddable":true,"href":"https:\/\/radiorevelacionfm.cl\/index.php?rest_route=%2Fwp%2Fv2%2Fcategories&post=58878"},{"taxonomy":"post_tag","embeddable":true,"href":"https:\/\/radiorevelacionfm.cl\/index.php?rest_route=%2Fwp%2Fv2%2Ftags&post=58878"}],"curies":[{"name":"wp","href":"https:\/\/api.w.org\/{rel}","templated":true}]}}