{"id":58873,"date":"2025-09-08T21:38:23","date_gmt":"2025-09-09T00:38:23","guid":{"rendered":"https:\/\/radiorevelacionfm.cl\/?p=58873"},"modified":"2025-09-08T21:38:23","modified_gmt":"2025-09-09T00:38:23","slug":"director-ejecutivo-de-fundacion-integra-lidero-encuentros-en-ruta-con-familias-y-equipos-de-la-region-de-aysen","status":"publish","type":"post","link":"https:\/\/radiorevelacionfm.cl\/?p=58873","title":{"rendered":"Director ejecutivo de Fundaci\u00f3n Integra lider\u00f3 \u201cEncuentros en Ruta\u201d con familias y equipos de la regi\u00f3n de Ays\u00e9n"},"content":{"rendered":"<div class=\"flex_column av_one_full  flex_column_div av-zero-column-padding first  avia-builder-el-0  el_before_av_one_full  avia-builder-el-first  \" style='border-radius:0px; '><div  class='avia-image-container  av-styling-    avia-builder-el-1  avia-builder-el-no-sibling  avia-align-center '  itemprop=\"image\" itemscope=\"itemscope\" itemtype=\"https:\/\/schema.org\/ImageObject\"  ><div class='avia-image-container-inner'><div class='avia-image-overlay-wrap'><img decoding=\"async\" class='wp-image-58874 avia-img-lazy-loading-not-58874 avia_image' src=\"https:\/\/radiorevelacionfm.cl\/wp-content\/uploads\/2025\/09\/DE-visita-JI-Alitas-Voladoras_Region-de-Aysen-Balmaceda_02sep2025-00823-1.jpg\" alt='' title='DE visita JI Alitas Voladoras_Regi\u00f3n de Ays\u00e9n-Balmaceda_02sep2025-00823 (1)' height=\"600\" width=\"898\"  itemprop=\"thumbnailUrl\" srcset=\"https:\/\/radiorevelacionfm.cl\/wp-content\/uploads\/2025\/09\/DE-visita-JI-Alitas-Voladoras_Region-de-Aysen-Balmaceda_02sep2025-00823-1.jpg 898w, https:\/\/radiorevelacionfm.cl\/wp-content\/uploads\/2025\/09\/DE-visita-JI-Alitas-Voladoras_Region-de-Aysen-Balmaceda_02sep2025-00823-1-300x200.jpg 300w, https:\/\/radiorevelacionfm.cl\/wp-content\/uploads\/2025\/09\/DE-visita-JI-Alitas-Voladoras_Region-de-Aysen-Balmaceda_02sep2025-00823-1-768x513.jpg 768w, https:\/\/radiorevelacionfm.cl\/wp-content\/uploads\/2025\/09\/DE-visita-JI-Alitas-Voladoras_Region-de-Aysen-Balmaceda_02sep2025-00823-1-705x471.jpg 705w, https:\/\/radiorevelacionfm.cl\/wp-content\/uploads\/2025\/09\/DE-visita-JI-Alitas-Voladoras_Region-de-Aysen-Balmaceda_02sep2025-00823-1-450x301.jpg 450w, https:\/\/radiorevelacionfm.cl\/wp-content\/uploads\/2025\/09\/DE-visita-JI-Alitas-Voladoras_Region-de-Aysen-Balmaceda_02sep2025-00823-1-600x401.jpg 600w\" sizes=\"(max-width: 898px) 100vw, 898px\" \/><\/div><\/div><\/div><\/div><div class=\"flex_column av_one_full  flex_column_div av-zero-column-padding first  avia-builder-el-2  el_after_av_one_full  el_before_av_one_full  column-top-margin\" style='border-radius:0px; '><section class=\"av_textblock_section \"  itemscope=\"itemscope\" itemtype=\"https:\/\/schema.org\/BlogPosting\" itemprop=\"blogPost\" ><div class='avia_textblock  '   itemprop=\"text\" ><p style=\"text-align: center;\"><strong><span style=\"font-size: 18pt;\">Director ejecutivo de Fundaci\u00f3n Integra lider\u00f3 \u201cEncuentros en Ruta\u201d con familias y equipos de la regi\u00f3n de Ays\u00e9n<\/span><\/strong><\/p>\n<div id=\"gtx-trans\" style=\"position: absolute; left: -50px; top: 4.31534px;\">\n<div class=\"gtx-trans-icon\"><\/div>\n<\/div>\n<\/div><\/section><\/div><div class=\"flex_column av_one_full  flex_column_div av-zero-column-padding first  avia-builder-el-4  el_after_av_one_full  el_before_av_hr  column-top-margin\" style='border-radius:0px; '><section class=\"av_textblock_section \"  itemscope=\"itemscope\" itemtype=\"https:\/\/schema.org\/BlogPosting\" itemprop=\"blogPost\" ><div class='avia_textblock  '   itemprop=\"text\" ><p style=\"font-weight: 400; text-align: justify;\"><em>En su recorrido por la zona, la autoridad nacional \u2013junto a la directora regional de Fundaci\u00f3n Integra\u2013 visit\u00f3 diversos establecimientos, se reuni\u00f3 con la seremi de Educaci\u00f3n y comparti\u00f3 con la comunidad los principales avances institucionales.<\/em><\/p>\n<p style=\"font-weight: 400; text-align: justify;\">En una visita de cuatro d\u00edas a la regi\u00f3n de Ays\u00e9n, el director ejecutivo de Fundaci\u00f3n Integra, Carlos Gonz\u00e1lez Rivas, acompa\u00f1ado de la directora regional Leticia Araya Norambuena, encabez\u00f3 una nueva versi\u00f3n de los \u201cEncuentros en Ruta\u201d, espacios que buscan escuchar, dialogar y compartir con familias y equipos educativos el impacto de la labor transformadora que d\u00eda a d\u00eda se realiza en beneficio de ni\u00f1as y ni\u00f1os.<\/p>\n<p style=\"font-weight: 400; text-align: justify;\"><strong>Di\u00e1logo y reflexi\u00f3n en terreno<\/strong><\/p>\n<p style=\"font-weight: 400; text-align: justify;\">El recorrido comenz\u00f3 en la sala cuna y jard\u00edn infantil Alitas Voladoras, de Balmaceda, para luego trasladarse a la oficina regional en Coyhaique y conocer el despliegue institucional en el territorio. Posteriormente, en el Museo Regional de Ays\u00e9n, trabajadores y trabajadoras reflexionaron sobre su rol como garantes de derechos y agentes de cambio social, destacando la importancia del buen trato y la creaci\u00f3n de ambientes amorosos, seguros y bientratantes.<\/p>\n<p style=\"font-weight: 400; text-align: justify;\">En la sala cuna y jard\u00edn infantil Nueva Esperanza, que recientemente obtuvo su Reconocimiento Oficial, se vivi\u00f3 un encuentro inspirador con familias, centrado en c\u00f3mo construir comunidades educativas basadas en la confianza, el respeto y el bienestar de ni\u00f1as y ni\u00f1os. Al respecto, el director ejecutivo entreg\u00f3 palabras de reconocimiento: \u201cValoro y agradezco el poder estar en la regi\u00f3n de Ays\u00e9n, una zona donde la naturaleza habla con voz propia y desaf\u00eda a quienes la habitan. Relevo con gratitud el compromiso de las y los trabajadores de Fundaci\u00f3n Integra, que a pesar de las dificultades que impone este hermoso territorio, entregan cada d\u00eda una educaci\u00f3n p\u00fablica, gratuita y de calidad que trasciende en la vida de miles de ni\u00f1as y ni\u00f1os y sus familias\u201d.<\/p>\n<p style=\"font-weight: 400; text-align: justify;\"><strong>Dos a\u00f1os de gesti\u00f3n y desaf\u00edos futuros<\/strong><\/p>\n<p style=\"font-weight: 400; text-align: justify;\">Este Encuentro en Ruta coincidi\u00f3 con la conmemoraci\u00f3n de los dos a\u00f1os de gesti\u00f3n del director ejecutivo, Carlos Gonz\u00e1lez Rivas, ocasi\u00f3n que permiti\u00f3 repasar avances y proyectar los desaf\u00edos futuros de la Carta de Navegaci\u00f3n 2024\u20132026: con amor y compromiso por la ni\u00f1ez.<\/p>\n<p style=\"font-weight: 400; text-align: justify;\">En la sala cuna y jard\u00edn infantil Las Araucarias, de Coyhaique, la autoridad nacional recibi\u00f3 a ni\u00f1as, ni\u00f1os y familias al inicio de la jornada, comparti\u00f3 con la comunidad educativa y recorri\u00f3 los espacios del establecimiento. M\u00e1s tarde, en el jard\u00edn infantil Gotitas de Lluvia de Puerto Ays\u00e9n, se gener\u00f3 un emotivo espacio de conversaci\u00f3n y conmemoraci\u00f3n junto a las familias, valorando su rol clave en la construcci\u00f3n de trayectorias educativas significativas.<\/p>\n<p style=\"font-weight: 400; text-align: justify;\">Finalmente, en el plano protocolar, el director ejecutivo se reuni\u00f3 con la seremi de Educaci\u00f3n de Ays\u00e9n, Katherine Miqueles Hern\u00e1ndez, para abordar oportunidades y desaf\u00edos del sector en la regi\u00f3n, reafirmando el compromiso institucional con la educaci\u00f3n parvularia p\u00fablica y de calidad.<\/p>\n<\/div><\/section><\/div><div  style='height:50px' class='hr hr-invisible   avia-builder-el-6  el_after_av_one_full  el_before_av_social_share '><span class='hr-inner ' ><span class='hr-inner-style'><\/span><\/span><\/div><\/p>\n<div  class='av-social-sharing-box  avia-builder-el-7  el_after_av_hr  el_before_av_hr  '><div class='av-share-box'><h5 class='av-share-link-description av-no-toc '>Compartir esta noticia<\/h5><ul class='av-share-box-list noLightbox'><li class='av-share-link av-social-link-facebook' ><a target=\"_blank\" aria-label=\"Compartir en Facebook\" href='https:\/\/www.facebook.com\/sharer.php?u=https:\/\/radiorevelacionfm.cl\/?p=58873&#038;t=Director%20ejecutivo%20de%20Fundaci%C3%B3n%20Integra%20lider%C3%B3%20%E2%80%9CEncuentros%20en%20Ruta%E2%80%9D%20con%20familias%20y%20equipos%20de%20la%20regi%C3%B3n%20de%20Ays%C3%A9n' aria-hidden='false' data-av_icon='\ue8f3' data-av_iconfont='entypo-fontello' title='' data-avia-related-tooltip='Compartir en Facebook' rel=\"noopener\"><span class='avia_hidden_link_text'>Compartir en Facebook<\/span><\/a><\/li><li class='av-share-link av-social-link-twitter' ><a target=\"_blank\" aria-label=\"Compartir en Twitter\" href='https:\/\/twitter.com\/share?text=Director%20ejecutivo%20de%20Fundaci%C3%B3n%20Integra%20lider%C3%B3%20%E2%80%9CEncuentros%20en%20Ruta%E2%80%9D%20con%20familias%20y%20equipos%20de%20la%20regi%C3%B3n%20de%20Ays%C3%A9n&#038;url=https:\/\/radiorevelacionfm.cl\/?p=58873' aria-hidden='false' data-av_icon='\ue8f1' data-av_iconfont='entypo-fontello' title='' data-avia-related-tooltip='Compartir en Twitter' rel=\"noopener\"><span class='avia_hidden_link_text'>Compartir en Twitter<\/span><\/a><\/li><li class='av-share-link av-social-link-whatsapp' ><a target=\"_blank\" aria-label=\"Compartir en Whatsapp\" href='https:\/\/api.whatsapp.com\/send?text=https:\/\/radiorevelacionfm.cl\/?p=58873' aria-hidden='false' data-av_icon='\uf232' data-av_iconfont='entypo-fontello' title='' data-avia-related-tooltip='Compartir en Whatsapp' rel=\"noopener\"><span class='avia_hidden_link_text'>Compartir en Whatsapp<\/span><\/a><\/li><li class='av-share-link av-social-link-linkedin' ><a target=\"_blank\" aria-label=\"Compartir en LinkedIn\" href='https:\/\/linkedin.com\/shareArticle?mini=true&#038;title=Director%20ejecutivo%20de%20Fundaci%C3%B3n%20Integra%20lider%C3%B3%20%E2%80%9CEncuentros%20en%20Ruta%E2%80%9D%20con%20familias%20y%20equipos%20de%20la%20regi%C3%B3n%20de%20Ays%C3%A9n&#038;url=https:\/\/radiorevelacionfm.cl\/?p=58873' aria-hidden='false' data-av_icon='\ue8fc' data-av_iconfont='entypo-fontello' title='' data-avia-related-tooltip='Compartir en LinkedIn' rel=\"noopener\"><span class='avia_hidden_link_text'>Compartir en LinkedIn<\/span><\/a><\/li><li class='av-share-link av-social-link-mail' ><a  aria-label=\"Compartir por correo\" href='mailto:?subject=Director%20ejecutivo%20de%20Fundaci%C3%B3n%20Integra%20lider%C3%B3%20%E2%80%9CEncuentros%20en%20Ruta%E2%80%9D%20con%20familias%20y%20equipos%20de%20la%20regi%C3%B3n%20de%20Ays%C3%A9n&#038;body=https:\/\/radiorevelacionfm.cl\/?p=58873' aria-hidden='false' data-av_icon='\ue805' data-av_iconfont='entypo-fontello' title='' data-avia-related-tooltip='Compartir por correo'><span class='avia_hidden_link_text'>Compartir por correo<\/span><\/a><\/li><\/ul><\/div><\/div>\n<div  style='height:50px' class='hr hr-invisible   avia-builder-el-8  el_after_av_social_share  el_before_av_comments_list '><span class='hr-inner ' ><span class='hr-inner-style'><\/span><\/span><\/div>\n<div  class='av-buildercomment  av-blog-meta-html-info-disabled av-blog-meta-tag-disabled  '><\/div>\n","protected":false},"excerpt":{"rendered":"","protected":false},"author":1,"featured_media":58874,"comment_status":"closed","ping_status":"closed","sticky":false,"template":"","format":"standard","meta":{"footnotes":""},"categories":[49],"tags":[],"class_list":["post-58873","post","type-post","status-publish","format-standard","has-post-thumbnail","hentry","category-educacion"],"jetpack_featured_media_url":"https:\/\/radiorevelacionfm.cl\/wp-content\/uploads\/2025\/09\/DE-visita-JI-Alitas-Voladoras_Region-de-Aysen-Balmaceda_02sep2025-00823-1.jpg","_links":{"self":[{"href":"https:\/\/radiorevelacionfm.cl\/index.php?rest_route=\/wp\/v2\/posts\/58873","targetHints":{"allow":["GET"]}}],"collection":[{"href":"https:\/\/radiorevelacionfm.cl\/index.php?rest_route=\/wp\/v2\/posts"}],"about":[{"href":"https:\/\/radiorevelacionfm.cl\/index.php?rest_route=\/wp\/v2\/types\/post"}],"author":[{"embeddable":true,"href":"https:\/\/radiorevelacionfm.cl\/index.php?rest_route=\/wp\/v2\/users\/1"}],"replies":[{"embeddable":true,"href":"https:\/\/radiorevelacionfm.cl\/index.php?rest_route=%2Fwp%2Fv2%2Fcomments&post=58873"}],"version-history":[{"count":2,"href":"https:\/\/radiorevelacionfm.cl\/index.php?rest_route=\/wp\/v2\/posts\/58873\/revisions"}],"predecessor-version":[{"id":58877,"href":"https:\/\/radiorevelacionfm.cl\/index.php?rest_route=\/wp\/v2\/posts\/58873\/revisions\/58877"}],"wp:featuredmedia":[{"embeddable":true,"href":"https:\/\/radiorevelacionfm.cl\/index.php?rest_route=\/wp\/v2\/media\/58874"}],"wp:attachment":[{"href":"https:\/\/radiorevelacionfm.cl\/index.php?rest_route=%2Fwp%2Fv2%2Fmedia&parent=58873"}],"wp:term":[{"taxonomy":"category","embeddable":true,"href":"https:\/\/radiorevelacionfm.cl\/index.php?rest_route=%2Fwp%2Fv2%2Fcategories&post=58873"},{"taxonomy":"post_tag","embeddable":true,"href":"https:\/\/radiorevelacionfm.cl\/index.php?rest_route=%2Fwp%2Fv2%2Ftags&post=58873"}],"curies":[{"name":"wp","href":"https:\/\/api.w.org\/{rel}","templated":true}]}}