{"id":58869,"date":"2025-09-08T21:31:25","date_gmt":"2025-09-09T00:31:25","guid":{"rendered":"https:\/\/radiorevelacionfm.cl\/?p=58869"},"modified":"2025-09-08T21:31:25","modified_gmt":"2025-09-09T00:31:25","slug":"alcalde-martinez-tras-anuncio-de-recorte-presupuestario-para-la-region-de-aysen-el-gobierno-central-y-el-estado-una-vez-mas-nos-ven-como-el-patio-trasero-de-chile","status":"publish","type":"post","link":"https:\/\/radiorevelacionfm.cl\/?p=58869","title":{"rendered":"Alcalde Mart\u00ednez tras anuncio de recorte presupuestario para la regi\u00f3n de Ays\u00e9n: \u201cEl gobierno central y el estado una vez m\u00e1s nos ven como el patio trasero de Chile\u201d"},"content":{"rendered":"<div class=\"flex_column av_one_full  flex_column_div av-zero-column-padding first  avia-builder-el-0  el_before_av_one_full  avia-builder-el-first  \" style='border-radius:0px; '><div  class='avia-image-container  av-styling-    avia-builder-el-1  avia-builder-el-no-sibling  avia-align-center '  itemprop=\"image\" itemscope=\"itemscope\" itemtype=\"https:\/\/schema.org\/ImageObject\"  ><div class='avia-image-container-inner'><div class='avia-image-overlay-wrap'><img decoding=\"async\" class='wp-image-58870 avia-img-lazy-loading-not-58870 avia_image' src=\"https:\/\/radiorevelacionfm.cl\/wp-content\/uploads\/2025\/09\/com5598-1-2_optimized.jpg\" alt='' title='_com5598-(1)-(2)_optimized' height=\"600\" width=\"897\"  itemprop=\"thumbnailUrl\" srcset=\"https:\/\/radiorevelacionfm.cl\/wp-content\/uploads\/2025\/09\/com5598-1-2_optimized.jpg 897w, https:\/\/radiorevelacionfm.cl\/wp-content\/uploads\/2025\/09\/com5598-1-2_optimized-300x201.jpg 300w, https:\/\/radiorevelacionfm.cl\/wp-content\/uploads\/2025\/09\/com5598-1-2_optimized-768x514.jpg 768w, https:\/\/radiorevelacionfm.cl\/wp-content\/uploads\/2025\/09\/com5598-1-2_optimized-705x472.jpg 705w, https:\/\/radiorevelacionfm.cl\/wp-content\/uploads\/2025\/09\/com5598-1-2_optimized-450x301.jpg 450w, https:\/\/radiorevelacionfm.cl\/wp-content\/uploads\/2025\/09\/com5598-1-2_optimized-600x401.jpg 600w\" sizes=\"(max-width: 897px) 100vw, 897px\" \/><\/div><\/div><\/div><\/div><div class=\"flex_column av_one_full  flex_column_div av-zero-column-padding first  avia-builder-el-2  el_after_av_one_full  el_before_av_one_full  column-top-margin\" style='border-radius:0px; '><section class=\"av_textblock_section \"  itemscope=\"itemscope\" itemtype=\"https:\/\/schema.org\/BlogPosting\" itemprop=\"blogPost\" ><div class='avia_textblock  '   itemprop=\"text\" ><p style=\"text-align: center;\"><span style=\"font-size: 18pt;\"><strong>Alcalde Mart\u00ednez tras anuncio de recorte presupuestario para la regi\u00f3n de Ays\u00e9n: <\/strong><strong>\u201cEl gobierno central y el estado una vez m\u00e1s nos ven como el patio trasero de Chile\u201d<\/strong><\/span><\/p>\n<div id=\"gtx-trans\" style=\"position: absolute; left: -50px; top: 4.31534px;\">\n<div class=\"gtx-trans-icon\"><\/div>\n<\/div>\n<\/div><\/section><\/div><div class=\"flex_column av_one_full  flex_column_div av-zero-column-padding first  avia-builder-el-4  el_after_av_one_full  el_before_av_hr  column-top-margin\" style='border-radius:0px; '><section class=\"av_textblock_section \"  itemscope=\"itemscope\" itemtype=\"https:\/\/schema.org\/BlogPosting\" itemprop=\"blogPost\" ><div class='avia_textblock  '   itemprop=\"text\" ><p style=\"text-align: justify;\"><em>El edil rechaz\u00f3 de forma categ\u00f3rica la informaci\u00f3n emanada desde el ministerio de Hacienda, respecto a una disminuci\u00f3n del 6,9% en el presupuesto regional para el a\u00f1o 2026.<\/em><\/p>\n<p style=\"text-align: justify;\">El alcalde de la comuna de Ays\u00e9n, Luis Mart\u00ednez, manifest\u00f3 su rechazo al recorte presupuestario anunciado en los \u00faltimos d\u00edas por el ministro de Hacienda, Nicol\u00e1s Grau, que afectar\u00e1 a casi todas las regiones del pa\u00eds.<\/p>\n<p style=\"text-align: justify;\">En este sentido, de acuerdo a la informaci\u00f3n, Ays\u00e9n ser\u00e1 la m\u00e1s perjudicada, al presentar una rebaja del 6,9% en su arca anual que afectar\u00eda gravemente a las comunidades que forman parte de la regi\u00f3n. \u201cLa verdad es que encuentro impresentable y de una indolencia tremenda esta rebaja que se pretende hacer el pr\u00f3ximo a\u00f1o\u201d, se\u00f1al\u00f3 el edil porte\u00f1o. \u201cEs justamente al gobierno regional donde los municipios presentamos una gran cantidad de proyectos. El Fondo Regional de Inversi\u00f3n Local, FRIL; Programa de Mejoramiento Urbano, PMU, dirigido especialmente a nuestros vecinos y vecinas. En nuestro municipio, espec\u00edficamente, casi 200 empleos salen de ac\u00e1 por lo cual, sin duda, esto nos afectar\u00e1 de sobremanera\u201d, explic\u00f3.<\/p>\n<p style=\"text-align: justify;\">La autoridad comunal acus\u00f3 que esta determinaci\u00f3n compromete gravemente el desarrollo local, e impide responder necesidades fundamentales de las comunidades. \u201cEs de una indolencia de parte del gobierno central y del estado de Chile esta resoluci\u00f3n. Una vez m\u00e1s nos ven como el patio trasero del pa\u00eds. Pensar\u00e1n que, porque somos menos habitantes, no tenemos necesidades, o que estamos de acuerdo porque no gritamos. Tal vez sean pocos votos\u201d, expres\u00f3.<\/p>\n<p style=\"text-align: justify;\">\u201cHago un llamado a nuestros parlamentarios y a todas las fuerzas vivas de la regi\u00f3n a que tenemos que esta vez ponernos -como se dice- <em>en las coloradas<\/em> y no permitir que se haga esta rebaja\u201d, finaliz\u00f3 Mart\u00ednez Gallardo.<\/p>\n<\/div><\/section><\/div><div  style='height:50px' class='hr hr-invisible   avia-builder-el-6  el_after_av_one_full  el_before_av_social_share '><span class='hr-inner ' ><span class='hr-inner-style'><\/span><\/span><\/div><\/p>\n<div  class='av-social-sharing-box  avia-builder-el-7  el_after_av_hr  el_before_av_hr  '><div class='av-share-box'><h5 class='av-share-link-description av-no-toc '>Compartir esta noticia<\/h5><ul class='av-share-box-list noLightbox'><li class='av-share-link av-social-link-facebook' ><a target=\"_blank\" aria-label=\"Compartir en Facebook\" href='https:\/\/www.facebook.com\/sharer.php?u=https:\/\/radiorevelacionfm.cl\/?p=58869&#038;t=Alcalde%20Mart%C3%ADnez%20tras%20anuncio%20de%20recorte%20presupuestario%20para%20la%20regi%C3%B3n%20de%20Ays%C3%A9n%3A%20%E2%80%9CEl%20gobierno%20central%20y%20el%20estado%20una%20vez%20m%C3%A1s%20nos%20ven%20como%20el%20patio%20trasero%20de%20Chile%E2%80%9D' aria-hidden='false' data-av_icon='\ue8f3' data-av_iconfont='entypo-fontello' title='' data-avia-related-tooltip='Compartir en Facebook' rel=\"noopener\"><span class='avia_hidden_link_text'>Compartir en Facebook<\/span><\/a><\/li><li class='av-share-link av-social-link-twitter' ><a target=\"_blank\" aria-label=\"Compartir en Twitter\" href='https:\/\/twitter.com\/share?text=Alcalde%20Mart%C3%ADnez%20tras%20anuncio%20de%20recorte%20presupuestario%20para%20la%20regi%C3%B3n%20de%20Ays%C3%A9n%3A%20%E2%80%9CEl%20gobierno%20central%20y%20el%20estado%20una%20vez%20m%C3%A1s%20nos%20ven%20como%20el%20patio%20trasero%20de%20Chile%E2%80%9D&#038;url=https:\/\/radiorevelacionfm.cl\/?p=58869' aria-hidden='false' data-av_icon='\ue8f1' data-av_iconfont='entypo-fontello' title='' data-avia-related-tooltip='Compartir en Twitter' rel=\"noopener\"><span class='avia_hidden_link_text'>Compartir en Twitter<\/span><\/a><\/li><li class='av-share-link av-social-link-whatsapp' ><a target=\"_blank\" aria-label=\"Compartir en Whatsapp\" href='https:\/\/api.whatsapp.com\/send?text=https:\/\/radiorevelacionfm.cl\/?p=58869' aria-hidden='false' data-av_icon='\uf232' data-av_iconfont='entypo-fontello' title='' data-avia-related-tooltip='Compartir en Whatsapp' rel=\"noopener\"><span class='avia_hidden_link_text'>Compartir en Whatsapp<\/span><\/a><\/li><li class='av-share-link av-social-link-linkedin' ><a target=\"_blank\" aria-label=\"Compartir en LinkedIn\" href='https:\/\/linkedin.com\/shareArticle?mini=true&#038;title=Alcalde%20Mart%C3%ADnez%20tras%20anuncio%20de%20recorte%20presupuestario%20para%20la%20regi%C3%B3n%20de%20Ays%C3%A9n%3A%20%E2%80%9CEl%20gobierno%20central%20y%20el%20estado%20una%20vez%20m%C3%A1s%20nos%20ven%20como%20el%20patio%20trasero%20de%20Chile%E2%80%9D&#038;url=https:\/\/radiorevelacionfm.cl\/?p=58869' aria-hidden='false' data-av_icon='\ue8fc' data-av_iconfont='entypo-fontello' title='' data-avia-related-tooltip='Compartir en LinkedIn' rel=\"noopener\"><span class='avia_hidden_link_text'>Compartir en LinkedIn<\/span><\/a><\/li><li class='av-share-link av-social-link-mail' ><a  aria-label=\"Compartir por correo\" href='mailto:?subject=Alcalde%20Mart%C3%ADnez%20tras%20anuncio%20de%20recorte%20presupuestario%20para%20la%20regi%C3%B3n%20de%20Ays%C3%A9n%3A%20%E2%80%9CEl%20gobierno%20central%20y%20el%20estado%20una%20vez%20m%C3%A1s%20nos%20ven%20como%20el%20patio%20trasero%20de%20Chile%E2%80%9D&#038;body=https:\/\/radiorevelacionfm.cl\/?p=58869' aria-hidden='false' data-av_icon='\ue805' data-av_iconfont='entypo-fontello' title='' data-avia-related-tooltip='Compartir por correo'><span class='avia_hidden_link_text'>Compartir por correo<\/span><\/a><\/li><\/ul><\/div><\/div>\n<div  style='height:50px' class='hr hr-invisible   avia-builder-el-8  el_after_av_social_share  el_before_av_comments_list '><span class='hr-inner ' ><span class='hr-inner-style'><\/span><\/span><\/div>\n<div  class='av-buildercomment  av-blog-meta-html-info-disabled av-blog-meta-tag-disabled  '><\/div>\n","protected":false},"excerpt":{"rendered":"","protected":false},"author":1,"featured_media":58870,"comment_status":"closed","ping_status":"closed","sticky":false,"template":"","format":"standard","meta":{"footnotes":""},"categories":[38],"tags":[],"class_list":["post-58869","post","type-post","status-publish","format-standard","has-post-thumbnail","hentry","category-regional"],"jetpack_featured_media_url":"https:\/\/radiorevelacionfm.cl\/wp-content\/uploads\/2025\/09\/com5598-1-2_optimized.jpg","_links":{"self":[{"href":"https:\/\/radiorevelacionfm.cl\/index.php?rest_route=\/wp\/v2\/posts\/58869","targetHints":{"allow":["GET"]}}],"collection":[{"href":"https:\/\/radiorevelacionfm.cl\/index.php?rest_route=\/wp\/v2\/posts"}],"about":[{"href":"https:\/\/radiorevelacionfm.cl\/index.php?rest_route=\/wp\/v2\/types\/post"}],"author":[{"embeddable":true,"href":"https:\/\/radiorevelacionfm.cl\/index.php?rest_route=\/wp\/v2\/users\/1"}],"replies":[{"embeddable":true,"href":"https:\/\/radiorevelacionfm.cl\/index.php?rest_route=%2Fwp%2Fv2%2Fcomments&post=58869"}],"version-history":[{"count":2,"href":"https:\/\/radiorevelacionfm.cl\/index.php?rest_route=\/wp\/v2\/posts\/58869\/revisions"}],"predecessor-version":[{"id":58872,"href":"https:\/\/radiorevelacionfm.cl\/index.php?rest_route=\/wp\/v2\/posts\/58869\/revisions\/58872"}],"wp:featuredmedia":[{"embeddable":true,"href":"https:\/\/radiorevelacionfm.cl\/index.php?rest_route=\/wp\/v2\/media\/58870"}],"wp:attachment":[{"href":"https:\/\/radiorevelacionfm.cl\/index.php?rest_route=%2Fwp%2Fv2%2Fmedia&parent=58869"}],"wp:term":[{"taxonomy":"category","embeddable":true,"href":"https:\/\/radiorevelacionfm.cl\/index.php?rest_route=%2Fwp%2Fv2%2Fcategories&post=58869"},{"taxonomy":"post_tag","embeddable":true,"href":"https:\/\/radiorevelacionfm.cl\/index.php?rest_route=%2Fwp%2Fv2%2Ftags&post=58869"}],"curies":[{"name":"wp","href":"https:\/\/api.w.org\/{rel}","templated":true}]}}