{"id":58865,"date":"2025-09-08T21:08:35","date_gmt":"2025-09-09T00:08:35","guid":{"rendered":"https:\/\/radiorevelacionfm.cl\/?p=58865"},"modified":"2025-09-08T21:08:35","modified_gmt":"2025-09-09T00:08:35","slug":"fiscalizacion-preventiva-para-un-18-seguro-desplego-el-gobierno-en-cochrane-y-tortel","status":"publish","type":"post","link":"https:\/\/radiorevelacionfm.cl\/?p=58865","title":{"rendered":"Fiscalizaci\u00f3n preventiva para un 18 Seguro despleg\u00f3 el Gobierno en Cochrane y Tortel"},"content":{"rendered":"<div class=\"flex_column av_one_full  flex_column_div av-zero-column-padding first  avia-builder-el-0  el_before_av_one_full  avia-builder-el-first  \" style='border-radius:0px; '><div  class='avia-image-container  av-styling-    avia-builder-el-1  avia-builder-el-no-sibling  avia-align-center '  itemprop=\"image\" itemscope=\"itemscope\" itemtype=\"https:\/\/schema.org\/ImageObject\"  ><div class='avia-image-container-inner'><div class='avia-image-overlay-wrap'><img decoding=\"async\" class='wp-image-58866 avia-img-lazy-loading-not-58866 avia_image' src=\"https:\/\/radiorevelacionfm.cl\/wp-content\/uploads\/2025\/09\/whatsapp-image-2025-09-08-at-12_optimized.42.38-2-1.jpeg\" alt='' title='whatsapp-image-2025-09-08-at-12_optimized.42.38-(2)-(1)' height=\"600\" width=\"800\"  itemprop=\"thumbnailUrl\" srcset=\"https:\/\/radiorevelacionfm.cl\/wp-content\/uploads\/2025\/09\/whatsapp-image-2025-09-08-at-12_optimized.42.38-2-1.jpeg 800w, https:\/\/radiorevelacionfm.cl\/wp-content\/uploads\/2025\/09\/whatsapp-image-2025-09-08-at-12_optimized.42.38-2-1-300x225.jpeg 300w, https:\/\/radiorevelacionfm.cl\/wp-content\/uploads\/2025\/09\/whatsapp-image-2025-09-08-at-12_optimized.42.38-2-1-768x576.jpeg 768w, https:\/\/radiorevelacionfm.cl\/wp-content\/uploads\/2025\/09\/whatsapp-image-2025-09-08-at-12_optimized.42.38-2-1-705x529.jpeg 705w, https:\/\/radiorevelacionfm.cl\/wp-content\/uploads\/2025\/09\/whatsapp-image-2025-09-08-at-12_optimized.42.38-2-1-450x338.jpeg 450w, https:\/\/radiorevelacionfm.cl\/wp-content\/uploads\/2025\/09\/whatsapp-image-2025-09-08-at-12_optimized.42.38-2-1-600x450.jpeg 600w\" sizes=\"(max-width: 800px) 100vw, 800px\" \/><\/div><\/div><\/div><\/div><div class=\"flex_column av_one_full  flex_column_div av-zero-column-padding first  avia-builder-el-2  el_after_av_one_full  el_before_av_one_full  column-top-margin\" style='border-radius:0px; '><section class=\"av_textblock_section \"  itemscope=\"itemscope\" itemtype=\"https:\/\/schema.org\/BlogPosting\" itemprop=\"blogPost\" ><div class='avia_textblock  '   itemprop=\"text\" ><p style=\"text-align: center;\"><span style=\"font-size: 18pt;\"><b>Fiscalizaci\u00f3n preventiva para un 18 Seguro despleg\u00f3 el Gobierno en Cochrane y Tortel<\/b><\/span><\/p>\n<div id=\"gtx-trans\" style=\"position: absolute; left: -50px; top: 4.31534px;\">\n<div class=\"gtx-trans-icon\"><\/div>\n<\/div>\n<\/div><\/section><\/div><div class=\"flex_column av_one_full  flex_column_div av-zero-column-padding first  avia-builder-el-4  el_after_av_one_full  el_before_av_hr  column-top-margin\" style='border-radius:0px; '><section class=\"av_textblock_section \"  itemscope=\"itemscope\" itemtype=\"https:\/\/schema.org\/BlogPosting\" itemprop=\"blogPost\" ><div class='avia_textblock  '   itemprop=\"text\" ><p style=\"font-weight: 400; text-align: justify;\">Con el objetivo de reforzar la seguridad p\u00fablica para un 18 seguro, el Gobierno despleg\u00f3 este fin de semana un operativo de fiscalizaci\u00f3n preventiva de personas y veh\u00edculos en Cochrane y Tortel, en la provincia Capit\u00e1n Prat, en el sur de la Regi\u00f3n de Ays\u00e9n.<\/p>\n<p style=\"font-weight: 400; text-align: justify;\">El operativo fue encabezado por el Delegado Presidencial Regional, Jorge D\u00edaz Guzm\u00e1n, y la seremi de Seguridad P\u00fablica, Ruth Vallejos Cuiti\u00f1o, junto a equipos de Aduanas, Servicio de Impuestos Internos, Armada, Carabineros y PDI.<\/p>\n<p style=\"font-weight: 400; text-align: justify;\">\u201cTenemos esta conectividad con un subsidio del Ministerio de Transportes y Telecomunicaciones, que nos permite conectar Puerto Natales con la Regi\u00f3n de Ays\u00e9n para el turismo y abastecimiento desde y hacia Magallanes, y queremos dar la se\u00f1al de que se puede hacer de manera segura. Es un tramo que debemos potenciar, los transportistas la valoran y es posible hacerla de manera segura\u201d, indic\u00f3 el Delegado Jorge D\u00edaz Guzm\u00e1n.<\/p>\n<p style=\"font-weight: 400; text-align: justify;\">En tanto, la seremi Ruth Vallejos dijo que \u201cestamos inspeccionado todo lo que es control de drogas, cargas y la regularidad de los traslados. La idea es que nos aperemos este 18 cumpliendo la ley, as\u00ed es que estamos trabajando en seguridad, estamos trabajando en prevenci\u00f3n para que todos y todas podamos tener un 18 seguro\u201d, enfatiz\u00f3.<\/p>\n<p style=\"font-weight: 400; text-align: justify;\">El capit\u00e1n de puerto de Caleta Tortel, suboficial litoral de seguridad mar\u00edtima Gonzalo Rodr\u00edguez Guti\u00e9rrez indic\u00f3 que \u201cvinimos a apoyar la labor de la seremi del Ministerio de Seguridad, una labor mar\u00edtima de control de las rampas, el ferry Crux Australis, haciendo labor de orden, seguridad y disciplina y apoyo a las polic\u00edas. Es importante la labor preventiva que se est\u00e1 desarrollando, debido a que hay un importante flujo de turismo y de carga en la regi\u00f3n, desde Caleta Tortel hacia Puerto Ed\u00e9n y Puerto Natales\u201d.<\/p>\n<p style=\"font-weight: 400; text-align: justify;\">El\u00a0 Teniente coronel Rodrigo Molina Trujillo, subprefecto fronterizo de la Prefectura Ays\u00e9n, a\u00f1adi\u00f3 que \u201cCarabineros, a trav\u00e9s de Centauro y la secci\u00f3n OS-7, estuvimos fiscalizando temas de droga y revisando la documentaci\u00f3n de los veh\u00edculos. Se hizo fiscalizaci\u00f3n, orientaci\u00f3n y los resultados son los esperados\u201d.<\/p>\n<p style=\"font-weight: 400; text-align: justify;\">La PDI por medio de la Brigada Antinarc\u00f3ticos y Contra el Crimen Organizado (Brianco) Coyhaique y el Departamento de Migraciones y Polic\u00eda Internacional (Polint) Coyhaique, fiscalizaron personas y revisaron veh\u00edculos en busca de droga con ayuda de su ejemplar canino Jade.<\/p>\n<p style=\"font-weight: 400; text-align: justify;\">\u201cSe desarrollaron diversas fiscalizaciones, se controlaron personas extranjeras y chilenas y se registraron veh\u00edculos livianos y pesados, todos sin ninguna novedad. Se van a seguir haciendo estas fiscalizaciones en distintos puntos de la regi\u00f3n\u201d, coment\u00f3 Ren\u00e9 Retamal Quintanilla, subprefecto y jefe de Polint Coyhaique, quien valor\u00f3 el trabajo en conjunto realizado con las otras instituciones de manera simult\u00e1nea, en pos de bajar la percepci\u00f3n de inseguridad que adolece a los ayseninos.<\/p>\n<p style=\"font-weight: 400; text-align: justify;\">Junto con las fiscalizaciones mar\u00edtimas, el operativo consider\u00f3 inspecciones en \u00e1reas pobladas a fin de cautelar el cumplimiento de las normativas asociadas a la celebraci\u00f3n de Fiestas Patrias.<\/p>\n<\/div><\/section><\/div><div  style='height:50px' class='hr hr-invisible   avia-builder-el-6  el_after_av_one_full  el_before_av_social_share '><span class='hr-inner ' ><span class='hr-inner-style'><\/span><\/span><\/div><\/p>\n<div  class='av-social-sharing-box  avia-builder-el-7  el_after_av_hr  el_before_av_hr  '><div class='av-share-box'><h5 class='av-share-link-description av-no-toc '>Compartir esta noticia<\/h5><ul class='av-share-box-list noLightbox'><li class='av-share-link av-social-link-facebook' ><a target=\"_blank\" aria-label=\"Compartir en Facebook\" href='https:\/\/www.facebook.com\/sharer.php?u=https:\/\/radiorevelacionfm.cl\/?p=58865&#038;t=Fiscalizaci%C3%B3n%20preventiva%20para%20un%2018%20Seguro%20despleg%C3%B3%20el%20Gobierno%20en%20Cochrane%20y%20Tortel' aria-hidden='false' data-av_icon='\ue8f3' data-av_iconfont='entypo-fontello' title='' data-avia-related-tooltip='Compartir en Facebook' rel=\"noopener\"><span class='avia_hidden_link_text'>Compartir en Facebook<\/span><\/a><\/li><li class='av-share-link av-social-link-twitter' ><a target=\"_blank\" aria-label=\"Compartir en Twitter\" href='https:\/\/twitter.com\/share?text=Fiscalizaci%C3%B3n%20preventiva%20para%20un%2018%20Seguro%20despleg%C3%B3%20el%20Gobierno%20en%20Cochrane%20y%20Tortel&#038;url=https:\/\/radiorevelacionfm.cl\/?p=58865' aria-hidden='false' data-av_icon='\ue8f1' data-av_iconfont='entypo-fontello' title='' data-avia-related-tooltip='Compartir en Twitter' rel=\"noopener\"><span class='avia_hidden_link_text'>Compartir en Twitter<\/span><\/a><\/li><li class='av-share-link av-social-link-whatsapp' ><a target=\"_blank\" aria-label=\"Compartir en Whatsapp\" href='https:\/\/api.whatsapp.com\/send?text=https:\/\/radiorevelacionfm.cl\/?p=58865' aria-hidden='false' data-av_icon='\uf232' data-av_iconfont='entypo-fontello' title='' data-avia-related-tooltip='Compartir en Whatsapp' rel=\"noopener\"><span class='avia_hidden_link_text'>Compartir en Whatsapp<\/span><\/a><\/li><li class='av-share-link av-social-link-linkedin' ><a target=\"_blank\" aria-label=\"Compartir en LinkedIn\" href='https:\/\/linkedin.com\/shareArticle?mini=true&#038;title=Fiscalizaci%C3%B3n%20preventiva%20para%20un%2018%20Seguro%20despleg%C3%B3%20el%20Gobierno%20en%20Cochrane%20y%20Tortel&#038;url=https:\/\/radiorevelacionfm.cl\/?p=58865' aria-hidden='false' data-av_icon='\ue8fc' data-av_iconfont='entypo-fontello' title='' data-avia-related-tooltip='Compartir en LinkedIn' rel=\"noopener\"><span class='avia_hidden_link_text'>Compartir en LinkedIn<\/span><\/a><\/li><li class='av-share-link av-social-link-mail' ><a  aria-label=\"Compartir por correo\" href='mailto:?subject=Fiscalizaci%C3%B3n%20preventiva%20para%20un%2018%20Seguro%20despleg%C3%B3%20el%20Gobierno%20en%20Cochrane%20y%20Tortel&#038;body=https:\/\/radiorevelacionfm.cl\/?p=58865' aria-hidden='false' data-av_icon='\ue805' data-av_iconfont='entypo-fontello' title='' data-avia-related-tooltip='Compartir por correo'><span class='avia_hidden_link_text'>Compartir por correo<\/span><\/a><\/li><\/ul><\/div><\/div>\n<div  style='height:50px' class='hr hr-invisible   avia-builder-el-8  el_after_av_social_share  el_before_av_comments_list '><span class='hr-inner ' ><span class='hr-inner-style'><\/span><\/span><\/div>\n<div  class='av-buildercomment  av-blog-meta-html-info-disabled av-blog-meta-tag-disabled  '><\/div>\n","protected":false},"excerpt":{"rendered":"","protected":false},"author":1,"featured_media":58866,"comment_status":"closed","ping_status":"closed","sticky":false,"template":"","format":"standard","meta":{"footnotes":""},"categories":[38],"tags":[],"class_list":["post-58865","post","type-post","status-publish","format-standard","has-post-thumbnail","hentry","category-regional"],"jetpack_featured_media_url":"https:\/\/radiorevelacionfm.cl\/wp-content\/uploads\/2025\/09\/whatsapp-image-2025-09-08-at-12_optimized.42.38-2-1.jpeg","_links":{"self":[{"href":"https:\/\/radiorevelacionfm.cl\/index.php?rest_route=\/wp\/v2\/posts\/58865","targetHints":{"allow":["GET"]}}],"collection":[{"href":"https:\/\/radiorevelacionfm.cl\/index.php?rest_route=\/wp\/v2\/posts"}],"about":[{"href":"https:\/\/radiorevelacionfm.cl\/index.php?rest_route=\/wp\/v2\/types\/post"}],"author":[{"embeddable":true,"href":"https:\/\/radiorevelacionfm.cl\/index.php?rest_route=\/wp\/v2\/users\/1"}],"replies":[{"embeddable":true,"href":"https:\/\/radiorevelacionfm.cl\/index.php?rest_route=%2Fwp%2Fv2%2Fcomments&post=58865"}],"version-history":[{"count":2,"href":"https:\/\/radiorevelacionfm.cl\/index.php?rest_route=\/wp\/v2\/posts\/58865\/revisions"}],"predecessor-version":[{"id":58868,"href":"https:\/\/radiorevelacionfm.cl\/index.php?rest_route=\/wp\/v2\/posts\/58865\/revisions\/58868"}],"wp:featuredmedia":[{"embeddable":true,"href":"https:\/\/radiorevelacionfm.cl\/index.php?rest_route=\/wp\/v2\/media\/58866"}],"wp:attachment":[{"href":"https:\/\/radiorevelacionfm.cl\/index.php?rest_route=%2Fwp%2Fv2%2Fmedia&parent=58865"}],"wp:term":[{"taxonomy":"category","embeddable":true,"href":"https:\/\/radiorevelacionfm.cl\/index.php?rest_route=%2Fwp%2Fv2%2Fcategories&post=58865"},{"taxonomy":"post_tag","embeddable":true,"href":"https:\/\/radiorevelacionfm.cl\/index.php?rest_route=%2Fwp%2Fv2%2Ftags&post=58865"}],"curies":[{"name":"wp","href":"https:\/\/api.w.org\/{rel}","templated":true}]}}