{"id":58856,"date":"2025-09-08T11:27:49","date_gmt":"2025-09-08T14:27:49","guid":{"rendered":"https:\/\/radiorevelacionfm.cl\/?p=58856"},"modified":"2025-09-08T11:27:49","modified_gmt":"2025-09-08T14:27:49","slug":"sag-region-aysen-entrega-recomendaciones-para-viajar-estas-fiestas-patrias","status":"publish","type":"post","link":"https:\/\/radiorevelacionfm.cl\/?p=58856","title":{"rendered":"SAG regi\u00f3n Ays\u00e9n entrega recomendaciones para viajar estas Fiestas Patrias"},"content":{"rendered":"<div class=\"flex_column av_one_full  flex_column_div av-zero-column-padding first  avia-builder-el-0  el_before_av_one_full  avia-builder-el-first  \" style='border-radius:0px; '><div  class='avia-image-container  av-styling-    avia-builder-el-1  avia-builder-el-no-sibling  avia-align-center '  itemprop=\"image\" itemscope=\"itemscope\" itemtype=\"https:\/\/schema.org\/ImageObject\"  ><div class='avia-image-container-inner'><div class='avia-image-overlay-wrap'><img decoding=\"async\" class='wp-image-58857 avia-img-lazy-loading-not-58857 avia_image' src=\"https:\/\/radiorevelacionfm.cl\/wp-content\/uploads\/2025\/09\/cf-3-1-1_optimized.jpeg\" alt='' title='cf-3-(1)-(1)_optimized' height=\"600\" width=\"800\"  itemprop=\"thumbnailUrl\" srcset=\"https:\/\/radiorevelacionfm.cl\/wp-content\/uploads\/2025\/09\/cf-3-1-1_optimized.jpeg 800w, https:\/\/radiorevelacionfm.cl\/wp-content\/uploads\/2025\/09\/cf-3-1-1_optimized-300x225.jpeg 300w, https:\/\/radiorevelacionfm.cl\/wp-content\/uploads\/2025\/09\/cf-3-1-1_optimized-768x576.jpeg 768w, https:\/\/radiorevelacionfm.cl\/wp-content\/uploads\/2025\/09\/cf-3-1-1_optimized-705x529.jpeg 705w, https:\/\/radiorevelacionfm.cl\/wp-content\/uploads\/2025\/09\/cf-3-1-1_optimized-450x338.jpeg 450w, https:\/\/radiorevelacionfm.cl\/wp-content\/uploads\/2025\/09\/cf-3-1-1_optimized-600x450.jpeg 600w\" sizes=\"(max-width: 800px) 100vw, 800px\" \/><\/div><\/div><\/div><\/div><div class=\"flex_column av_one_full  flex_column_div av-zero-column-padding first  avia-builder-el-2  el_after_av_one_full  el_before_av_one_full  column-top-margin\" style='border-radius:0px; '><section class=\"av_textblock_section \"  itemscope=\"itemscope\" itemtype=\"https:\/\/schema.org\/BlogPosting\" itemprop=\"blogPost\" ><div class='avia_textblock  '   itemprop=\"text\" ><p style=\"text-align: center;\"><strong><span style=\"font-size: 18pt;\">SAG regi\u00f3n Ays\u00e9n entrega recomendaciones para viajar estas Fiestas Patrias<\/span><\/strong><\/p>\n<div id=\"gtx-trans\" style=\"position: absolute; left: -50px; top: 4.31534px;\">\n<div class=\"gtx-trans-icon\"><\/div>\n<\/div>\n<\/div><\/section><\/div><div class=\"flex_column av_one_full  flex_column_div av-zero-column-padding first  avia-builder-el-4  el_after_av_one_full  el_before_av_hr  column-top-margin\" style='border-radius:0px; '><section class=\"av_textblock_section \"  itemscope=\"itemscope\" itemtype=\"https:\/\/schema.org\/BlogPosting\" itemprop=\"blogPost\" ><div class='avia_textblock  '   itemprop=\"text\" ><p style=\"text-align: justify;\">El Ministerio de Agricultura, a trav\u00e9s del Servicio Agr\u00edcola Ganadero realiza un llamado para que las y los ciudadanos que viajan fuera del pa\u00eds porten la documentaci\u00f3n requerida en controles y pasos fronterizos con el objetivo de promover la seguridad de pasajeros y agilizar el proceso regulado de ingreso, entre otros.<\/p>\n<p style=\"text-align: justify;\">El director regional del SAG, Julio Cerda Cordero, refuerza que, \u201ccon la llegada de fiestas patrias aumenta el flujo de pasajeros y medios de transportes desde y hacia Argentina, por eso se recuerda que todas las personas mayores de 18 a\u00f1os deben presentar la declaraci\u00f3n jurada obligatoria al ingresar al pa\u00eds, la que se puede descargar en el sitio web\u00a0<a href=\"https:\/\/www.google.com\/url?sa=E&amp;q=http%3A%2F%2Fwww.sag.cl\">www.sag.cl<\/a>, o a trav\u00e9s de\u00a0<a href=\"http:\/\/www.ingresoachile.cl\/\">www.ingresoachile.cl<\/a>. Es importante recordar que esta Declaraci\u00f3n Jurada Digital, tiene una serie de ventajas, donde destaca el que puede ser completada con un d\u00eda de anterioridad\u201d.<\/p>\n<p style=\"text-align: justify;\">Los controles con presencia permanente SAG en la regi\u00f3n son, Jeinimeni, Huemules, Coyhaique Alto y Puerto Ib\u00e1\u00f1ez control temporal en \u00e9pocas de mayor afluencia de pasajeros y el horario de funcionamiento en todos los controles es de 08:00 a 20:00 horas.<\/p>\n<p style=\"text-align: justify;\">Tener presente que, \u201cal viajar con mascotas, se debe solicitar en el Servicio el Certificado Zoosanitario de Exportaci\u00f3n (CZE) tramite que tiene un tiempo de 72 horas de tramitaci\u00f3n. SAG recomienda contactarse con las oficinas sectoriales, o bien por medio del sitio web.\u201d Se\u00f1al\u00f3 el director del Servicio.<\/p>\n<p style=\"text-align: justify;\">Finalmente, el director regional record\u00f3 la importancia de informarse por los medios formales, para evitar el ingreso de productos que puedan transportar o contener agentes infecciosos o plagas, que afecten la sanidad animal y vegetal en la regi\u00f3n de Ays\u00e9n.<\/p>\n<\/div><\/section><\/div><div  style='height:50px' class='hr hr-invisible   avia-builder-el-6  el_after_av_one_full  el_before_av_social_share '><span class='hr-inner ' ><span class='hr-inner-style'><\/span><\/span><\/div><\/p>\n<div  class='av-social-sharing-box  avia-builder-el-7  el_after_av_hr  el_before_av_hr  '><div class='av-share-box'><h5 class='av-share-link-description av-no-toc '>Compartir esta noticia<\/h5><ul class='av-share-box-list noLightbox'><li class='av-share-link av-social-link-facebook' ><a target=\"_blank\" aria-label=\"Compartir en Facebook\" href='https:\/\/www.facebook.com\/sharer.php?u=https:\/\/radiorevelacionfm.cl\/?p=58856&#038;t=SAG%20regi%C3%B3n%20Ays%C3%A9n%20entrega%20recomendaciones%20para%20viajar%20estas%20Fiestas%20Patrias' aria-hidden='false' data-av_icon='\ue8f3' data-av_iconfont='entypo-fontello' title='' data-avia-related-tooltip='Compartir en Facebook' rel=\"noopener\"><span class='avia_hidden_link_text'>Compartir en Facebook<\/span><\/a><\/li><li class='av-share-link av-social-link-twitter' ><a target=\"_blank\" aria-label=\"Compartir en Twitter\" href='https:\/\/twitter.com\/share?text=SAG%20regi%C3%B3n%20Ays%C3%A9n%20entrega%20recomendaciones%20para%20viajar%20estas%20Fiestas%20Patrias&#038;url=https:\/\/radiorevelacionfm.cl\/?p=58856' aria-hidden='false' data-av_icon='\ue8f1' data-av_iconfont='entypo-fontello' title='' data-avia-related-tooltip='Compartir en Twitter' rel=\"noopener\"><span class='avia_hidden_link_text'>Compartir en Twitter<\/span><\/a><\/li><li class='av-share-link av-social-link-whatsapp' ><a target=\"_blank\" aria-label=\"Compartir en Whatsapp\" href='https:\/\/api.whatsapp.com\/send?text=https:\/\/radiorevelacionfm.cl\/?p=58856' aria-hidden='false' data-av_icon='\uf232' data-av_iconfont='entypo-fontello' title='' data-avia-related-tooltip='Compartir en Whatsapp' rel=\"noopener\"><span class='avia_hidden_link_text'>Compartir en Whatsapp<\/span><\/a><\/li><li class='av-share-link av-social-link-linkedin' ><a target=\"_blank\" aria-label=\"Compartir en LinkedIn\" href='https:\/\/linkedin.com\/shareArticle?mini=true&#038;title=SAG%20regi%C3%B3n%20Ays%C3%A9n%20entrega%20recomendaciones%20para%20viajar%20estas%20Fiestas%20Patrias&#038;url=https:\/\/radiorevelacionfm.cl\/?p=58856' aria-hidden='false' data-av_icon='\ue8fc' data-av_iconfont='entypo-fontello' title='' data-avia-related-tooltip='Compartir en LinkedIn' rel=\"noopener\"><span class='avia_hidden_link_text'>Compartir en LinkedIn<\/span><\/a><\/li><li class='av-share-link av-social-link-mail' ><a  aria-label=\"Compartir por correo\" href='mailto:?subject=SAG%20regi%C3%B3n%20Ays%C3%A9n%20entrega%20recomendaciones%20para%20viajar%20estas%20Fiestas%20Patrias&#038;body=https:\/\/radiorevelacionfm.cl\/?p=58856' aria-hidden='false' data-av_icon='\ue805' data-av_iconfont='entypo-fontello' title='' data-avia-related-tooltip='Compartir por correo'><span class='avia_hidden_link_text'>Compartir por correo<\/span><\/a><\/li><\/ul><\/div><\/div>\n<div  style='height:50px' class='hr hr-invisible   avia-builder-el-8  el_after_av_social_share  el_before_av_comments_list '><span class='hr-inner ' ><span class='hr-inner-style'><\/span><\/span><\/div>\n<div  class='av-buildercomment  av-blog-meta-html-info-disabled av-blog-meta-tag-disabled  '><\/div>\n","protected":false},"excerpt":{"rendered":"","protected":false},"author":1,"featured_media":58857,"comment_status":"closed","ping_status":"closed","sticky":false,"template":"","format":"standard","meta":{"footnotes":""},"categories":[38],"tags":[],"class_list":["post-58856","post","type-post","status-publish","format-standard","has-post-thumbnail","hentry","category-regional"],"jetpack_featured_media_url":"https:\/\/radiorevelacionfm.cl\/wp-content\/uploads\/2025\/09\/cf-3-1-1_optimized.jpeg","_links":{"self":[{"href":"https:\/\/radiorevelacionfm.cl\/index.php?rest_route=\/wp\/v2\/posts\/58856","targetHints":{"allow":["GET"]}}],"collection":[{"href":"https:\/\/radiorevelacionfm.cl\/index.php?rest_route=\/wp\/v2\/posts"}],"about":[{"href":"https:\/\/radiorevelacionfm.cl\/index.php?rest_route=\/wp\/v2\/types\/post"}],"author":[{"embeddable":true,"href":"https:\/\/radiorevelacionfm.cl\/index.php?rest_route=\/wp\/v2\/users\/1"}],"replies":[{"embeddable":true,"href":"https:\/\/radiorevelacionfm.cl\/index.php?rest_route=%2Fwp%2Fv2%2Fcomments&post=58856"}],"version-history":[{"count":2,"href":"https:\/\/radiorevelacionfm.cl\/index.php?rest_route=\/wp\/v2\/posts\/58856\/revisions"}],"predecessor-version":[{"id":58859,"href":"https:\/\/radiorevelacionfm.cl\/index.php?rest_route=\/wp\/v2\/posts\/58856\/revisions\/58859"}],"wp:featuredmedia":[{"embeddable":true,"href":"https:\/\/radiorevelacionfm.cl\/index.php?rest_route=\/wp\/v2\/media\/58857"}],"wp:attachment":[{"href":"https:\/\/radiorevelacionfm.cl\/index.php?rest_route=%2Fwp%2Fv2%2Fmedia&parent=58856"}],"wp:term":[{"taxonomy":"category","embeddable":true,"href":"https:\/\/radiorevelacionfm.cl\/index.php?rest_route=%2Fwp%2Fv2%2Fcategories&post=58856"},{"taxonomy":"post_tag","embeddable":true,"href":"https:\/\/radiorevelacionfm.cl\/index.php?rest_route=%2Fwp%2Fv2%2Ftags&post=58856"}],"curies":[{"name":"wp","href":"https:\/\/api.w.org\/{rel}","templated":true}]}}