{"id":58852,"date":"2025-09-08T10:26:22","date_gmt":"2025-09-08T13:26:22","guid":{"rendered":"https:\/\/radiorevelacionfm.cl\/?p=58852"},"modified":"2025-09-08T10:26:22","modified_gmt":"2025-09-08T13:26:22","slug":"asociacion-gremial-de-turismo-de-puerto-guadal-se-refiere-a-controversia-por-rechazo-de-lanzamiento-de-temporada-turistica-en-la-localidad-chile-chico","status":"publish","type":"post","link":"https:\/\/radiorevelacionfm.cl\/?p=58852","title":{"rendered":"Asociaci\u00f3n Gremial de Turismo de Puerto Guadal se refiere a controversia por rechazo de lanzamiento de temporada tur\u00edstica en la localidad Chile Chico"},"content":{"rendered":"<div class=\"flex_column av_one_full  flex_column_div av-zero-column-padding first  avia-builder-el-0  el_before_av_one_full  avia-builder-el-first  \" style='border-radius:0px; '><div  class='avia-image-container  av-styling-    avia-builder-el-1  avia-builder-el-no-sibling  avia-align-center '  itemprop=\"image\" itemscope=\"itemscope\" itemtype=\"https:\/\/schema.org\/ImageObject\"  ><div class='avia-image-container-inner'><div class='avia-image-overlay-wrap'><img decoding=\"async\" class='wp-image-57179 avia-img-lazy-loading-not-57179 avia_image' src=\"https:\/\/radiorevelacionfm.cl\/wp-content\/uploads\/2025\/07\/chile-chico1-1_optimized.jpg\" alt='' title='chile-chico1-(1)_optimized' height=\"675\" width=\"800\"  itemprop=\"thumbnailUrl\" srcset=\"https:\/\/radiorevelacionfm.cl\/wp-content\/uploads\/2025\/07\/chile-chico1-1_optimized.jpg 800w, https:\/\/radiorevelacionfm.cl\/wp-content\/uploads\/2025\/07\/chile-chico1-1_optimized-300x253.jpg 300w, https:\/\/radiorevelacionfm.cl\/wp-content\/uploads\/2025\/07\/chile-chico1-1_optimized-768x648.jpg 768w, https:\/\/radiorevelacionfm.cl\/wp-content\/uploads\/2025\/07\/chile-chico1-1_optimized-705x595.jpg 705w, https:\/\/radiorevelacionfm.cl\/wp-content\/uploads\/2025\/07\/chile-chico1-1_optimized-450x380.jpg 450w, https:\/\/radiorevelacionfm.cl\/wp-content\/uploads\/2025\/07\/chile-chico1-1_optimized-600x506.jpg 600w\" sizes=\"(max-width: 800px) 100vw, 800px\" \/><\/div><\/div><\/div><\/div><div class=\"flex_column av_one_full  flex_column_div av-zero-column-padding first  avia-builder-el-2  el_after_av_one_full  el_before_av_one_full  column-top-margin\" style='border-radius:0px; '><section class=\"av_textblock_section \"  itemscope=\"itemscope\" itemtype=\"https:\/\/schema.org\/BlogPosting\" itemprop=\"blogPost\" ><div class='avia_textblock  '   itemprop=\"text\" ><p style=\"text-align: center;\"><strong><span style=\"font-size: 18pt;\">Asociaci\u00f3n Gremial de Turismo de Puerto Guadal se refiere a controversia por rechazo de lanzamiento de temporada tur\u00edstica en la localidad Chile Chico <\/span><\/strong><\/p>\n<div id=\"gtx-trans\" style=\"position: absolute; left: -50px; top: 4.31534px;\">\n<div class=\"gtx-trans-icon\"><\/div>\n<\/div>\n<\/div><\/section><\/div><div class=\"flex_column av_one_full  flex_column_div av-zero-column-padding first  avia-builder-el-4  el_after_av_one_full  el_before_av_hr  column-top-margin\" style='border-radius:0px; '><section class=\"av_textblock_section \"  itemscope=\"itemscope\" itemtype=\"https:\/\/schema.org\/BlogPosting\" itemprop=\"blogPost\" ><div class='avia_textblock  '   itemprop=\"text\" ><p style=\"text-align: justify;\">A ra\u00edz de la controversia generada producto del rechazo del lanzamiento de la temporada tur\u00edstica en la localidad Chile Chico por parte del Concejo Municipal, como <strong>Asociaci\u00f3n Gremial de Turismo de Puerto Guadal <\/strong>hemos estimado pertinente que nuestra organizaci\u00f3n se pronuncie al respecto.<\/p>\n<ul style=\"text-align: justify;\">\n<li><strong>Lamentamos la decisi\u00f3n adoptada <\/strong>por el Concejo Municipal, producto de la abstenci\u00f3n de cuatro concejale\/as en la votaci\u00f3n de la propuesta, con lo cual \u00e9sta no alcanz\u00f3 los votos necesarios. Creemos que siempre, cuando hay voluntad, es posible ver mecanismos para superar las \u00c9ste no fue el caso, por lo cual entendemos que el lanzamiento de la temporada en la Ciudad del Sol, programado el mes de octubre, no se materializar\u00e1.<\/li>\n<\/ul>\n<ul style=\"text-align: justify;\">\n<li>Con respecto a los fundamentos entregados para la abstenci\u00f3n, que hemos podido recabar tanto en contacto directo con algunos concejales y como por las redes sociales oficiales de \u00e9stos, nos queremos referir al trabajo de este municipio con las localidades del <strong>Como AG de Turismo de Puerto Guadal hemos venido conversando y acordando desde hace meses el apoyo del municipio al lanzamiento de la temporada en nuestra localidad<\/strong>, lo cual se traducir\u00e1 en apoyo concreto para la realizaci\u00f3n de la quinta versi\u00f3n del <strong>Reto Tehuelche <\/strong>el <strong>1 de noviembre<\/strong>, actividad que ya se ha consolidado como un evento relevante en la cuenca del lago General Carrera. Esto, sumado a que se nos ha informado que desde el municipio <strong>se ha comprometido el apoyo para otras actividades tur\u00edsticas en las localidades del interior <\/strong>a trav\u00e9s de otros programas municipales.<\/li>\n<\/ul>\n<ul style=\"text-align: justify;\">\n<li>En nuestra organizaci\u00f3n no s\u00f3lo hay operadores tur\u00edsticos, tambi\u00e9n productore\/as locales y artesano\/as, para quienes <strong>poder promocionarse y vender sus productos en un lanzamiento de temporada en la capital comunal, que tiene infraestructura para recibir muchas personas, era una oportunidad de desarrollo productivo<\/strong>, ya que las ferias, eventos y lanzamientos atraen importante n\u00famero de visitantes de otras comunas de la regi\u00f3n, e incluso del pa\u00eds. Lo sabemos porque en Puerto Guadal tanto el Reto Tehuelche como el Festival de la Cosecha en abril, se han transformado en panoramas recurrentes que generan movimiento econ\u00f3mico.<\/li>\n<\/ul>\n<ul>\n<li style=\"text-align: justify;\">Esperamos que <strong>el turismo en la comuna siga siendo un polo de desarrollo y de apoyo por parte de las autoridades de todo tipo<\/strong>, entendiendo que es una actividad donde nuestra gente se puede incorporar masivamente con <strong>alojamiento<\/strong>, <strong>gu\u00edas<\/strong>, <strong>restoranes<\/strong>, <strong>cociner\u00edas<\/strong>, <strong>artesan\u00eda<\/strong>, <strong>producci\u00f3n hort\u00edcola<\/strong>, <strong>transporte<\/strong>, siendo un \u00e1rea que distribuye riqueza de forma m\u00e1s diversa e inclusiva, y genera bienestar econ\u00f3mico en sinton\u00eda con el cuidado de nuestro capital cultural, social y natural.<\/li>\n<\/ul>\n<\/div><\/section><\/div><div  style='height:50px' class='hr hr-invisible   avia-builder-el-6  el_after_av_one_full  el_before_av_social_share '><span class='hr-inner ' ><span class='hr-inner-style'><\/span><\/span><\/div><\/p>\n<div  class='av-social-sharing-box  avia-builder-el-7  el_after_av_hr  el_before_av_hr  '><div class='av-share-box'><h5 class='av-share-link-description av-no-toc '>Compartir esta noticia<\/h5><ul class='av-share-box-list noLightbox'><li class='av-share-link av-social-link-facebook' ><a target=\"_blank\" aria-label=\"Compartir en Facebook\" href='https:\/\/www.facebook.com\/sharer.php?u=https:\/\/radiorevelacionfm.cl\/?p=58852&#038;t=Asociaci%C3%B3n%20Gremial%20de%20Turismo%20de%20Puerto%20Guadal%20se%20refiere%20a%20controversia%20por%20rechazo%20de%20lanzamiento%20de%20temporada%20tur%C3%ADstica%20en%20la%20localidad%20Chile%20Chico' aria-hidden='false' data-av_icon='\ue8f3' data-av_iconfont='entypo-fontello' title='' data-avia-related-tooltip='Compartir en Facebook' rel=\"noopener\"><span class='avia_hidden_link_text'>Compartir en Facebook<\/span><\/a><\/li><li class='av-share-link av-social-link-twitter' ><a target=\"_blank\" aria-label=\"Compartir en Twitter\" href='https:\/\/twitter.com\/share?text=Asociaci%C3%B3n%20Gremial%20de%20Turismo%20de%20Puerto%20Guadal%20se%20refiere%20a%20controversia%20por%20rechazo%20de%20lanzamiento%20de%20temporada%20tur%C3%ADstica%20en%20la%20localidad%20Chile%20Chico&#038;url=https:\/\/radiorevelacionfm.cl\/?p=58852' aria-hidden='false' data-av_icon='\ue8f1' data-av_iconfont='entypo-fontello' title='' data-avia-related-tooltip='Compartir en Twitter' rel=\"noopener\"><span class='avia_hidden_link_text'>Compartir en Twitter<\/span><\/a><\/li><li class='av-share-link av-social-link-whatsapp' ><a target=\"_blank\" aria-label=\"Compartir en Whatsapp\" href='https:\/\/api.whatsapp.com\/send?text=https:\/\/radiorevelacionfm.cl\/?p=58852' aria-hidden='false' data-av_icon='\uf232' data-av_iconfont='entypo-fontello' title='' data-avia-related-tooltip='Compartir en Whatsapp' rel=\"noopener\"><span class='avia_hidden_link_text'>Compartir en Whatsapp<\/span><\/a><\/li><li class='av-share-link av-social-link-linkedin' ><a target=\"_blank\" aria-label=\"Compartir en LinkedIn\" href='https:\/\/linkedin.com\/shareArticle?mini=true&#038;title=Asociaci%C3%B3n%20Gremial%20de%20Turismo%20de%20Puerto%20Guadal%20se%20refiere%20a%20controversia%20por%20rechazo%20de%20lanzamiento%20de%20temporada%20tur%C3%ADstica%20en%20la%20localidad%20Chile%20Chico&#038;url=https:\/\/radiorevelacionfm.cl\/?p=58852' aria-hidden='false' data-av_icon='\ue8fc' data-av_iconfont='entypo-fontello' title='' data-avia-related-tooltip='Compartir en LinkedIn' rel=\"noopener\"><span class='avia_hidden_link_text'>Compartir en LinkedIn<\/span><\/a><\/li><li class='av-share-link av-social-link-mail' ><a  aria-label=\"Compartir por correo\" href='mailto:?subject=Asociaci%C3%B3n%20Gremial%20de%20Turismo%20de%20Puerto%20Guadal%20se%20refiere%20a%20controversia%20por%20rechazo%20de%20lanzamiento%20de%20temporada%20tur%C3%ADstica%20en%20la%20localidad%20Chile%20Chico&#038;body=https:\/\/radiorevelacionfm.cl\/?p=58852' aria-hidden='false' data-av_icon='\ue805' data-av_iconfont='entypo-fontello' title='' data-avia-related-tooltip='Compartir por correo'><span class='avia_hidden_link_text'>Compartir por correo<\/span><\/a><\/li><\/ul><\/div><\/div>\n<div  style='height:50px' class='hr hr-invisible   avia-builder-el-8  el_after_av_social_share  el_before_av_comments_list '><span class='hr-inner ' ><span class='hr-inner-style'><\/span><\/span><\/div>\n<div  class='av-buildercomment  av-blog-meta-html-info-disabled av-blog-meta-tag-disabled  '><\/div>\n","protected":false},"excerpt":{"rendered":"","protected":false},"author":1,"featured_media":57179,"comment_status":"closed","ping_status":"closed","sticky":false,"template":"","format":"standard","meta":{"footnotes":""},"categories":[38],"tags":[],"class_list":["post-58852","post","type-post","status-publish","format-standard","has-post-thumbnail","hentry","category-regional"],"jetpack_featured_media_url":"https:\/\/radiorevelacionfm.cl\/wp-content\/uploads\/2025\/07\/chile-chico1-1_optimized.jpg","_links":{"self":[{"href":"https:\/\/radiorevelacionfm.cl\/index.php?rest_route=\/wp\/v2\/posts\/58852","targetHints":{"allow":["GET"]}}],"collection":[{"href":"https:\/\/radiorevelacionfm.cl\/index.php?rest_route=\/wp\/v2\/posts"}],"about":[{"href":"https:\/\/radiorevelacionfm.cl\/index.php?rest_route=\/wp\/v2\/types\/post"}],"author":[{"embeddable":true,"href":"https:\/\/radiorevelacionfm.cl\/index.php?rest_route=\/wp\/v2\/users\/1"}],"replies":[{"embeddable":true,"href":"https:\/\/radiorevelacionfm.cl\/index.php?rest_route=%2Fwp%2Fv2%2Fcomments&post=58852"}],"version-history":[{"count":2,"href":"https:\/\/radiorevelacionfm.cl\/index.php?rest_route=\/wp\/v2\/posts\/58852\/revisions"}],"predecessor-version":[{"id":58855,"href":"https:\/\/radiorevelacionfm.cl\/index.php?rest_route=\/wp\/v2\/posts\/58852\/revisions\/58855"}],"wp:featuredmedia":[{"embeddable":true,"href":"https:\/\/radiorevelacionfm.cl\/index.php?rest_route=\/wp\/v2\/media\/57179"}],"wp:attachment":[{"href":"https:\/\/radiorevelacionfm.cl\/index.php?rest_route=%2Fwp%2Fv2%2Fmedia&parent=58852"}],"wp:term":[{"taxonomy":"category","embeddable":true,"href":"https:\/\/radiorevelacionfm.cl\/index.php?rest_route=%2Fwp%2Fv2%2Fcategories&post=58852"},{"taxonomy":"post_tag","embeddable":true,"href":"https:\/\/radiorevelacionfm.cl\/index.php?rest_route=%2Fwp%2Fv2%2Ftags&post=58852"}],"curies":[{"name":"wp","href":"https:\/\/api.w.org\/{rel}","templated":true}]}}