{"id":58849,"date":"2025-09-08T10:17:31","date_gmt":"2025-09-08T13:17:31","guid":{"rendered":"https:\/\/radiorevelacionfm.cl\/?p=58849"},"modified":"2025-09-08T10:17:31","modified_gmt":"2025-09-08T13:17:31","slug":"en-coyhaique-se-realizo-el-encuentro-regional-de-coordinadores-as-y-encargados-as-de-bibliotecas-escolares-cra","status":"publish","type":"post","link":"https:\/\/radiorevelacionfm.cl\/?p=58849","title":{"rendered":"En Coyhaique se realiz\u00f3 el encuentro regional de coordinadores\/as y encargados\/as de Bibliotecas Escolares CRA"},"content":{"rendered":"<div class=\"flex_column av_one_full  flex_column_div av-zero-column-padding first  avia-builder-el-0  el_before_av_one_full  avia-builder-el-first  \" style='border-radius:0px; '><div  class='avia-image-container  av-styling-    avia-builder-el-1  avia-builder-el-no-sibling  avia-align-center '  itemprop=\"image\" itemscope=\"itemscope\" itemtype=\"https:\/\/schema.org\/ImageObject\"  ><div class='avia-image-container-inner'><div class='avia-image-overlay-wrap'><img decoding=\"async\" class='wp-image-58850 avia-img-lazy-loading-not-58850 avia_image' src=\"https:\/\/radiorevelacionfm.cl\/wp-content\/uploads\/2025\/09\/encuentro-bibliotecas-cra-2025-1_optimized.jpg\" alt='' title='encuentro-bibliotecas-cra-2025-(1)_optimized' height=\"600\" width=\"800\"  itemprop=\"thumbnailUrl\" srcset=\"https:\/\/radiorevelacionfm.cl\/wp-content\/uploads\/2025\/09\/encuentro-bibliotecas-cra-2025-1_optimized.jpg 800w, https:\/\/radiorevelacionfm.cl\/wp-content\/uploads\/2025\/09\/encuentro-bibliotecas-cra-2025-1_optimized-300x225.jpg 300w, https:\/\/radiorevelacionfm.cl\/wp-content\/uploads\/2025\/09\/encuentro-bibliotecas-cra-2025-1_optimized-768x576.jpg 768w, https:\/\/radiorevelacionfm.cl\/wp-content\/uploads\/2025\/09\/encuentro-bibliotecas-cra-2025-1_optimized-705x529.jpg 705w, https:\/\/radiorevelacionfm.cl\/wp-content\/uploads\/2025\/09\/encuentro-bibliotecas-cra-2025-1_optimized-450x338.jpg 450w, https:\/\/radiorevelacionfm.cl\/wp-content\/uploads\/2025\/09\/encuentro-bibliotecas-cra-2025-1_optimized-600x450.jpg 600w\" sizes=\"(max-width: 800px) 100vw, 800px\" \/><\/div><\/div><\/div><\/div><div class=\"flex_column av_one_full  flex_column_div av-zero-column-padding first  avia-builder-el-2  el_after_av_one_full  el_before_av_one_full  column-top-margin\" style='border-radius:0px; '><section class=\"av_textblock_section \"  itemscope=\"itemscope\" itemtype=\"https:\/\/schema.org\/BlogPosting\" itemprop=\"blogPost\" ><div class='avia_textblock  '   itemprop=\"text\" ><p style=\"text-align: center;\"><strong><span style=\"font-size: 18pt;\">En Coyhaique se realiz\u00f3 el encuentro regional de coordinadores\/as y encargados\/as de Bibliotecas Escolares CRA<\/span><\/strong><\/p>\n<div id=\"gtx-trans\" style=\"position: absolute; left: -50px; top: 4.31534px;\">\n<div class=\"gtx-trans-icon\"><\/div>\n<\/div>\n<\/div><\/section><\/div><div class=\"flex_column av_one_full  flex_column_div av-zero-column-padding first  avia-builder-el-4  el_after_av_one_full  el_before_av_hr  column-top-margin\" style='border-radius:0px; '><section class=\"av_textblock_section \"  itemscope=\"itemscope\" itemtype=\"https:\/\/schema.org\/BlogPosting\" itemprop=\"blogPost\" ><div class='avia_textblock  '   itemprop=\"text\" ><p style=\"font-weight: 400; text-align: justify;\">El mi\u00e9rcoles 3 y bajo el lema \u00abLa danza de los Libros se desarroll\u00f3 en Coyhaique el Encuentro de Bibliotecas Escolares CRA 2025, que como en versiones anteriores estuvo acompa\u00f1ada de expresiones art\u00edsticas literarias, teatro, regalos lectores y donde adem\u00e1s se compartieron pr\u00e1cticas esenciales de Lectura, Escritura y Comunicaci\u00f3n LEC.<\/p>\n<p style=\"font-weight: 400; text-align: justify;\">Este a\u00f1o el encuentro se enmarca en el 80\u00b0 Aniversario del premio Nobel de Literatura a Gabriela Mistral , \u201cConectando mundos a trav\u00e9s de la lectura\u201d y el prop\u00f3sito es dar continuidad a la formaci\u00f3n especializada de los equipos de trabajo que se desempe\u00f1an en las Bibliotecas CRA de cada establecimiento educacional. Este a\u00f1o conmemoramos el aniversario destacando y reconociendo a nuestra poetisa Gabriela Mistral, adem\u00e1s de la formaci\u00f3n continua en Pr\u00e1cticas Esenciales para el Fomento Lector en todos los niveles de educaci\u00f3n y en todas las asignaturas del curr\u00edculo, que permita adquirir una nueva forma de que las palabras sean para todos y todas.<\/p>\n<p style=\"font-weight: 400; text-align: justify;\">Durante la jornada se realiz\u00f3 la Capacitaci\u00f3n en el M\u00f3dulo Circulaci\u00f3n SGB-CRA, herramienta permite administrar los recursos de la biblioteca escolar, fortaleciendo su rol en los procesos de aprendizaje dentro de la comunidad educativa. Tambi\u00e9n comparti\u00f3 un regalo Lector Cecilia Diaz del Centro de Educaci\u00f3n Integrada de Adultos CEIA de Coyhaique; y la metodolog\u00eda de Lectura, Escritura y Comunicaci\u00f3n LEC-Pr\u00e1cticas Esenciales.<\/p>\n<p style=\"font-weight: 400; text-align: justify;\">Tambi\u00e9n se present\u00f3 el grupo de Teatro del Liceo Altos del Mackay;\u00a0 se convers\u00f3 sobre la estrategias Booktubers. indicaciones y comentarios,\u00a0 Liderazgo de la Biblioteca Escolar, y el Dec\u00e1logo de la Biblioteca Escolar<\/p>\n<p style=\"font-weight: 400; text-align: justify;\">La Coordinadora Regional de Bibliotecas Escolares de la SECREDUC Ays\u00e9n Nuria Gracia destac\u00f3 que \u201cLas bibliotecas CRA tienen un prop\u00f3sito y rol pedag\u00f3gico central. En ellas no solo se prestan libros a los estudiantes, tambi\u00e9n se trabajan el fomento lector y las pr\u00e1cticas esenciales para el aula\u00a0 en dos dimensiones: Motivar y comprometer con la lectura y guiar el aprendizaje mediante la lectura, la escritura y la oralidad. Esas tem\u00e1ticas se han abordado en esta jornada\u201d.<\/p>\n<p style=\"font-weight: 400; text-align: justify;\">Por su parte, Marisol Galilea Asesora T\u00e9cnico Pedag\u00f3gica del Servicio Local de Educaci\u00f3n P\u00fablica Slep Ays\u00e9n se\u00f1al\u00f3 que: \u201cEstos son espacios de trabajo colaborativo que nos llenan de orgullo. y nos motivan y estimulan a seguir construyendo los espacios en las bibliotecas escolares. La idea es que todos los encargados de bibliotecas escolares que participan retornen a sus colegios muy motivadas y motivados y cuenten con recursos concretos para mejorar el trabajo en las bibliotecas escolares\u201d.<\/p>\n<p style=\"font-weight: 400; text-align: justify;\">La Seremi de Educaci\u00f3n de Ays\u00e9n Katherine Miqueles destac\u00f3 este encuentro de trabajo de las y los coordinadores de Bibliotecas CRA y tambi\u00e9n la participaci\u00f3n de estudiantes en el concurso de Booktubers:\u00a0\u201cDesde el Ministerio de Educaci\u00f3n potenciamos permanentemente este tipo de estrategias que tienen como prop\u00f3sito acercar la lectura a las ni\u00f1as, los ni\u00f1os y j\u00f3venes de nuestro pa\u00eds, como una pieza fundamental dentro de sus procesos de aprendizaje.\u00a0Agradecemos el compromiso y creatividad que las coordinadoras y encargadas de Bibliotecas CRA despliegan d\u00eda a d\u00eda en sus colegios y especialmente la forma en que contribuyen a despertar y alimentar en las ni\u00f1as y ni\u00f1os el amor y la pasi\u00f3n por los libros y la lectura \u201d.<\/p>\n<\/div><\/section><\/div><div  style='height:50px' class='hr hr-invisible   avia-builder-el-6  el_after_av_one_full  el_before_av_social_share '><span class='hr-inner ' ><span class='hr-inner-style'><\/span><\/span><\/div><\/p>\n<div  class='av-social-sharing-box  avia-builder-el-7  el_after_av_hr  el_before_av_hr  '><div class='av-share-box'><h5 class='av-share-link-description av-no-toc '>Compartir esta noticia<\/h5><ul class='av-share-box-list noLightbox'><li class='av-share-link av-social-link-facebook' ><a target=\"_blank\" aria-label=\"Compartir en Facebook\" href='https:\/\/www.facebook.com\/sharer.php?u=https:\/\/radiorevelacionfm.cl\/?p=58849&#038;t=En%20Coyhaique%20se%20realiz%C3%B3%20el%20encuentro%20regional%20de%20coordinadores%2Fas%20y%20encargados%2Fas%20de%20Bibliotecas%20Escolares%20CRA' aria-hidden='false' data-av_icon='\ue8f3' data-av_iconfont='entypo-fontello' title='' data-avia-related-tooltip='Compartir en Facebook' rel=\"noopener\"><span class='avia_hidden_link_text'>Compartir en Facebook<\/span><\/a><\/li><li class='av-share-link av-social-link-twitter' ><a target=\"_blank\" aria-label=\"Compartir en Twitter\" href='https:\/\/twitter.com\/share?text=En%20Coyhaique%20se%20realiz%C3%B3%20el%20encuentro%20regional%20de%20coordinadores%2Fas%20y%20encargados%2Fas%20de%20Bibliotecas%20Escolares%20CRA&#038;url=https:\/\/radiorevelacionfm.cl\/?p=58849' aria-hidden='false' data-av_icon='\ue8f1' data-av_iconfont='entypo-fontello' title='' data-avia-related-tooltip='Compartir en Twitter' rel=\"noopener\"><span class='avia_hidden_link_text'>Compartir en Twitter<\/span><\/a><\/li><li class='av-share-link av-social-link-whatsapp' ><a target=\"_blank\" aria-label=\"Compartir en Whatsapp\" href='https:\/\/api.whatsapp.com\/send?text=https:\/\/radiorevelacionfm.cl\/?p=58849' aria-hidden='false' data-av_icon='\uf232' data-av_iconfont='entypo-fontello' title='' data-avia-related-tooltip='Compartir en Whatsapp' rel=\"noopener\"><span class='avia_hidden_link_text'>Compartir en Whatsapp<\/span><\/a><\/li><li class='av-share-link av-social-link-linkedin' ><a target=\"_blank\" aria-label=\"Compartir en LinkedIn\" href='https:\/\/linkedin.com\/shareArticle?mini=true&#038;title=En%20Coyhaique%20se%20realiz%C3%B3%20el%20encuentro%20regional%20de%20coordinadores%2Fas%20y%20encargados%2Fas%20de%20Bibliotecas%20Escolares%20CRA&#038;url=https:\/\/radiorevelacionfm.cl\/?p=58849' aria-hidden='false' data-av_icon='\ue8fc' data-av_iconfont='entypo-fontello' title='' data-avia-related-tooltip='Compartir en LinkedIn' rel=\"noopener\"><span class='avia_hidden_link_text'>Compartir en LinkedIn<\/span><\/a><\/li><li class='av-share-link av-social-link-mail' ><a  aria-label=\"Compartir por correo\" href='mailto:?subject=En%20Coyhaique%20se%20realiz%C3%B3%20el%20encuentro%20regional%20de%20coordinadores%2Fas%20y%20encargados%2Fas%20de%20Bibliotecas%20Escolares%20CRA&#038;body=https:\/\/radiorevelacionfm.cl\/?p=58849' aria-hidden='false' data-av_icon='\ue805' data-av_iconfont='entypo-fontello' title='' data-avia-related-tooltip='Compartir por correo'><span class='avia_hidden_link_text'>Compartir por correo<\/span><\/a><\/li><\/ul><\/div><\/div>\n<div  style='height:50px' class='hr hr-invisible   avia-builder-el-8  el_after_av_social_share  el_before_av_comments_list '><span class='hr-inner ' ><span class='hr-inner-style'><\/span><\/span><\/div>\n<div  class='av-buildercomment  av-blog-meta-html-info-disabled av-blog-meta-tag-disabled  '><\/div>\n","protected":false},"excerpt":{"rendered":"","protected":false},"author":1,"featured_media":58850,"comment_status":"closed","ping_status":"closed","sticky":false,"template":"","format":"standard","meta":{"footnotes":""},"categories":[49],"tags":[],"class_list":["post-58849","post","type-post","status-publish","format-standard","has-post-thumbnail","hentry","category-educacion"],"jetpack_featured_media_url":"https:\/\/radiorevelacionfm.cl\/wp-content\/uploads\/2025\/09\/encuentro-bibliotecas-cra-2025-1_optimized.jpg","_links":{"self":[{"href":"https:\/\/radiorevelacionfm.cl\/index.php?rest_route=\/wp\/v2\/posts\/58849","targetHints":{"allow":["GET"]}}],"collection":[{"href":"https:\/\/radiorevelacionfm.cl\/index.php?rest_route=\/wp\/v2\/posts"}],"about":[{"href":"https:\/\/radiorevelacionfm.cl\/index.php?rest_route=\/wp\/v2\/types\/post"}],"author":[{"embeddable":true,"href":"https:\/\/radiorevelacionfm.cl\/index.php?rest_route=\/wp\/v2\/users\/1"}],"replies":[{"embeddable":true,"href":"https:\/\/radiorevelacionfm.cl\/index.php?rest_route=%2Fwp%2Fv2%2Fcomments&post=58849"}],"version-history":[{"count":2,"href":"https:\/\/radiorevelacionfm.cl\/index.php?rest_route=\/wp\/v2\/posts\/58849\/revisions"}],"predecessor-version":[{"id":58854,"href":"https:\/\/radiorevelacionfm.cl\/index.php?rest_route=\/wp\/v2\/posts\/58849\/revisions\/58854"}],"wp:featuredmedia":[{"embeddable":true,"href":"https:\/\/radiorevelacionfm.cl\/index.php?rest_route=\/wp\/v2\/media\/58850"}],"wp:attachment":[{"href":"https:\/\/radiorevelacionfm.cl\/index.php?rest_route=%2Fwp%2Fv2%2Fmedia&parent=58849"}],"wp:term":[{"taxonomy":"category","embeddable":true,"href":"https:\/\/radiorevelacionfm.cl\/index.php?rest_route=%2Fwp%2Fv2%2Fcategories&post=58849"},{"taxonomy":"post_tag","embeddable":true,"href":"https:\/\/radiorevelacionfm.cl\/index.php?rest_route=%2Fwp%2Fv2%2Ftags&post=58849"}],"curies":[{"name":"wp","href":"https:\/\/api.w.org\/{rel}","templated":true}]}}