{"id":58845,"date":"2025-09-07T23:29:33","date_gmt":"2025-09-08T02:29:33","guid":{"rendered":"https:\/\/radiorevelacionfm.cl\/?p=58845"},"modified":"2025-09-07T23:29:33","modified_gmt":"2025-09-08T02:29:33","slug":"autoridades-proyectan-mas-de-mil-viviendas-en-construccion-al-finalizar-el-periodo-de-gobierno","status":"publish","type":"post","link":"https:\/\/radiorevelacionfm.cl\/?p=58845","title":{"rendered":"Autoridades proyectan m\u00e1s de mil viviendas en construcci\u00f3n al finalizar el periodo de Gobierno"},"content":{"rendered":"<div class=\"flex_column av_one_full  flex_column_div av-zero-column-padding first  avia-builder-el-0  el_before_av_one_full  avia-builder-el-first  \" style='border-radius:0px; '><div  class='avia-image-container  av-styling-    avia-builder-el-1  avia-builder-el-no-sibling  avia-align-center '  itemprop=\"image\" itemscope=\"itemscope\" itemtype=\"https:\/\/schema.org\/ImageObject\"  ><div class='avia-image-container-inner'><div class='avia-image-overlay-wrap'><img decoding=\"async\" class='wp-image-58846 avia-img-lazy-loading-not-58846 avia_image' src=\"https:\/\/radiorevelacionfm.cl\/wp-content\/uploads\/2025\/09\/Autoridades-y-dirigentes-descubren-placa-conmemorativa-cumplimiento-hito-1293-viviendas-entregadas-en-la-region-de-Aysen-1-1.jpg\" alt='' title='Autoridades y dirigentes descubren placa conmemorativa cumplimiento hito 1293 viviendas entregadas en la regi\u00f3n de Ays\u00e9n (1) (1)' height=\"600\" width=\"900\"  itemprop=\"thumbnailUrl\" srcset=\"https:\/\/radiorevelacionfm.cl\/wp-content\/uploads\/2025\/09\/Autoridades-y-dirigentes-descubren-placa-conmemorativa-cumplimiento-hito-1293-viviendas-entregadas-en-la-region-de-Aysen-1-1.jpg 900w, https:\/\/radiorevelacionfm.cl\/wp-content\/uploads\/2025\/09\/Autoridades-y-dirigentes-descubren-placa-conmemorativa-cumplimiento-hito-1293-viviendas-entregadas-en-la-region-de-Aysen-1-1-300x200.jpg 300w, https:\/\/radiorevelacionfm.cl\/wp-content\/uploads\/2025\/09\/Autoridades-y-dirigentes-descubren-placa-conmemorativa-cumplimiento-hito-1293-viviendas-entregadas-en-la-region-de-Aysen-1-1-768x512.jpg 768w, https:\/\/radiorevelacionfm.cl\/wp-content\/uploads\/2025\/09\/Autoridades-y-dirigentes-descubren-placa-conmemorativa-cumplimiento-hito-1293-viviendas-entregadas-en-la-region-de-Aysen-1-1-705x470.jpg 705w, https:\/\/radiorevelacionfm.cl\/wp-content\/uploads\/2025\/09\/Autoridades-y-dirigentes-descubren-placa-conmemorativa-cumplimiento-hito-1293-viviendas-entregadas-en-la-region-de-Aysen-1-1-450x300.jpg 450w, https:\/\/radiorevelacionfm.cl\/wp-content\/uploads\/2025\/09\/Autoridades-y-dirigentes-descubren-placa-conmemorativa-cumplimiento-hito-1293-viviendas-entregadas-en-la-region-de-Aysen-1-1-600x400.jpg 600w\" sizes=\"(max-width: 900px) 100vw, 900px\" \/><\/div><\/div><\/div><\/div><div class=\"flex_column av_one_full  flex_column_div av-zero-column-padding first  avia-builder-el-2  el_after_av_one_full  el_before_av_one_full  column-top-margin\" style='border-radius:0px; '><section class=\"av_textblock_section \"  itemscope=\"itemscope\" itemtype=\"https:\/\/schema.org\/BlogPosting\" itemprop=\"blogPost\" ><div class='avia_textblock  '   itemprop=\"text\" ><p style=\"text-align: center;\"><span style=\"font-size: 18pt;\"><strong>Autoridades proyectan m\u00e1s de mil viviendas en construcci\u00f3n al finalizar el periodo de Gobierno<\/strong><\/span><\/p>\n<div id=\"gtx-trans\" style=\"position: absolute; left: -50px; top: 4.31534px;\">\n<div class=\"gtx-trans-icon\"><\/div>\n<\/div>\n<\/div><\/section><\/div><div class=\"flex_column av_one_full  flex_column_div av-zero-column-padding first  avia-builder-el-4  el_after_av_one_full  el_before_av_hr  column-top-margin\" style='border-radius:0px; '><section class=\"av_textblock_section \"  itemscope=\"itemscope\" itemtype=\"https:\/\/schema.org\/BlogPosting\" itemprop=\"blogPost\" ><div class='avia_textblock  '   itemprop=\"text\" ><p style=\"text-align: justify;\">M\u00e1s de 850 viviendas se est\u00e1n ejecutando actualmente en la regi\u00f3n de Ays\u00e9n y se espera que en los pr\u00f3ximos meses se inicie la construcci\u00f3n de otras 650, cifras positivas que fueron destacadas en los \u00faltimos d\u00edas por autoridades y dirigentes en una ceremonia donde adem\u00e1s se confirm\u00f3 oficialmente el cumplimiento de la meta asumida por la regi\u00f3n en el Plan de Emergencia Habitacional del Gobierno.<\/p>\n<p style=\"text-align: justify;\">Tal como indic\u00f3 la Subsecretaria de Vivienda y Urbanismo, Gabriela Elgueta, la cantidad de soluciones proyectadas viene a corroborar un trabajo que se ha hecho con mucha seriedad y responsabilidad en beneficio de las familias.\u00a0 \u201cAys\u00e9n ha sido una regi\u00f3n modelo, es una regi\u00f3n que tiene muchos territorios aislados y ha podido llegar a sus 10 comunas, o sea, aqu\u00ed el principio de descentralizaci\u00f3n se hace carne, ha podido reconocer las distintas formas de habitar, pudiendo tambi\u00e9n construir en muchas \u00e1reas rurales y con soluciones individuales para no dejar a nadie atr\u00e1s. Eso adem\u00e1s hace que tengamos que innovar mucho en la regi\u00f3n, es dif\u00edcil construir, es m\u00e1s caro, pero se ha logrado tambi\u00e9n un trabajo muy estrecho con los dirigentes, con las comunidades, con los otros organismos, como el Gobierno Regional, las municipalidades, y eso hace que se produzca este c\u00edrculo virtuoso de colaboraci\u00f3n. Tambi\u00e9n reconocer la disposici\u00f3n de las empresas y de las entidades patrocinantes para llegar a cada uno de estos territorios, as\u00ed que este es un motivo para celebrar\u201d, afirm\u00f3.<\/p>\n<p style=\"text-align: justify;\">De igual forma el Delegado Presidencial Regional, Jorge D\u00edaz, enfatiz\u00f3 en que no es un tema menor que cuando a\u00fan faltan varios meses de gesti\u00f3n se puede afirmar que hay m\u00e1s de mil 500 familias que tendr\u00e1n la dicha de tener su casa propia. \u201cPor lo tanto, desde el punto de vista del Gobierno, el cumplir esta meta, as\u00ed como otras, creo que es algo muy relevante, no solamente para quienes se beneficiaron, sino para la cosa p\u00fablica, el rol del Estado, el compromiso de la pol\u00edtica, pues significa tambi\u00e9n que estamos cumpliendo un compromiso con nuestra gente. No era demagogia decir que \u00edbamos a construir mil 300 casas en la regi\u00f3n, hoy d\u00eda eso es una realidad, las familias est\u00e1n viviendo en ellas, no es un papel, es una vivienda f\u00edsica con est\u00e1ndares de alta calidad, es decir, estamos dando dignidad a la familia de Ays\u00e9n y eso como Gobierno nos tiene muy contentos\u201d, asever\u00f3.<\/p>\n<p style=\"text-align: justify;\">Por su parte, la Seremi de Vivienda, Paulina Ruz, puso especial \u00e9nfasis en el aporte que han hecho los diferentes actores involucrados, quienes han puesto su mejor esfuerzo para alcanzar los objetivos. \u201cSon mil 306 viviendas que entregamos, lo que es un logro, una gesti\u00f3n importante que se ha hecho como Gobierno, relevando el rol que han tenido los funcionarios de la Seremi, del Serviu y tambi\u00e9n, por supuesto, el rol que han tenido las empresas, ya que hemos trabajado en conjunto con ellos y con los dirigentes. Para nosotros esto tambi\u00e9n presenta un desaf\u00edo, llegar a los distintos territorios de la regi\u00f3n de Ays\u00e9n, llegar con distintos programas, pero por sobre todo pensar que vamos a dejar un legado. Cuando asumimos como Gobierno, asumimos con 694 viviendas en ejecuci\u00f3n. Al d\u00eda de hoy hay 880 viviendas que se est\u00e1n construyendo y creemos que vamos a poder llegar a m\u00e1s de mil viviendas en ejecuci\u00f3n. Eso habla de nuestro inter\u00e9s como Gobierno de visibilizar el acceso a la vivienda como una pol\u00edtica p\u00fablica de Estado que trasciende los gobiernos de turno\u201d, asegur\u00f3.<\/p>\n<p style=\"text-align: justify;\">Entre las familias que ya est\u00e1n con sus viviendas en construcci\u00f3n, se cuentan los integrantes del comit\u00e9 Amuyen 3 de Puerto Ays\u00e9n, logro que fue valorado por su presidenta, Ximena Santana. \u201cPara nosotros ha sido un proceso bastante satisfactorio porque hemos logrado obtener esto en muy poco tiempo. En el tercer a\u00f1o ya podr\u00edamos haber tenido nuestras casas, pero obviamente surgieron cosas en el camino, pero ya el pr\u00f3ximo a\u00f1o vamos a estar con las casitas nuevas, si Dios quiere. Y es una etapa que no ha sido f\u00e1cil, porque tambi\u00e9n hay altos y bajos, hay esperas, hay procesos que cumplir, pero con respeto y con paciencia se puede. Y obviamente el agradecimiento a la Seremi porque este proyecto es su proyecto, o sea, ella fue alguien fundamental que se la jug\u00f3 y luch\u00f3 para que esto saliera\u201d, manifest\u00f3.<\/p>\n<p style=\"text-align: justify;\">Cabe consignar que, como parte del cumplimiento de la meta regional en el Plan de Emergencia Habitacional, las autoridades se trasladaron hasta el sector de Villa Frei, en la comuna de Coyhaique, donde compartieron con la familia de Jordan Vald\u00e9s, propietario de la vivienda mil 293, con la que se cumpli\u00f3 la meta y donde se coloc\u00f3 una placa conmemorativa para resaltar el importante logro para su familia y para el Gobierno.<\/p>\n<\/div><\/section><\/div><div  style='height:50px' class='hr hr-invisible   avia-builder-el-6  el_after_av_one_full  el_before_av_social_share '><span class='hr-inner ' ><span class='hr-inner-style'><\/span><\/span><\/div><\/p>\n<div  class='av-social-sharing-box  avia-builder-el-7  el_after_av_hr  el_before_av_hr  '><div class='av-share-box'><h5 class='av-share-link-description av-no-toc '>Compartir esta noticia<\/h5><ul class='av-share-box-list noLightbox'><li class='av-share-link av-social-link-facebook' ><a target=\"_blank\" aria-label=\"Compartir en Facebook\" href='https:\/\/www.facebook.com\/sharer.php?u=https:\/\/radiorevelacionfm.cl\/?p=58845&#038;t=Autoridades%20proyectan%20m%C3%A1s%20de%20mil%20viviendas%20en%20construcci%C3%B3n%20al%20finalizar%20el%20periodo%20de%20Gobierno' aria-hidden='false' data-av_icon='\ue8f3' data-av_iconfont='entypo-fontello' title='' data-avia-related-tooltip='Compartir en Facebook' rel=\"noopener\"><span class='avia_hidden_link_text'>Compartir en Facebook<\/span><\/a><\/li><li class='av-share-link av-social-link-twitter' ><a target=\"_blank\" aria-label=\"Compartir en Twitter\" href='https:\/\/twitter.com\/share?text=Autoridades%20proyectan%20m%C3%A1s%20de%20mil%20viviendas%20en%20construcci%C3%B3n%20al%20finalizar%20el%20periodo%20de%20Gobierno&#038;url=https:\/\/radiorevelacionfm.cl\/?p=58845' aria-hidden='false' data-av_icon='\ue8f1' data-av_iconfont='entypo-fontello' title='' data-avia-related-tooltip='Compartir en Twitter' rel=\"noopener\"><span class='avia_hidden_link_text'>Compartir en Twitter<\/span><\/a><\/li><li class='av-share-link av-social-link-whatsapp' ><a target=\"_blank\" aria-label=\"Compartir en Whatsapp\" href='https:\/\/api.whatsapp.com\/send?text=https:\/\/radiorevelacionfm.cl\/?p=58845' aria-hidden='false' data-av_icon='\uf232' data-av_iconfont='entypo-fontello' title='' data-avia-related-tooltip='Compartir en Whatsapp' rel=\"noopener\"><span class='avia_hidden_link_text'>Compartir en Whatsapp<\/span><\/a><\/li><li class='av-share-link av-social-link-linkedin' ><a target=\"_blank\" aria-label=\"Compartir en LinkedIn\" href='https:\/\/linkedin.com\/shareArticle?mini=true&#038;title=Autoridades%20proyectan%20m%C3%A1s%20de%20mil%20viviendas%20en%20construcci%C3%B3n%20al%20finalizar%20el%20periodo%20de%20Gobierno&#038;url=https:\/\/radiorevelacionfm.cl\/?p=58845' aria-hidden='false' data-av_icon='\ue8fc' data-av_iconfont='entypo-fontello' title='' data-avia-related-tooltip='Compartir en LinkedIn' rel=\"noopener\"><span class='avia_hidden_link_text'>Compartir en LinkedIn<\/span><\/a><\/li><li class='av-share-link av-social-link-mail' ><a  aria-label=\"Compartir por correo\" href='mailto:?subject=Autoridades%20proyectan%20m%C3%A1s%20de%20mil%20viviendas%20en%20construcci%C3%B3n%20al%20finalizar%20el%20periodo%20de%20Gobierno&#038;body=https:\/\/radiorevelacionfm.cl\/?p=58845' aria-hidden='false' data-av_icon='\ue805' data-av_iconfont='entypo-fontello' title='' data-avia-related-tooltip='Compartir por correo'><span class='avia_hidden_link_text'>Compartir por correo<\/span><\/a><\/li><\/ul><\/div><\/div>\n<div  style='height:50px' class='hr hr-invisible   avia-builder-el-8  el_after_av_social_share  el_before_av_comments_list '><span class='hr-inner ' ><span class='hr-inner-style'><\/span><\/span><\/div>\n<div  class='av-buildercomment  av-blog-meta-html-info-disabled av-blog-meta-tag-disabled  '><\/div>\n","protected":false},"excerpt":{"rendered":"","protected":false},"author":1,"featured_media":58846,"comment_status":"closed","ping_status":"closed","sticky":false,"template":"","format":"standard","meta":{"footnotes":""},"categories":[57],"tags":[],"class_list":["post-58845","post","type-post","status-publish","format-standard","has-post-thumbnail","hentry","category-vivienda"],"jetpack_featured_media_url":"https:\/\/radiorevelacionfm.cl\/wp-content\/uploads\/2025\/09\/Autoridades-y-dirigentes-descubren-placa-conmemorativa-cumplimiento-hito-1293-viviendas-entregadas-en-la-region-de-Aysen-1-1.jpg","_links":{"self":[{"href":"https:\/\/radiorevelacionfm.cl\/index.php?rest_route=\/wp\/v2\/posts\/58845","targetHints":{"allow":["GET"]}}],"collection":[{"href":"https:\/\/radiorevelacionfm.cl\/index.php?rest_route=\/wp\/v2\/posts"}],"about":[{"href":"https:\/\/radiorevelacionfm.cl\/index.php?rest_route=\/wp\/v2\/types\/post"}],"author":[{"embeddable":true,"href":"https:\/\/radiorevelacionfm.cl\/index.php?rest_route=\/wp\/v2\/users\/1"}],"replies":[{"embeddable":true,"href":"https:\/\/radiorevelacionfm.cl\/index.php?rest_route=%2Fwp%2Fv2%2Fcomments&post=58845"}],"version-history":[{"count":2,"href":"https:\/\/radiorevelacionfm.cl\/index.php?rest_route=\/wp\/v2\/posts\/58845\/revisions"}],"predecessor-version":[{"id":58848,"href":"https:\/\/radiorevelacionfm.cl\/index.php?rest_route=\/wp\/v2\/posts\/58845\/revisions\/58848"}],"wp:featuredmedia":[{"embeddable":true,"href":"https:\/\/radiorevelacionfm.cl\/index.php?rest_route=\/wp\/v2\/media\/58846"}],"wp:attachment":[{"href":"https:\/\/radiorevelacionfm.cl\/index.php?rest_route=%2Fwp%2Fv2%2Fmedia&parent=58845"}],"wp:term":[{"taxonomy":"category","embeddable":true,"href":"https:\/\/radiorevelacionfm.cl\/index.php?rest_route=%2Fwp%2Fv2%2Fcategories&post=58845"},{"taxonomy":"post_tag","embeddable":true,"href":"https:\/\/radiorevelacionfm.cl\/index.php?rest_route=%2Fwp%2Fv2%2Ftags&post=58845"}],"curies":[{"name":"wp","href":"https:\/\/api.w.org\/{rel}","templated":true}]}}