{"id":58840,"date":"2025-09-07T23:19:29","date_gmt":"2025-09-08T02:19:29","guid":{"rendered":"https:\/\/radiorevelacionfm.cl\/?p=58840"},"modified":"2025-09-07T23:19:29","modified_gmt":"2025-09-08T02:19:29","slug":"reforma-de-pensiones-ya-se-inicio-la-cotizacion-del-1-adicional-para-todos-los-empleadores","status":"publish","type":"post","link":"https:\/\/radiorevelacionfm.cl\/?p=58840","title":{"rendered":"Reforma de Pensiones: ya se inici\u00f3 la cotizaci\u00f3n del 1 % adicional para todos los empleadores"},"content":{"rendered":"<div class=\"flex_column av_one_full  flex_column_div av-zero-column-padding first  avia-builder-el-0  el_before_av_one_full  avia-builder-el-first  \" style='border-radius:0px; '><div  class='avia-image-container  av-styling-    avia-builder-el-1  avia-builder-el-no-sibling  avia-align-center '  itemprop=\"image\" itemscope=\"itemscope\" itemtype=\"https:\/\/schema.org\/ImageObject\"  ><div class='avia-image-container-inner'><div class='avia-image-overlay-wrap'><img decoding=\"async\" class='wp-image-58842 avia-img-lazy-loading-not-58842 avia_image' src=\"https:\/\/radiorevelacionfm.cl\/wp-content\/uploads\/2025\/09\/1-ATENCION-EMPLEADORES-2.jpg\" alt='' title='1 ATENCI\u00d3N EMPLEADORES 2' height=\"600\" width=\"830\"  itemprop=\"thumbnailUrl\" srcset=\"https:\/\/radiorevelacionfm.cl\/wp-content\/uploads\/2025\/09\/1-ATENCION-EMPLEADORES-2.jpg 830w, https:\/\/radiorevelacionfm.cl\/wp-content\/uploads\/2025\/09\/1-ATENCION-EMPLEADORES-2-300x217.jpg 300w, https:\/\/radiorevelacionfm.cl\/wp-content\/uploads\/2025\/09\/1-ATENCION-EMPLEADORES-2-768x555.jpg 768w, https:\/\/radiorevelacionfm.cl\/wp-content\/uploads\/2025\/09\/1-ATENCION-EMPLEADORES-2-705x510.jpg 705w, https:\/\/radiorevelacionfm.cl\/wp-content\/uploads\/2025\/09\/1-ATENCION-EMPLEADORES-2-450x325.jpg 450w, https:\/\/radiorevelacionfm.cl\/wp-content\/uploads\/2025\/09\/1-ATENCION-EMPLEADORES-2-600x434.jpg 600w\" sizes=\"(max-width: 830px) 100vw, 830px\" \/><\/div><\/div><\/div><\/div><div class=\"flex_column av_one_full  flex_column_div av-zero-column-padding first  avia-builder-el-2  el_after_av_one_full  el_before_av_one_full  column-top-margin\" style='border-radius:0px; '><section class=\"av_textblock_section \"  itemscope=\"itemscope\" itemtype=\"https:\/\/schema.org\/BlogPosting\" itemprop=\"blogPost\" ><div class='avia_textblock  '   itemprop=\"text\" ><p style=\"text-align: center;\"><span style=\"font-size: 18pt;\"><b>Reforma de Pensiones: ya se inici\u00f3 la cotizaci\u00f3n del 1 % adicional para todos los empleadores<\/b><\/span><\/p>\n<div id=\"gtx-trans\" style=\"position: absolute; left: -50px; top: 4.31534px;\">\n<div class=\"gtx-trans-icon\"><\/div>\n<\/div>\n<\/div><\/section><\/div><div class=\"flex_column av_one_full  flex_column_div av-zero-column-padding first  avia-builder-el-4  el_after_av_one_full  el_before_av_hr  column-top-margin\" style='border-radius:0px; '><section class=\"av_textblock_section \"  itemscope=\"itemscope\" itemtype=\"https:\/\/schema.org\/BlogPosting\" itemprop=\"blogPost\" ><div class='avia_textblock  '   itemprop=\"text\" ><p style=\"font-weight: 400; text-align: justify;\"><em>En nuestra regi\u00f3n, empleadores\/as y contadores\/as se capacitaron a trav\u00e9s del webinar organizado de manera conjunta por la seremi del Trabajo y Previsi\u00f3n Social, el Instituto de Previsi\u00f3n Social \u2013 IPS Ays\u00e9n, la Direcci\u00f3n del Trabajo y la C\u00e1mara de Comercio de Coyhaique.<\/em><\/p>\n<p style=\"font-weight: 400; text-align: justify;\">Un hito clave en la implementaci\u00f3n de la Reforma de Pensiones ya se inici\u00f3, se trata del pago del 1 % adicional por parte de los empleadores y empleadoras a partir de las remuneraciones de agosto de 2025, cotizaci\u00f3n que busca contribuir a mejorar los ingresos de las personas mayores tras su jubilaci\u00f3n.<\/p>\n<p style=\"font-weight: 400; text-align: justify;\">As\u00ed lo se\u00f1al\u00f3 el Seremi (s) del Trabajo y Previsi\u00f3n Social, Rodrigo D\u00edaz Cordaro, quien precis\u00f3 que \u201ca partir de este mes, todos los empleadores deber\u00e1n contemplar un 1 % adicional de cotizaci\u00f3n sobre las remuneraciones imponibles de sus trabajadores y trabajadoras, cuyos pagos se deben realizar hasta el d\u00eda 13 de septiembre si se efect\u00faan de manera electr\u00f3nica, facilitando el tr\u00e1mite a trav\u00e9s de Previred, sistema que se ha implementado en una labor junto al Instituto de Previsi\u00f3n Social y la Subsecretar\u00eda de Previsi\u00f3n Social\u201d.<\/p>\n<p style=\"font-weight: 400; text-align: justify;\">La autoridad previsional, a\u00f1adi\u00f3, \u201cTal como se se\u00f1alara en el webinar del pasado 19 de agosto, este aumento en la cotizaci\u00f3n previsional no afecta las remuneraciones de los trabajadores y trabajadoras, y se da en el marco de la implementaci\u00f3n de la Reforma de Pensiones establecida en la Ley N\u00b0 21.735, que considera una gradualidad en el incremento de cotizaciones desde este a\u00f1o 2025. De este primer porcentaje que se incrementa, un 0,1 % se incorporar\u00e1 directamente a las cuentas individuales de AFP, para aumentar el ahorro previsional de las personas trabajadoras; mientras que el 0,9 % restante se integrar\u00e1 al nuevo Seguro Social, que permitir\u00e1 financiar la Compensaci\u00f3n por Expectativas de Vida para las mujeres y esto ayudar\u00e1 a corregir la brecha previsional derivada de su mayor longevidad, lo que en la pr\u00e1ctica se traducir\u00e1 en pensiones m\u00e1s equitativas\u201d, sostuvo D\u00edaz Cordaro.<\/p>\n<p style=\"font-weight: 400; text-align: justify;\"><strong>\u00bfD\u00f3nde y c\u00f3mo declarar esta nueva cotizaci\u00f3n del 1 %?<\/strong><\/p>\n<p style=\"font-weight: 400; text-align: justify;\">El Seremi(s) Rodrigo D\u00edaz Cordaro explic\u00f3 el aspecto pr\u00e1ctico de este pago, \u201cTal como lo detallamos en el webinar organizado de manera conjunta con el Instituto de Previsi\u00f3n Social, IPS, la Direcci\u00f3n del Trabajo y la C\u00e1mara de Comercio, a quienes destaco por su impronta de mantenerse siempre informados y capacitados en las nuevas normativas. La declaraci\u00f3n y pago de cotizaciones de este aporte del empleador se realizar\u00e1 a trav\u00e9s de Previred, en los mismos plazos y mecanismos que se utilizaban hasta el mes pasado, que es un sistema amigable e intuitivo. Con ello, el empleador vuelve a cotizar como era hace muchos a\u00f1os atr\u00e1s, para aportar financiamiento de las pensiones de sus trabajadores, con una gradualidad que alcanzar\u00e1 el 7% en 2033. De todas maneras, est\u00e1 siempre disponible la orientaci\u00f3n en las 5 sucursales del IPS ChileAtiende de la regi\u00f3n en Puerto Ays\u00e9n, Puerto Cisnes, Cochrane y Chile Chico y Coyhaique, en el sitio web\u00a0<a href=\"http:\/\/www.chileatiende.cl\/\" data-saferedirecturl=\"https:\/\/www.google.com\/url?q=http:\/\/www.chileatiende.cl&amp;source=gmail&amp;ust=1757380820630000&amp;usg=AOvVaw3mRCWisxxTknOdWI5WLbv2\">www.chileatiende.cl<\/a>\u00a0y en el call center 101\u201d, explic\u00f3 D\u00edaz Cordaro.<\/p>\n<p style=\"font-weight: 400; text-align: justify;\">Seg\u00fan c\u00f3mo se pagan las cotizaciones en Previred, se debe considerar lo siguiente:<\/p>\n<p style=\"font-weight: 400; text-align: justify;\">Empleadores que realizan directamente la declaraci\u00f3n y pago de cotizaciones en el sitio de Previred:\u00a0la informaci\u00f3n del nuevo Seguro Social estar\u00e1 disponible autom\u00e1ticamente para las remuneraciones de agosto, desde el momento en que est\u00e9 habilitada la plataforma para pagar las cotizaciones correspondientes a ese mes.<\/p>\n<p style=\"font-weight: 400; text-align: justify;\">Empleadores que utilizan software de remuneraciones o cargan n\u00f3minas de trabajadores en el sitio de Previred:\u00a0deber\u00e1n incorporar nuevos campos en sus archivos de carga electr\u00f3nica, seg\u00fan la informaci\u00f3n disponible en\u00a0<a href=\"http:\/\/www.previred.com\/\" data-saferedirecturl=\"https:\/\/www.google.com\/url?q=http:\/\/www.previred.com&amp;source=gmail&amp;ust=1757380820631000&amp;usg=AOvVaw0FJiUiY2JAnHDNMu8yN-mb\">www.previred.com<\/a>.<\/p>\n<p style=\"font-weight: 400; text-align: justify;\">Por su parte, el director regional de la Direcci\u00f3n del Trabajo, Christian Aros Troncoso, hizo hincapi\u00e9 en el desarrollo de las capacitaciones dirigidas a empleadores y contadores, \u201cQuiero destacar las diversas instancias de capacitaci\u00f3n que hemos realizado, tanto de manera presencial como virtual, con respecto a las nuevas normas, como la Reforma de Pensiones y otros temas, como el nuevo Sistema de Gesti\u00f3n Inspectiva (SGI)\u00a0que comenzar\u00e1 a operar prontamente en nuestra Regi\u00f3n de Ays\u00e9n. En este webinar que realizamos, adem\u00e1s abordamos otras materias conducentes al trabajo decente, donde se destaca el di\u00e1logo social como pieza clave en las relaciones entre empleadores y trabajadores, tal como se desarrolla en nuestro Consejo Regional de Usuarios, CTRU\u201d, sostuvo Aros.<\/p>\n<p style=\"font-weight: 400; text-align: justify;\">Para m\u00e1s informaci\u00f3n sobre los temas abordados, las personas pueden ingresar a\u00a0<a href=\"http:\/\/www.ips.gob.cl\/\" data-saferedirecturl=\"https:\/\/www.google.com\/url?q=http:\/\/www.ips.gob.cl&amp;source=gmail&amp;ust=1757380820631000&amp;usg=AOvVaw1Vnyb5ZkjRfNaYQEcSvcAv\">www.ips.gob.cl<\/a>\u00a0,\u00a0<a href=\"http:\/\/www.chileatiende.cl\/\" data-saferedirecturl=\"https:\/\/www.google.com\/url?q=http:\/\/www.chileatiende.cl&amp;source=gmail&amp;ust=1757380820631000&amp;usg=AOvVaw0qWMNXdTGxo5Y7iJStBAEO\">www.chileatiende.cl<\/a>\u00a0,\u00a0<a href=\"http:\/\/www.lareformadepensiones.cl\/\" data-saferedirecturl=\"https:\/\/www.google.com\/url?q=http:\/\/www.lareformadepensiones.cl&amp;source=gmail&amp;ust=1757380820631000&amp;usg=AOvVaw0ZTVPvZxEaJIShRmOa-qNB\">www.lareformadepensiones.cl<\/a>\u00a0y\u00a0<a href=\"http:\/\/www.dt.gob.cl\/\" data-saferedirecturl=\"https:\/\/www.google.com\/url?q=http:\/\/www.dt.gob.cl&amp;source=gmail&amp;ust=1757380820631000&amp;usg=AOvVaw3XH5PyZ0M17y8srzBobpxi\">www.dt.gob.cl<\/a>.<\/p>\n<\/div><\/section><\/div><div  style='height:50px' class='hr hr-invisible   avia-builder-el-6  el_after_av_one_full  el_before_av_social_share '><span class='hr-inner ' ><span class='hr-inner-style'><\/span><\/span><\/div><\/p>\n<div  class='av-social-sharing-box  avia-builder-el-7  el_after_av_hr  el_before_av_hr  '><div class='av-share-box'><h5 class='av-share-link-description av-no-toc '>Compartir esta noticia<\/h5><ul class='av-share-box-list noLightbox'><li class='av-share-link av-social-link-facebook' ><a target=\"_blank\" aria-label=\"Compartir en Facebook\" href='https:\/\/www.facebook.com\/sharer.php?u=https:\/\/radiorevelacionfm.cl\/?p=58840&#038;t=Reforma%20de%20Pensiones%3A%20ya%20se%20inici%C3%B3%20la%20cotizaci%C3%B3n%20del%201%20%25%20adicional%20para%20todos%20los%20empleadores' aria-hidden='false' data-av_icon='\ue8f3' data-av_iconfont='entypo-fontello' title='' data-avia-related-tooltip='Compartir en Facebook' rel=\"noopener\"><span class='avia_hidden_link_text'>Compartir en Facebook<\/span><\/a><\/li><li class='av-share-link av-social-link-twitter' ><a target=\"_blank\" aria-label=\"Compartir en Twitter\" href='https:\/\/twitter.com\/share?text=Reforma%20de%20Pensiones%3A%20ya%20se%20inici%C3%B3%20la%20cotizaci%C3%B3n%20del%201%20%25%20adicional%20para%20todos%20los%20empleadores&#038;url=https:\/\/radiorevelacionfm.cl\/?p=58840' aria-hidden='false' data-av_icon='\ue8f1' data-av_iconfont='entypo-fontello' title='' data-avia-related-tooltip='Compartir en Twitter' rel=\"noopener\"><span class='avia_hidden_link_text'>Compartir en Twitter<\/span><\/a><\/li><li class='av-share-link av-social-link-whatsapp' ><a target=\"_blank\" aria-label=\"Compartir en Whatsapp\" href='https:\/\/api.whatsapp.com\/send?text=https:\/\/radiorevelacionfm.cl\/?p=58840' aria-hidden='false' data-av_icon='\uf232' data-av_iconfont='entypo-fontello' title='' data-avia-related-tooltip='Compartir en Whatsapp' rel=\"noopener\"><span class='avia_hidden_link_text'>Compartir en Whatsapp<\/span><\/a><\/li><li class='av-share-link av-social-link-linkedin' ><a target=\"_blank\" aria-label=\"Compartir en LinkedIn\" href='https:\/\/linkedin.com\/shareArticle?mini=true&#038;title=Reforma%20de%20Pensiones%3A%20ya%20se%20inici%C3%B3%20la%20cotizaci%C3%B3n%20del%201%20%25%20adicional%20para%20todos%20los%20empleadores&#038;url=https:\/\/radiorevelacionfm.cl\/?p=58840' aria-hidden='false' data-av_icon='\ue8fc' data-av_iconfont='entypo-fontello' title='' data-avia-related-tooltip='Compartir en LinkedIn' rel=\"noopener\"><span class='avia_hidden_link_text'>Compartir en LinkedIn<\/span><\/a><\/li><li class='av-share-link av-social-link-mail' ><a  aria-label=\"Compartir por correo\" href='mailto:?subject=Reforma%20de%20Pensiones%3A%20ya%20se%20inici%C3%B3%20la%20cotizaci%C3%B3n%20del%201%20%25%20adicional%20para%20todos%20los%20empleadores&#038;body=https:\/\/radiorevelacionfm.cl\/?p=58840' aria-hidden='false' data-av_icon='\ue805' data-av_iconfont='entypo-fontello' title='' data-avia-related-tooltip='Compartir por correo'><span class='avia_hidden_link_text'>Compartir por correo<\/span><\/a><\/li><\/ul><\/div><\/div>\n<div  style='height:50px' class='hr hr-invisible   avia-builder-el-8  el_after_av_social_share  el_before_av_comments_list '><span class='hr-inner ' ><span class='hr-inner-style'><\/span><\/span><\/div>\n<div  class='av-buildercomment  av-blog-meta-html-info-disabled av-blog-meta-tag-disabled  '><\/div>\n","protected":false},"excerpt":{"rendered":"","protected":false},"author":1,"featured_media":58842,"comment_status":"closed","ping_status":"closed","sticky":false,"template":"","format":"standard","meta":{"footnotes":""},"categories":[56],"tags":[],"class_list":["post-58840","post","type-post","status-publish","format-standard","has-post-thumbnail","hentry","category-trabajo"],"jetpack_featured_media_url":"https:\/\/radiorevelacionfm.cl\/wp-content\/uploads\/2025\/09\/1-ATENCION-EMPLEADORES-2.jpg","_links":{"self":[{"href":"https:\/\/radiorevelacionfm.cl\/index.php?rest_route=\/wp\/v2\/posts\/58840","targetHints":{"allow":["GET"]}}],"collection":[{"href":"https:\/\/radiorevelacionfm.cl\/index.php?rest_route=\/wp\/v2\/posts"}],"about":[{"href":"https:\/\/radiorevelacionfm.cl\/index.php?rest_route=\/wp\/v2\/types\/post"}],"author":[{"embeddable":true,"href":"https:\/\/radiorevelacionfm.cl\/index.php?rest_route=\/wp\/v2\/users\/1"}],"replies":[{"embeddable":true,"href":"https:\/\/radiorevelacionfm.cl\/index.php?rest_route=%2Fwp%2Fv2%2Fcomments&post=58840"}],"version-history":[{"count":2,"href":"https:\/\/radiorevelacionfm.cl\/index.php?rest_route=\/wp\/v2\/posts\/58840\/revisions"}],"predecessor-version":[{"id":58844,"href":"https:\/\/radiorevelacionfm.cl\/index.php?rest_route=\/wp\/v2\/posts\/58840\/revisions\/58844"}],"wp:featuredmedia":[{"embeddable":true,"href":"https:\/\/radiorevelacionfm.cl\/index.php?rest_route=\/wp\/v2\/media\/58842"}],"wp:attachment":[{"href":"https:\/\/radiorevelacionfm.cl\/index.php?rest_route=%2Fwp%2Fv2%2Fmedia&parent=58840"}],"wp:term":[{"taxonomy":"category","embeddable":true,"href":"https:\/\/radiorevelacionfm.cl\/index.php?rest_route=%2Fwp%2Fv2%2Fcategories&post=58840"},{"taxonomy":"post_tag","embeddable":true,"href":"https:\/\/radiorevelacionfm.cl\/index.php?rest_route=%2Fwp%2Fv2%2Ftags&post=58840"}],"curies":[{"name":"wp","href":"https:\/\/api.w.org\/{rel}","templated":true}]}}