{"id":5884,"date":"2021-07-02T19:58:37","date_gmt":"2021-07-02T22:58:37","guid":{"rendered":"https:\/\/radiorevelacionfm.cl\/?p=5884"},"modified":"2021-07-02T19:58:37","modified_gmt":"2021-07-02T22:58:37","slug":"alcalde-de-guaitecas-san-pedro-es-una-de-las-actividades-que-nos-une-como-comunidad","status":"publish","type":"post","link":"https:\/\/radiorevelacionfm.cl\/?p=5884","title":{"rendered":"Alcalde de Guaitecas \u201cSan Pedro es una de las actividades que nos une como comunidad\u201d"},"content":{"rendered":"<div class=\"flex_column av_one_full  flex_column_div av-zero-column-padding first  avia-builder-el-0  el_before_av_one_full  avia-builder-el-first  \" style='border-radius:0px; '><div  class='avia-image-container  av-styling-    avia-builder-el-1  avia-builder-el-no-sibling  avia-align-center '  itemprop=\"image\" itemscope=\"itemscope\" itemtype=\"https:\/\/schema.org\/ImageObject\"  ><div class='avia-image-container-inner'><div class='avia-image-overlay-wrap'><img decoding=\"async\" class='wp-image-5885 avia-img-lazy-loading-not-5885 avia_image' src=\"https:\/\/radiorevelacionfm.cl\/wp-content\/uploads\/2021\/07\/San-Pedro-Melinka-1-1.jpg\" alt='' title='San Pedro Melinka (1) (1)' height=\"600\" width=\"1300\"  itemprop=\"thumbnailUrl\" srcset=\"https:\/\/radiorevelacionfm.cl\/wp-content\/uploads\/2021\/07\/San-Pedro-Melinka-1-1.jpg 1300w, https:\/\/radiorevelacionfm.cl\/wp-content\/uploads\/2021\/07\/San-Pedro-Melinka-1-1-300x138.jpg 300w, https:\/\/radiorevelacionfm.cl\/wp-content\/uploads\/2021\/07\/San-Pedro-Melinka-1-1-1030x475.jpg 1030w, https:\/\/radiorevelacionfm.cl\/wp-content\/uploads\/2021\/07\/San-Pedro-Melinka-1-1-768x354.jpg 768w, https:\/\/radiorevelacionfm.cl\/wp-content\/uploads\/2021\/07\/San-Pedro-Melinka-1-1-705x325.jpg 705w, https:\/\/radiorevelacionfm.cl\/wp-content\/uploads\/2021\/07\/San-Pedro-Melinka-1-1-600x277.jpg 600w\" sizes=\"(max-width: 1300px) 100vw, 1300px\" \/><\/div><\/div><\/div><\/div><div class=\"flex_column av_one_full  flex_column_div av-zero-column-padding first  avia-builder-el-2  el_after_av_one_full  el_before_av_one_full  column-top-margin\" style='border-radius:0px; '><section class=\"av_textblock_section \"  itemscope=\"itemscope\" itemtype=\"https:\/\/schema.org\/BlogPosting\" itemprop=\"blogPost\" ><div class='avia_textblock  '   itemprop=\"text\" ><p style=\"text-align: center;\"><strong><span style=\"font-size: 18pt;\">Alcalde de Guaitecas \u201cSan Pedro es una de las actividades que nos une como comunidad\u201d<\/span><\/strong><\/p>\n<div id=\"gtx-trans\" style=\"position: absolute; left: -50px; top: 4.31534px;\">\n<div class=\"gtx-trans-icon\"><\/div>\n<\/div>\n<\/div><\/section><\/div><div class=\"flex_column av_one_full  flex_column_div av-zero-column-padding first  avia-builder-el-4  el_after_av_one_full  el_before_av_hr  column-top-margin\" style='border-radius:0px; '><section class=\"av_textblock_section \"  itemscope=\"itemscope\" itemtype=\"https:\/\/schema.org\/BlogPosting\" itemprop=\"blogPost\" ><div class='avia_textblock  '   itemprop=\"text\" ><p style=\"text-align: justify;\">Cada a\u00f1o a fines del mes de junio en las distintas caletas de nuestro pa\u00eds y regi\u00f3n se recuerda al patrono de los pescadores, San Pedro. Actividades en capillas, colegios y tambi\u00e9n en el mar se destacan en este tiempo.<\/p>\n<p style=\"text-align: justify;\">Siguiendo la tradici\u00f3n hist\u00f3rica, pescadores, gente de mar, la comunidad y sus autoridades en Guaitecas, aprovechando el buen clima que reinaba durante ese d\u00eda, deciden realizar \u201cla procesi\u00f3n en el mar\u201d. Donde dirigentes, vecinos, vecinas y familias en se\u00f1al de fe, daban gracias por los recursos naturales que pueden extraer del litoral.<\/p>\n<p style=\"text-align: justify;\">El Alcalde, Marcos Silva, destacaba que esta es una de las actividades que permite seguir uniendo a la comunidad.<\/p>\n<p style=\"text-align: justify;\">\u201cLa festividad de San Pedro, a lo largo de todo Chile, en la gran mayor\u00eda de las caletas al menos, pero particularmente Melinka mantiene intacta su fe en lo que esta es festividad de San Pedro como patrono de los pescadores. Creo que eso es algo que nos une como comuna y como pescadores, as\u00ed es que, esta fue una fiesta muy bonita, de recogimiento, de compa\u00f1erismo. Hay cosas que nos unen y una de ellas es justamente esta festividad\u201d.<\/p>\n<p style=\"text-align: justify;\">Marcos Silva, puso en valor el avance que han logrado muchos pescadores al mejorar sus embarcaciones y equipamientos, lo que junto al buen clima en el desarrollo de la actividad de San Pedro, permiti\u00f3 exhibir los botes y embarcaciones de la gente de la isla.<\/p>\n<p style=\"text-align: justify;\">\u201cHubo un d\u00eda espectacular, hartas embarcaciones, pudimos apreciar la calidad y el nivel de embarcaciones que hoy tiene nuestra gente de mar. Evidentemente han ido avanzando con el tiempo, ya salimos del bote a remo y a vela, hoy la gente tiene una mayor inversi\u00f3n, tienen mayor habitabilidad, mejores condiciones, mejores maquinas, entonces, hoy el sector pesquero ha ido evolucionando\u201d.<\/p>\n<p style=\"text-align: justify;\">El Alcalde de la comuna de Guaitecas, Marcos Silva Miranda, concluy\u00f3 se\u00f1alando que como autoridad est\u00e1 dispuesto a seguir trabajando en bien de un \u00e1rea productiva tan importante para la isla como es la pesca artesanal. La idea es ir unificando criterios, conocer los planteamientos de los dirigentes y la comunidad, con el fin de seguir aportando al desarrollo del territorio.<\/p>\n<\/div><\/section><\/div><div  style='height:50px' class='hr hr-invisible   avia-builder-el-6  el_after_av_one_full  el_before_av_social_share '><span class='hr-inner ' ><span class='hr-inner-style'><\/span><\/span><\/div><\/p>\n<div  class='av-social-sharing-box  avia-builder-el-7  el_after_av_hr  el_before_av_hr  '><div class='av-share-box'><h5 class='av-share-link-description av-no-toc '>Compartir esta noticia<\/h5><ul class='av-share-box-list noLightbox'><li class='av-share-link av-social-link-facebook' ><a target=\"_blank\" aria-label=\"Compartir en Facebook\" href='https:\/\/www.facebook.com\/sharer.php?u=https:\/\/radiorevelacionfm.cl\/?p=5884&#038;t=Alcalde%20de%20Guaitecas%20%E2%80%9CSan%20Pedro%20es%20una%20de%20las%20actividades%20que%20nos%20une%20como%20comunidad%E2%80%9D' aria-hidden='false' data-av_icon='\ue8f3' data-av_iconfont='entypo-fontello' title='' data-avia-related-tooltip='Compartir en Facebook' rel=\"noopener\"><span class='avia_hidden_link_text'>Compartir en Facebook<\/span><\/a><\/li><li class='av-share-link av-social-link-twitter' ><a target=\"_blank\" aria-label=\"Compartir en Twitter\" href='https:\/\/twitter.com\/share?text=Alcalde%20de%20Guaitecas%20%E2%80%9CSan%20Pedro%20es%20una%20de%20las%20actividades%20que%20nos%20une%20como%20comunidad%E2%80%9D&#038;url=https:\/\/radiorevelacionfm.cl\/?p=5884' aria-hidden='false' data-av_icon='\ue8f1' data-av_iconfont='entypo-fontello' title='' data-avia-related-tooltip='Compartir en Twitter' rel=\"noopener\"><span class='avia_hidden_link_text'>Compartir en Twitter<\/span><\/a><\/li><li class='av-share-link av-social-link-whatsapp' ><a target=\"_blank\" aria-label=\"Compartir en Whatsapp\" href='https:\/\/api.whatsapp.com\/send?text=https:\/\/radiorevelacionfm.cl\/?p=5884' aria-hidden='false' data-av_icon='\uf232' data-av_iconfont='entypo-fontello' title='' data-avia-related-tooltip='Compartir en Whatsapp' rel=\"noopener\"><span class='avia_hidden_link_text'>Compartir en Whatsapp<\/span><\/a><\/li><li class='av-share-link av-social-link-linkedin' ><a target=\"_blank\" aria-label=\"Compartir en LinkedIn\" href='https:\/\/linkedin.com\/shareArticle?mini=true&#038;title=Alcalde%20de%20Guaitecas%20%E2%80%9CSan%20Pedro%20es%20una%20de%20las%20actividades%20que%20nos%20une%20como%20comunidad%E2%80%9D&#038;url=https:\/\/radiorevelacionfm.cl\/?p=5884' aria-hidden='false' data-av_icon='\ue8fc' data-av_iconfont='entypo-fontello' title='' data-avia-related-tooltip='Compartir en LinkedIn' rel=\"noopener\"><span class='avia_hidden_link_text'>Compartir en LinkedIn<\/span><\/a><\/li><li class='av-share-link av-social-link-mail' ><a  aria-label=\"Compartir por correo\" href='mailto:?subject=Alcalde%20de%20Guaitecas%20%E2%80%9CSan%20Pedro%20es%20una%20de%20las%20actividades%20que%20nos%20une%20como%20comunidad%E2%80%9D&#038;body=https:\/\/radiorevelacionfm.cl\/?p=5884' aria-hidden='false' data-av_icon='\ue805' data-av_iconfont='entypo-fontello' title='' data-avia-related-tooltip='Compartir por correo'><span class='avia_hidden_link_text'>Compartir por correo<\/span><\/a><\/li><\/ul><\/div><\/div>\n<div  style='height:50px' class='hr hr-invisible   avia-builder-el-8  el_after_av_social_share  el_before_av_comments_list '><span class='hr-inner ' ><span class='hr-inner-style'><\/span><\/span><\/div>\n<div  class='av-buildercomment  av-blog-meta-html-info-disabled av-blog-meta-tag-disabled  '><\/div>\n","protected":false},"excerpt":{"rendered":"","protected":false},"author":1,"featured_media":5885,"comment_status":"open","ping_status":"open","sticky":false,"template":"","format":"standard","meta":{"footnotes":""},"categories":[38],"tags":[],"class_list":["post-5884","post","type-post","status-publish","format-standard","has-post-thumbnail","hentry","category-regional"],"jetpack_featured_media_url":"https:\/\/radiorevelacionfm.cl\/wp-content\/uploads\/2021\/07\/San-Pedro-Melinka-1-1.jpg","_links":{"self":[{"href":"https:\/\/radiorevelacionfm.cl\/index.php?rest_route=\/wp\/v2\/posts\/5884","targetHints":{"allow":["GET"]}}],"collection":[{"href":"https:\/\/radiorevelacionfm.cl\/index.php?rest_route=\/wp\/v2\/posts"}],"about":[{"href":"https:\/\/radiorevelacionfm.cl\/index.php?rest_route=\/wp\/v2\/types\/post"}],"author":[{"embeddable":true,"href":"https:\/\/radiorevelacionfm.cl\/index.php?rest_route=\/wp\/v2\/users\/1"}],"replies":[{"embeddable":true,"href":"https:\/\/radiorevelacionfm.cl\/index.php?rest_route=%2Fwp%2Fv2%2Fcomments&post=5884"}],"version-history":[{"count":1,"href":"https:\/\/radiorevelacionfm.cl\/index.php?rest_route=\/wp\/v2\/posts\/5884\/revisions"}],"predecessor-version":[{"id":5886,"href":"https:\/\/radiorevelacionfm.cl\/index.php?rest_route=\/wp\/v2\/posts\/5884\/revisions\/5886"}],"wp:featuredmedia":[{"embeddable":true,"href":"https:\/\/radiorevelacionfm.cl\/index.php?rest_route=\/wp\/v2\/media\/5885"}],"wp:attachment":[{"href":"https:\/\/radiorevelacionfm.cl\/index.php?rest_route=%2Fwp%2Fv2%2Fmedia&parent=5884"}],"wp:term":[{"taxonomy":"category","embeddable":true,"href":"https:\/\/radiorevelacionfm.cl\/index.php?rest_route=%2Fwp%2Fv2%2Fcategories&post=5884"},{"taxonomy":"post_tag","embeddable":true,"href":"https:\/\/radiorevelacionfm.cl\/index.php?rest_route=%2Fwp%2Fv2%2Ftags&post=5884"}],"curies":[{"name":"wp","href":"https:\/\/api.w.org\/{rel}","templated":true}]}}