{"id":58836,"date":"2025-09-07T23:07:49","date_gmt":"2025-09-08T02:07:49","guid":{"rendered":"https:\/\/radiorevelacionfm.cl\/?p=58836"},"modified":"2025-09-07T23:07:49","modified_gmt":"2025-09-08T02:07:49","slug":"avanza-proyecto-de-remodelacion-del-gimnasio-de-la-escuela-nieves-del-sur","status":"publish","type":"post","link":"https:\/\/radiorevelacionfm.cl\/?p=58836","title":{"rendered":"Avanza proyecto de remodelaci\u00f3n del gimnasio de la Escuela Nieves del Sur"},"content":{"rendered":"<div class=\"flex_column av_one_full  flex_column_div av-zero-column-padding first  avia-builder-el-0  el_before_av_one_full  avia-builder-el-first  \" style='border-radius:0px; '><div  class='avia-image-container  av-styling-    avia-builder-el-1  avia-builder-el-no-sibling  avia-align-center '  itemprop=\"image\" itemscope=\"itemscope\" itemtype=\"https:\/\/schema.org\/ImageObject\"  ><div class='avia-image-container-inner'><div class='avia-image-overlay-wrap'><img decoding=\"async\" class='wp-image-58837 avia-img-lazy-loading-not-58837 avia_image' src=\"https:\/\/radiorevelacionfm.cl\/wp-content\/uploads\/2025\/09\/Alcalde1-1.jpg\" alt='' title='Alcalde1 (1)' height=\"600\" width=\"954\"  itemprop=\"thumbnailUrl\" srcset=\"https:\/\/radiorevelacionfm.cl\/wp-content\/uploads\/2025\/09\/Alcalde1-1.jpg 954w, https:\/\/radiorevelacionfm.cl\/wp-content\/uploads\/2025\/09\/Alcalde1-1-300x189.jpg 300w, https:\/\/radiorevelacionfm.cl\/wp-content\/uploads\/2025\/09\/Alcalde1-1-768x483.jpg 768w, https:\/\/radiorevelacionfm.cl\/wp-content\/uploads\/2025\/09\/Alcalde1-1-705x443.jpg 705w, https:\/\/radiorevelacionfm.cl\/wp-content\/uploads\/2025\/09\/Alcalde1-1-450x283.jpg 450w, https:\/\/radiorevelacionfm.cl\/wp-content\/uploads\/2025\/09\/Alcalde1-1-600x377.jpg 600w\" sizes=\"(max-width: 954px) 100vw, 954px\" \/><\/div><\/div><\/div><\/div><div class=\"flex_column av_one_full  flex_column_div av-zero-column-padding first  avia-builder-el-2  el_after_av_one_full  el_before_av_one_full  column-top-margin\" style='border-radius:0px; '><section class=\"av_textblock_section \"  itemscope=\"itemscope\" itemtype=\"https:\/\/schema.org\/BlogPosting\" itemprop=\"blogPost\" ><div class='avia_textblock  '   itemprop=\"text\" ><p style=\"text-align: center;\"><strong><span style=\"font-size: 18pt;\">Avanza proyecto de remodelaci\u00f3n del gimnasio de la Escuela Nieves del Sur<\/span><\/strong><\/p>\n<div id=\"gtx-trans\" style=\"position: absolute; left: -50px; top: 4.31534px;\">\n<div class=\"gtx-trans-icon\"><\/div>\n<\/div>\n<\/div><\/section><\/div><div class=\"flex_column av_one_full  flex_column_div av-zero-column-padding first  avia-builder-el-4  el_after_av_one_full  el_before_av_hr  column-top-margin\" style='border-radius:0px; '><section class=\"av_textblock_section \"  itemscope=\"itemscope\" itemtype=\"https:\/\/schema.org\/BlogPosting\" itemprop=\"blogPost\" ><div class='avia_textblock  '   itemprop=\"text\" ><p style=\"text-align: justify;\">La Municipalidad de Coyhaique contin\u00faa trabajando en el mejoramiento de la infraestructura educativa de la comuna. En esta ocasi\u00f3n, se visitaron las obras de <strong>remodelaci\u00f3n del gimnasio de la Escuela Nieves del Sur<\/strong>, proyecto que est\u00e1 siendo postulado a fondos del Ministerio de Educaci\u00f3n y que busca entregar mejores espacios a estudiantes y comunidad educativa.<\/p>\n<p style=\"text-align: justify;\">La visita fue encabezada por el alcalde de la comuna, Carlos Gatica, la <strong>directora del establecimiento<\/strong>, junto a un representante del <strong>Servicio Local de Educaci\u00f3n P\u00fablica<\/strong> y la <strong>empresa contratista a cargo de la obra<\/strong>, quienes recorrieron los trabajos en ejecuci\u00f3n junto al municipio para verificar su correcto desarrollo.<\/p>\n<p style=\"text-align: justify;\">El alcalde de Coyhaique, <strong>Carlos Gatica Villegas<\/strong>, destac\u00f3 la calidad de la intervenci\u00f3n y la relevancia de seguir mejorando los espacios de educaci\u00f3n p\u00fablica <em>\u00abSe est\u00e1 remodelando cada uno de los ba\u00f1os con perfecto desarrollo, los materiales que se est\u00e1n utilizando, la espuma de poliuretano expandida que claramente es lo mejor que existe hoy en d\u00eda en el mercado para poder aislar t\u00e9rmicamente las estructuras, las ventanas de termopanel con PVC foliado tambi\u00e9n de los mejores est\u00e1ndares de calidad y la verdad felicitar a la empresa porque se ve el correcto funcionamiento y el desarrollo de este proyecto y tambi\u00e9n a los funcionarios que est\u00e1n por parte de la Direcci\u00f3n de Obras Municipales\u201d. <\/em><\/p>\n<p style=\"text-align: justify;\"><em>\u201cDecirles a los vecinos que este proyecto se complementa con otros que estamos trabajando en educaci\u00f3n, como lo que est\u00e1 sucediendo en Josefina Aguirre Montenegro, como adem\u00e1s lo que sucedi\u00f3 en la escuela Anexa Independencia y muchos otros como Balmaceda, la idea es seguir avanzando en materia de mejoramiento de infraestructura en la educaci\u00f3n p\u00fablica, es por eso que estamos trabajando en un convenio de colaboraci\u00f3n con el director del Servicio Local de Educaci\u00f3n que va a permitir seguir mejorando los espacios para nuestros ni\u00f1os y ni\u00f1as de la educaci\u00f3n de Coyhaique\u201d<\/em> se\u00f1al\u00f3 la m\u00e1xima autoridad comunal.<\/p>\n<p style=\"text-align: justify;\">Este proyecto no solo busca renovar la infraestructura del gimnasio, sino tambi\u00e9n <strong>ampliar las posibilidades de uso comunitario<\/strong>, ya que estos espacios cumplen un rol clave en el desarrollo deportivo, cultural y social de los estudiantes y sus familias. La remodelaci\u00f3n considera est\u00e1ndares de accesibilidad, seguridad y confort, permitiendo que la Escuela Nieves del Sur cuente con instalaciones modernas y preparadas para los desaf\u00edos educativos actuales.<\/p>\n<p style=\"text-align: justify;\">Marcela Pav\u00e9z Past\u00e9n, directora de la escuela Ni\u00f1as del Sur destaca el trabajo de los profesionales, comentando <em>\u201ces grato ver los avances pensando que van r\u00e1pido en el tiempo, 15 de octubre no queda nada y ojal\u00e1 que se cumpla la fecha, lo que m\u00e1s quieren nuestros ni\u00f1os y ni\u00f1as es poder ocupar este espacio que hace mucho tiempo no tienen acceso a un gimnasio. As\u00ed que feliz, nos pone muy contento como escuela Nieves del Sur, ver los avances, ver que se est\u00e1 trabajando y que los plazos se van a cumplir.\u201d<\/em><\/p>\n<p style=\"text-align: justify;\">Con esta iniciativa, el Municipio de Coyhaique reafirma su compromiso con el fortalecimiento de la <strong>infraestructura escolar<\/strong>, en l\u00ednea con la visi\u00f3n de construir una educaci\u00f3n p\u00fablica de calidad que garantice mejores condiciones para el aprendizaje y el desarrollo integral de los estudiantes.<\/p>\n<\/div><\/section><\/div><div  style='height:50px' class='hr hr-invisible   avia-builder-el-6  el_after_av_one_full  el_before_av_social_share '><span class='hr-inner ' ><span class='hr-inner-style'><\/span><\/span><\/div><\/p>\n<div  class='av-social-sharing-box  avia-builder-el-7  el_after_av_hr  el_before_av_hr  '><div class='av-share-box'><h5 class='av-share-link-description av-no-toc '>Compartir esta noticia<\/h5><ul class='av-share-box-list noLightbox'><li class='av-share-link av-social-link-facebook' ><a target=\"_blank\" aria-label=\"Compartir en Facebook\" href='https:\/\/www.facebook.com\/sharer.php?u=https:\/\/radiorevelacionfm.cl\/?p=58836&#038;t=Avanza%20proyecto%20de%20remodelaci%C3%B3n%20del%20gimnasio%20de%20la%20Escuela%20Nieves%20del%20Sur' aria-hidden='false' data-av_icon='\ue8f3' data-av_iconfont='entypo-fontello' title='' data-avia-related-tooltip='Compartir en Facebook' rel=\"noopener\"><span class='avia_hidden_link_text'>Compartir en Facebook<\/span><\/a><\/li><li class='av-share-link av-social-link-twitter' ><a target=\"_blank\" aria-label=\"Compartir en Twitter\" href='https:\/\/twitter.com\/share?text=Avanza%20proyecto%20de%20remodelaci%C3%B3n%20del%20gimnasio%20de%20la%20Escuela%20Nieves%20del%20Sur&#038;url=https:\/\/radiorevelacionfm.cl\/?p=58836' aria-hidden='false' data-av_icon='\ue8f1' data-av_iconfont='entypo-fontello' title='' data-avia-related-tooltip='Compartir en Twitter' rel=\"noopener\"><span class='avia_hidden_link_text'>Compartir en Twitter<\/span><\/a><\/li><li class='av-share-link av-social-link-whatsapp' ><a target=\"_blank\" aria-label=\"Compartir en Whatsapp\" href='https:\/\/api.whatsapp.com\/send?text=https:\/\/radiorevelacionfm.cl\/?p=58836' aria-hidden='false' data-av_icon='\uf232' data-av_iconfont='entypo-fontello' title='' data-avia-related-tooltip='Compartir en Whatsapp' rel=\"noopener\"><span class='avia_hidden_link_text'>Compartir en Whatsapp<\/span><\/a><\/li><li class='av-share-link av-social-link-linkedin' ><a target=\"_blank\" aria-label=\"Compartir en LinkedIn\" href='https:\/\/linkedin.com\/shareArticle?mini=true&#038;title=Avanza%20proyecto%20de%20remodelaci%C3%B3n%20del%20gimnasio%20de%20la%20Escuela%20Nieves%20del%20Sur&#038;url=https:\/\/radiorevelacionfm.cl\/?p=58836' aria-hidden='false' data-av_icon='\ue8fc' data-av_iconfont='entypo-fontello' title='' data-avia-related-tooltip='Compartir en LinkedIn' rel=\"noopener\"><span class='avia_hidden_link_text'>Compartir en LinkedIn<\/span><\/a><\/li><li class='av-share-link av-social-link-mail' ><a  aria-label=\"Compartir por correo\" href='mailto:?subject=Avanza%20proyecto%20de%20remodelaci%C3%B3n%20del%20gimnasio%20de%20la%20Escuela%20Nieves%20del%20Sur&#038;body=https:\/\/radiorevelacionfm.cl\/?p=58836' aria-hidden='false' data-av_icon='\ue805' data-av_iconfont='entypo-fontello' title='' data-avia-related-tooltip='Compartir por correo'><span class='avia_hidden_link_text'>Compartir por correo<\/span><\/a><\/li><\/ul><\/div><\/div>\n<div  style='height:50px' class='hr hr-invisible   avia-builder-el-8  el_after_av_social_share  el_before_av_comments_list '><span class='hr-inner ' ><span class='hr-inner-style'><\/span><\/span><\/div>\n<div  class='av-buildercomment  av-blog-meta-html-info-disabled av-blog-meta-tag-disabled  '><\/div>\n","protected":false},"excerpt":{"rendered":"","protected":false},"author":1,"featured_media":58837,"comment_status":"closed","ping_status":"closed","sticky":false,"template":"","format":"standard","meta":{"footnotes":""},"categories":[38],"tags":[],"class_list":["post-58836","post","type-post","status-publish","format-standard","has-post-thumbnail","hentry","category-regional"],"jetpack_featured_media_url":"https:\/\/radiorevelacionfm.cl\/wp-content\/uploads\/2025\/09\/Alcalde1-1.jpg","_links":{"self":[{"href":"https:\/\/radiorevelacionfm.cl\/index.php?rest_route=\/wp\/v2\/posts\/58836","targetHints":{"allow":["GET"]}}],"collection":[{"href":"https:\/\/radiorevelacionfm.cl\/index.php?rest_route=\/wp\/v2\/posts"}],"about":[{"href":"https:\/\/radiorevelacionfm.cl\/index.php?rest_route=\/wp\/v2\/types\/post"}],"author":[{"embeddable":true,"href":"https:\/\/radiorevelacionfm.cl\/index.php?rest_route=\/wp\/v2\/users\/1"}],"replies":[{"embeddable":true,"href":"https:\/\/radiorevelacionfm.cl\/index.php?rest_route=%2Fwp%2Fv2%2Fcomments&post=58836"}],"version-history":[{"count":2,"href":"https:\/\/radiorevelacionfm.cl\/index.php?rest_route=\/wp\/v2\/posts\/58836\/revisions"}],"predecessor-version":[{"id":58839,"href":"https:\/\/radiorevelacionfm.cl\/index.php?rest_route=\/wp\/v2\/posts\/58836\/revisions\/58839"}],"wp:featuredmedia":[{"embeddable":true,"href":"https:\/\/radiorevelacionfm.cl\/index.php?rest_route=\/wp\/v2\/media\/58837"}],"wp:attachment":[{"href":"https:\/\/radiorevelacionfm.cl\/index.php?rest_route=%2Fwp%2Fv2%2Fmedia&parent=58836"}],"wp:term":[{"taxonomy":"category","embeddable":true,"href":"https:\/\/radiorevelacionfm.cl\/index.php?rest_route=%2Fwp%2Fv2%2Fcategories&post=58836"},{"taxonomy":"post_tag","embeddable":true,"href":"https:\/\/radiorevelacionfm.cl\/index.php?rest_route=%2Fwp%2Fv2%2Ftags&post=58836"}],"curies":[{"name":"wp","href":"https:\/\/api.w.org\/{rel}","templated":true}]}}