{"id":58833,"date":"2025-09-07T22:51:06","date_gmt":"2025-09-08T01:51:06","guid":{"rendered":"https:\/\/radiorevelacionfm.cl\/?p=58833"},"modified":"2025-09-07T22:51:06","modified_gmt":"2025-09-08T01:51:06","slug":"corporacion-chelenko-se-suma-a-preocupacion-del-territorio-por-rechazo-de-lanzamiento-de-temporada-turistica-en-chile-chico","status":"publish","type":"post","link":"https:\/\/radiorevelacionfm.cl\/?p=58833","title":{"rendered":"Corporaci\u00f3n Chelenko se suma a preocupaci\u00f3n del territorio por rechazo de lanzamiento de temporada tur\u00edstica en Chile Chico"},"content":{"rendered":"<div class=\"flex_column av_one_full  flex_column_div av-zero-column-padding first  avia-builder-el-0  el_before_av_one_full  avia-builder-el-first  \" style='border-radius:0px; '><div  class='avia-image-container  av-styling-    avia-builder-el-1  avia-builder-el-no-sibling  avia-align-center '  itemprop=\"image\" itemscope=\"itemscope\" itemtype=\"https:\/\/schema.org\/ImageObject\"  ><div class='avia-image-container-inner'><div class='avia-image-overlay-wrap'><img decoding=\"async\" class='wp-image-4029 avia-img-lazy-loading-not-4029 avia_image' src=\"https:\/\/radiorevelacionfm.cl\/wp-content\/uploads\/2021\/05\/CHILE-CHICO_2.jpg\" alt='' title='CHILE CHICO_2' height=\"600\" width=\"900\"  itemprop=\"thumbnailUrl\" srcset=\"https:\/\/radiorevelacionfm.cl\/wp-content\/uploads\/2021\/05\/CHILE-CHICO_2.jpg 900w, https:\/\/radiorevelacionfm.cl\/wp-content\/uploads\/2021\/05\/CHILE-CHICO_2-300x200.jpg 300w, https:\/\/radiorevelacionfm.cl\/wp-content\/uploads\/2021\/05\/CHILE-CHICO_2-768x512.jpg 768w, https:\/\/radiorevelacionfm.cl\/wp-content\/uploads\/2021\/05\/CHILE-CHICO_2-705x470.jpg 705w, https:\/\/radiorevelacionfm.cl\/wp-content\/uploads\/2021\/05\/CHILE-CHICO_2-600x400.jpg 600w\" sizes=\"(max-width: 900px) 100vw, 900px\" \/><\/div><\/div><\/div><\/div><div class=\"flex_column av_one_full  flex_column_div av-zero-column-padding first  avia-builder-el-2  el_after_av_one_full  el_before_av_one_full  column-top-margin\" style='border-radius:0px; '><section class=\"av_textblock_section \"  itemscope=\"itemscope\" itemtype=\"https:\/\/schema.org\/BlogPosting\" itemprop=\"blogPost\" ><div class='avia_textblock  '   itemprop=\"text\" ><p style=\"text-align: center;\"><span style=\"font-size: 18pt;\"><b><span lang=\"ES-TRAD\">Corporaci\u00f3n Chelenko se suma a preocupaci\u00f3n del territorio por rechazo de lanzamiento de temporada tur\u00edstica en Chile Chico<\/span><\/b><\/span><\/p>\n<div id=\"gtx-trans\" style=\"position: absolute; left: -50px; top: 4.31534px;\">\n<div class=\"gtx-trans-icon\"><\/div>\n<\/div>\n<\/div><\/section><\/div><div class=\"flex_column av_one_full  flex_column_div av-zero-column-padding first  avia-builder-el-4  el_after_av_one_full  el_before_av_hr  column-top-margin\" style='border-radius:0px; '><section class=\"av_textblock_section \"  itemscope=\"itemscope\" itemtype=\"https:\/\/schema.org\/BlogPosting\" itemprop=\"blogPost\" ><div class='avia_textblock  '   itemprop=\"text\" ><p style=\"font-weight: 400; text-align: justify;\"><em>Su presidenta, Miriam Chible, destac\u00f3 el hecho de \u201cque por primera vez la localidad de Chile Chico tuviera un lanzamiento de temporada, como lo hacen las localidades del interior, era una muy buena se\u00f1al, ya que permite el impulso econ\u00f3mico de la actividad\u201d.<\/em><\/p>\n<p style=\"font-weight: 400; text-align: justify;\">Desde la Corporaci\u00f3n Chelenko, organizaci\u00f3n que re\u00fane a 15 organizaciones del turismo de Puerto Ingeniero Ib\u00e1\u00f1ez, Puerto S\u00e1nchez, Bah\u00eda Murta, Puerto R\u00edo Tranquilo, Puerto Guadal, Puerto Bertrand y Chile Chico, calificaron de \u201cpreocupante\u201d el rechazo del lanzamiento de la temporada tur\u00edstica de Chile Chico por parte del Concejo Municipal. Esto, m\u00e1s a\u00fan cuando recientemente la comuna fue reconocida como \u00ab<strong>Municipalidad Tur\u00edstica<\/strong>\u00ab, lo cual es un incentivo a seguir desarrollando esta actividad.<\/p>\n<p style=\"font-weight: 400; text-align: justify;\">\u201c<em>La comuna de Chile Chico, junto a la de R\u00edo Ib\u00e1\u00f1ez, forman parte de la Zona de Inter\u00e9s Tur\u00edstico, que es un instrumento de fomento del desarrollo productivo de ambos territorios, sobre la base de sus atractivos<\/em>\u201d se\u00f1al\u00f3 al respecto la\u00a0<strong>presidenta de la organizaci\u00f3n, Miriam Chible Contreras<\/strong>. En su visi\u00f3n, \u201c<em>que por primera vez la localidad de Chile Chico tuviera un lanzamiento de temporada, como lo hacen las localidades del interior, era una muy buena se\u00f1al, ya que permite el impulso econ\u00f3mico de la actividad<\/em>\u201d.<\/p>\n<p style=\"font-weight: 400; text-align: justify;\">En este sentido, destac\u00f3 que el turismo es el sector con mayor aceptaci\u00f3n y de futuro para Ays\u00e9n, lo cual da cuenta de su importancia presente y futura, seg\u00fan datos del Informe del\u00a0<strong>Bar\u00f3metro Regional Ays\u00e9n 2024<\/strong>\u00a0\u201c<em>Chile visto desde sus regiones<\/em>\u201d elaborado por la Universidad de Ays\u00e9n y el Gobierno Regional de Ays\u00e9n.<\/p>\n<p style=\"font-weight: 400; text-align: justify;\">\u201c<em>La valoraci\u00f3n de las actividades econ\u00f3micas es congruente con el consenso sobre la centralidad de las \u2018riquezas naturales\u2019: existe un alto consenso sobre la importancia del turismo, ganader\u00eda y agricultura, mientras que ese consenso disminuye en relaci\u00f3n con el aprovechamiento productivo de los recursos del mar (cultivo de salmones, cultivos de choritos, pesca industrial)<\/em>\u201d se\u00f1ala el reporte. Con el primer lugar de importancia pensando en el futuro de Ays\u00e9n, un <strong>95% de los encuestados calific\u00f3 el turismo como algo o muy importante<\/strong>.<\/p>\n<p style=\"font-weight: 400; text-align: justify;\">\u201c<em>Esto es lo que piensan los habitantes de Ays\u00e9n sobre el turismo. Entonces, no apoyar las actividades que van en sinton\u00eda con esta visi\u00f3n es preocupante y va en la direcci\u00f3n contraria. Esperamos se pueda revertir este rechazo con iniciativas en el futuro. Esto, m\u00e1s a\u00fan cuando la idea era hacer, por primera vez, un importante evento con este lanzamiento, haci\u00e9ndolo m\u00e1s extensivo<\/em>\u201d indic\u00f3.<\/p>\n<p style=\"font-weight: 400; text-align: justify;\">Miriam Chible puntualiz\u00f3 que los lanzamientos de temporada se est\u00e1n transformando en hitos relevantes en la regi\u00f3n y en la comuna de Chile Chico, as\u00ed como los esfuerzos que se realizan para desestacionalizar las temporadas. \u201c<em>Varias organizaciones y empresas de las localidades est\u00e1n haciendo importantes esfuerzos para actividades como los festivales de la cosecha, carnavales de invierno, festivales, por tanto es relevante que los municipios hagan sus esfuerzos presupuestarios tambi\u00e9n, ya que apoyar el turismo es mover la econom\u00eda y distribuir m\u00e1s equitativamente la riqueza<\/em>\u201d puntualiz\u00f3.<\/p>\n<\/div><\/section><\/div><div  style='height:50px' class='hr hr-invisible   avia-builder-el-6  el_after_av_one_full  el_before_av_social_share '><span class='hr-inner ' ><span class='hr-inner-style'><\/span><\/span><\/div><\/p>\n<div  class='av-social-sharing-box  avia-builder-el-7  el_after_av_hr  el_before_av_hr  '><div class='av-share-box'><h5 class='av-share-link-description av-no-toc '>Compartir esta noticia<\/h5><ul class='av-share-box-list noLightbox'><li class='av-share-link av-social-link-facebook' ><a target=\"_blank\" aria-label=\"Compartir en Facebook\" href='https:\/\/www.facebook.com\/sharer.php?u=https:\/\/radiorevelacionfm.cl\/?p=58833&#038;t=Corporaci%C3%B3n%20Chelenko%20se%20suma%20a%20preocupaci%C3%B3n%20del%20territorio%20por%20rechazo%20de%20lanzamiento%20de%20temporada%20tur%C3%ADstica%20en%20Chile%20Chico' aria-hidden='false' data-av_icon='\ue8f3' data-av_iconfont='entypo-fontello' title='' data-avia-related-tooltip='Compartir en Facebook' rel=\"noopener\"><span class='avia_hidden_link_text'>Compartir en Facebook<\/span><\/a><\/li><li class='av-share-link av-social-link-twitter' ><a target=\"_blank\" aria-label=\"Compartir en Twitter\" href='https:\/\/twitter.com\/share?text=Corporaci%C3%B3n%20Chelenko%20se%20suma%20a%20preocupaci%C3%B3n%20del%20territorio%20por%20rechazo%20de%20lanzamiento%20de%20temporada%20tur%C3%ADstica%20en%20Chile%20Chico&#038;url=https:\/\/radiorevelacionfm.cl\/?p=58833' aria-hidden='false' data-av_icon='\ue8f1' data-av_iconfont='entypo-fontello' title='' data-avia-related-tooltip='Compartir en Twitter' rel=\"noopener\"><span class='avia_hidden_link_text'>Compartir en Twitter<\/span><\/a><\/li><li class='av-share-link av-social-link-whatsapp' ><a target=\"_blank\" aria-label=\"Compartir en Whatsapp\" href='https:\/\/api.whatsapp.com\/send?text=https:\/\/radiorevelacionfm.cl\/?p=58833' aria-hidden='false' data-av_icon='\uf232' data-av_iconfont='entypo-fontello' title='' data-avia-related-tooltip='Compartir en Whatsapp' rel=\"noopener\"><span class='avia_hidden_link_text'>Compartir en Whatsapp<\/span><\/a><\/li><li class='av-share-link av-social-link-linkedin' ><a target=\"_blank\" aria-label=\"Compartir en LinkedIn\" href='https:\/\/linkedin.com\/shareArticle?mini=true&#038;title=Corporaci%C3%B3n%20Chelenko%20se%20suma%20a%20preocupaci%C3%B3n%20del%20territorio%20por%20rechazo%20de%20lanzamiento%20de%20temporada%20tur%C3%ADstica%20en%20Chile%20Chico&#038;url=https:\/\/radiorevelacionfm.cl\/?p=58833' aria-hidden='false' data-av_icon='\ue8fc' data-av_iconfont='entypo-fontello' title='' data-avia-related-tooltip='Compartir en LinkedIn' rel=\"noopener\"><span class='avia_hidden_link_text'>Compartir en LinkedIn<\/span><\/a><\/li><li class='av-share-link av-social-link-mail' ><a  aria-label=\"Compartir por correo\" href='mailto:?subject=Corporaci%C3%B3n%20Chelenko%20se%20suma%20a%20preocupaci%C3%B3n%20del%20territorio%20por%20rechazo%20de%20lanzamiento%20de%20temporada%20tur%C3%ADstica%20en%20Chile%20Chico&#038;body=https:\/\/radiorevelacionfm.cl\/?p=58833' aria-hidden='false' data-av_icon='\ue805' data-av_iconfont='entypo-fontello' title='' data-avia-related-tooltip='Compartir por correo'><span class='avia_hidden_link_text'>Compartir por correo<\/span><\/a><\/li><\/ul><\/div><\/div>\n<div  style='height:50px' class='hr hr-invisible   avia-builder-el-8  el_after_av_social_share  el_before_av_comments_list '><span class='hr-inner ' ><span class='hr-inner-style'><\/span><\/span><\/div>\n<div  class='av-buildercomment  av-blog-meta-html-info-disabled av-blog-meta-tag-disabled  '><\/div>\n","protected":false},"excerpt":{"rendered":"","protected":false},"author":1,"featured_media":4029,"comment_status":"closed","ping_status":"closed","sticky":false,"template":"","format":"standard","meta":{"footnotes":""},"categories":[38],"tags":[],"class_list":["post-58833","post","type-post","status-publish","format-standard","has-post-thumbnail","hentry","category-regional"],"jetpack_featured_media_url":"https:\/\/radiorevelacionfm.cl\/wp-content\/uploads\/2021\/05\/CHILE-CHICO_2.jpg","_links":{"self":[{"href":"https:\/\/radiorevelacionfm.cl\/index.php?rest_route=\/wp\/v2\/posts\/58833","targetHints":{"allow":["GET"]}}],"collection":[{"href":"https:\/\/radiorevelacionfm.cl\/index.php?rest_route=\/wp\/v2\/posts"}],"about":[{"href":"https:\/\/radiorevelacionfm.cl\/index.php?rest_route=\/wp\/v2\/types\/post"}],"author":[{"embeddable":true,"href":"https:\/\/radiorevelacionfm.cl\/index.php?rest_route=\/wp\/v2\/users\/1"}],"replies":[{"embeddable":true,"href":"https:\/\/radiorevelacionfm.cl\/index.php?rest_route=%2Fwp%2Fv2%2Fcomments&post=58833"}],"version-history":[{"count":2,"href":"https:\/\/radiorevelacionfm.cl\/index.php?rest_route=\/wp\/v2\/posts\/58833\/revisions"}],"predecessor-version":[{"id":58835,"href":"https:\/\/radiorevelacionfm.cl\/index.php?rest_route=\/wp\/v2\/posts\/58833\/revisions\/58835"}],"wp:featuredmedia":[{"embeddable":true,"href":"https:\/\/radiorevelacionfm.cl\/index.php?rest_route=\/wp\/v2\/media\/4029"}],"wp:attachment":[{"href":"https:\/\/radiorevelacionfm.cl\/index.php?rest_route=%2Fwp%2Fv2%2Fmedia&parent=58833"}],"wp:term":[{"taxonomy":"category","embeddable":true,"href":"https:\/\/radiorevelacionfm.cl\/index.php?rest_route=%2Fwp%2Fv2%2Fcategories&post=58833"},{"taxonomy":"post_tag","embeddable":true,"href":"https:\/\/radiorevelacionfm.cl\/index.php?rest_route=%2Fwp%2Fv2%2Ftags&post=58833"}],"curies":[{"name":"wp","href":"https:\/\/api.w.org\/{rel}","templated":true}]}}