{"id":58826,"date":"2025-09-07T22:41:43","date_gmt":"2025-09-08T01:41:43","guid":{"rendered":"https:\/\/radiorevelacionfm.cl\/?p=58826"},"modified":"2025-09-07T22:45:14","modified_gmt":"2025-09-08T01:45:14","slug":"chile-por-chile-gobernador-santana-recibira-este-lunes-caravana-de-camioneros-proveniente-de-magallanes","status":"publish","type":"post","link":"https:\/\/radiorevelacionfm.cl\/?p=58826","title":{"rendered":"Chile por Chile: Gobernador Santana recibir\u00e1 este lunes caravana de camioneros proveniente de Magallanes"},"content":{"rendered":"<div class=\"flex_column av_one_full  flex_column_div av-zero-column-padding first  avia-builder-el-0  el_before_av_one_full  avia-builder-el-first  \" style='border-radius:0px; '><div  class='avia-image-container  av-styling-    avia-builder-el-1  avia-builder-el-no-sibling  avia-align-center '  itemprop=\"image\" itemscope=\"itemscope\" itemtype=\"https:\/\/schema.org\/ImageObject\"  ><div class='avia-image-container-inner'><div class='avia-image-overlay-wrap'><img decoding=\"async\" class='wp-image-58830 avia-img-lazy-loading-not-58830 avia_image' src=\"https:\/\/radiorevelacionfm.cl\/wp-content\/uploads\/2025\/09\/Carretera-Austral-Chile-por-Chile-1-1.jpg\" alt='' title='Carretera Austral Chile por Chile (1) (1)' height=\"600\" width=\"899\"  itemprop=\"thumbnailUrl\" srcset=\"https:\/\/radiorevelacionfm.cl\/wp-content\/uploads\/2025\/09\/Carretera-Austral-Chile-por-Chile-1-1.jpg 899w, https:\/\/radiorevelacionfm.cl\/wp-content\/uploads\/2025\/09\/Carretera-Austral-Chile-por-Chile-1-1-300x200.jpg 300w, https:\/\/radiorevelacionfm.cl\/wp-content\/uploads\/2025\/09\/Carretera-Austral-Chile-por-Chile-1-1-768x513.jpg 768w, https:\/\/radiorevelacionfm.cl\/wp-content\/uploads\/2025\/09\/Carretera-Austral-Chile-por-Chile-1-1-705x471.jpg 705w, https:\/\/radiorevelacionfm.cl\/wp-content\/uploads\/2025\/09\/Carretera-Austral-Chile-por-Chile-1-1-450x300.jpg 450w, https:\/\/radiorevelacionfm.cl\/wp-content\/uploads\/2025\/09\/Carretera-Austral-Chile-por-Chile-1-1-600x400.jpg 600w\" sizes=\"(max-width: 899px) 100vw, 899px\" \/><\/div><\/div><\/div><\/div><div class=\"flex_column av_one_full  flex_column_div av-zero-column-padding first  avia-builder-el-2  el_after_av_one_full  el_before_av_one_full  column-top-margin\" style='border-radius:0px; '><section class=\"av_textblock_section \"  itemscope=\"itemscope\" itemtype=\"https:\/\/schema.org\/BlogPosting\" itemprop=\"blogPost\" ><div class='avia_textblock  '   itemprop=\"text\" ><p style=\"text-align: center;\"><strong><span style=\"font-size: 18pt;\">Chile por Chile: Gobernador Santana recibir\u00e1 este lunes caravana de camioneros proveniente de Magallanes<\/span><\/strong><\/p>\n<div id=\"gtx-trans\" style=\"position: absolute; left: -50px; top: 4.31534px;\">\n<div class=\"gtx-trans-icon\"><\/div>\n<\/div>\n<\/div><\/section><\/div><\/p>\n<div class=\"flex_column av_one_full  flex_column_div av-zero-column-padding first  avia-builder-el-4  el_after_av_one_full  el_before_av_hr  column-top-margin\" style='border-radius:0px; '><section class=\"av_textblock_section \"  itemscope=\"itemscope\" itemtype=\"https:\/\/schema.org\/BlogPosting\" itemprop=\"blogPost\" ><div class='avia_textblock  '   itemprop=\"text\" ><p style=\"text-align: justify;\">Este lunes 8 de septiembre a las 11:00 horas, el gobernador regional de Ays\u00e9n Marcelo Santana Vargas dar\u00e1 la bienvenida a la regi\u00f3n a la caravana de camioneros que impulsa una traves\u00eda terrestre por la Carretera Austral para exigir a Gabriel Boric acciones concretas para avanzar en conectividad.<\/p>\n<p style=\"text-align: justify;\">Desde el mi\u00e9rcoles 3 de septiembre, una hist\u00f3rica caravana de transportistas se encuentra viajando desde Punta Arenas rumbo a Santiago para entregar una carta, firmada por los tres gobernadores de la Macro Zona Austral, al Presidente de la Rep\u00fablica y al Ministerio de Obras P\u00fablicas exigiendo una soluci\u00f3n definitiva a la falta de conectividad en el extremo sur de Chile.<\/p>\n<p style=\"text-align: justify;\">La caravana se enmarca en el programa Chile por Chile, impulsado por el gobernador regional de Ays\u00e9n, Marcelo Santana Vargas, y el alcalde de Punta Arenas, Claudio Radonich, que busca concretar el anhelo de la conectividad a trav\u00e9s de la Carretera Austral, conectando a la Regi\u00f3n de Los Lagos, Ays\u00e9n y Magallanes, regiones que representan un 40% del territorio nacional.<\/p>\n<p style=\"text-align: justify;\">\u201cEsta ruta es fundamental para el desarrollo no s\u00f3lo de Ays\u00e9n, sino que tambi\u00e9n de la regi\u00f3n de los Lagos y de Magallanes. Estamos impulsando con fuerza el programa Chile por Chile, que busca unir estas tres regiones con el resto del pa\u00eds. No puede ser que el 40% de nuestro territorio nacional siga aislado de Chile. Esto impide el desarrollo econ\u00f3mico, impide la conectividad, la provisi\u00f3n de mercader\u00eda a nuestras regiones y, por supuesto, tambi\u00e9n la soberan\u00eda y la ocupaci\u00f3n efectiva de nuestros territorios. Apoyamos con toda la fuerza, con todas las ganas y la convicci\u00f3n, la ruta Chile por Chile. Felicitamos a los camioneros de Magallanes que ya comenzaron una traves\u00eda que busca recorrer desde Magallanes hasta Santiago y entregarle al Presidente de la Rep\u00fablica los sentimientos de cientos y miles de chilenos que vivimos al sur del mundo y que necesitamos conectarnos ya con el resto del pa\u00eds\u201d, declar\u00f3 el gobernador regional de Ays\u00e9n, Marcelo Santana Vargas.<\/p>\n<p style=\"text-align: justify;\">La iniciativa cuenta con el apoyo transversal de alcaldes y gremios del transporte del sur del pa\u00eds, entre ellos la alcaldesa de Natales, el alcalde de Cochrane, el gobernador de Los Lagos, y la Uni\u00f3n de Transportistas de Magallanes (UTRAMAG), liderada por Jaime C\u00e1rdenas.<\/p>\n<p style=\"text-align: justify;\">Este lunes 8 de septiembre a las 11:00 horas, la caravana ser\u00e1 recibida por el gobernador regional y su Consejo en el frontis del edificio del Gobierno Regional de Ays\u00e9n. En la instancia, el gobernador firmar\u00e1 la carta que los camioneros llevar\u00e1n hasta el Palacio de La Moneda, tras aproximadamente tres mil kil\u00f3metros de recorrido.<\/p>\n<p style=\"text-align: justify;\">Tambi\u00e9n estar\u00e1n presentes los gremios de camioneros de las comunas de Coyhaique y Ays\u00e9n. Conrado Redlich, presidente de la Asociaci\u00f3n Gremial de Transporte de Carga de Ays\u00e9n y Chacabuco AGRECACH, enfatiz\u00f3 que el Estado debe hacerse cargo de este proyecto y darle forma para dejar de depender de Argentina: \u201cLos tiempos de conectividad, pasando por las embarcaciones y por nuestro mar, nos lleva a muchas demoras. Hoy d\u00eda estamos llegando casi a las 30 horas de viaje. Con esto de Chile por Chile, desde la Regi\u00f3n de Ays\u00e9n hasta Los Lagos, nos estar\u00edamos demorando 12 horas, que son tiempos demasiado buenos para nosotros como transportistas y tambi\u00e9n para la gente de la regi\u00f3n en caso de emergencia\u201d.<\/p>\n<p style=\"text-align: justify;\">Para el presidente de UTRAMAG, Jaime C\u00e1rdenas, este es un viaje hist\u00f3rico, ya que es la primera vez que autoridades de Ays\u00e9n, Los Lagos y Magallanes se unen para lograr un objetivo com\u00fan para sus habitantes. \u201cQueremos llegar el viernes 12 de septiembre a Santiago y ojal\u00e1 nos est\u00e9 esperando la ministra del MOP, para poder conversar con ella y entregarle la carta firmada por todas las autoridades de las tres regiones\u201d, afirm\u00f3.<\/p>\n<p style=\"text-align: justify;\">\u201cUnir Chile por Chile\u201d es un acuerdo firmado en marzo de 2025 por los gobernadores de las regiones de los Lagos, Ays\u00e9n y Magallanes, en el cual se comprometieron a trabajar por lograr una mayor conectividad de la Macro Zona Austral de Chile.<\/p>\n<\/div><\/section><\/div>\n<div  style='height:50px' class='hr hr-invisible   avia-builder-el-6  el_after_av_one_full  el_before_av_social_share '><span class='hr-inner ' ><span class='hr-inner-style'><\/span><\/span><\/div>\n<div  class='av-social-sharing-box  avia-builder-el-7  el_after_av_hr  el_before_av_hr  '><div class='av-share-box'><h5 class='av-share-link-description av-no-toc '>Compartir esta noticia<\/h5><ul class='av-share-box-list noLightbox'><li class='av-share-link av-social-link-facebook' ><a target=\"_blank\" aria-label=\"Compartir en Facebook\" href='https:\/\/www.facebook.com\/sharer.php?u=https:\/\/radiorevelacionfm.cl\/?p=58826&#038;t=Chile%20por%20Chile%3A%20Gobernador%20Santana%20recibir%C3%A1%20este%20lunes%20caravana%20de%20camioneros%20proveniente%20de%20Magallanes' aria-hidden='false' data-av_icon='\ue8f3' data-av_iconfont='entypo-fontello' title='' data-avia-related-tooltip='Compartir en Facebook' rel=\"noopener\"><span class='avia_hidden_link_text'>Compartir en Facebook<\/span><\/a><\/li><li class='av-share-link av-social-link-twitter' ><a target=\"_blank\" aria-label=\"Compartir en Twitter\" href='https:\/\/twitter.com\/share?text=Chile%20por%20Chile%3A%20Gobernador%20Santana%20recibir%C3%A1%20este%20lunes%20caravana%20de%20camioneros%20proveniente%20de%20Magallanes&#038;url=https:\/\/radiorevelacionfm.cl\/?p=58826' aria-hidden='false' data-av_icon='\ue8f1' data-av_iconfont='entypo-fontello' title='' data-avia-related-tooltip='Compartir en Twitter' rel=\"noopener\"><span class='avia_hidden_link_text'>Compartir en Twitter<\/span><\/a><\/li><li class='av-share-link av-social-link-whatsapp' ><a target=\"_blank\" aria-label=\"Compartir en Whatsapp\" href='https:\/\/api.whatsapp.com\/send?text=https:\/\/radiorevelacionfm.cl\/?p=58826' aria-hidden='false' data-av_icon='\uf232' data-av_iconfont='entypo-fontello' title='' data-avia-related-tooltip='Compartir en Whatsapp' rel=\"noopener\"><span class='avia_hidden_link_text'>Compartir en Whatsapp<\/span><\/a><\/li><li class='av-share-link av-social-link-linkedin' ><a target=\"_blank\" aria-label=\"Compartir en LinkedIn\" href='https:\/\/linkedin.com\/shareArticle?mini=true&#038;title=Chile%20por%20Chile%3A%20Gobernador%20Santana%20recibir%C3%A1%20este%20lunes%20caravana%20de%20camioneros%20proveniente%20de%20Magallanes&#038;url=https:\/\/radiorevelacionfm.cl\/?p=58826' aria-hidden='false' data-av_icon='\ue8fc' data-av_iconfont='entypo-fontello' title='' data-avia-related-tooltip='Compartir en LinkedIn' rel=\"noopener\"><span class='avia_hidden_link_text'>Compartir en LinkedIn<\/span><\/a><\/li><li class='av-share-link av-social-link-mail' ><a  aria-label=\"Compartir por correo\" href='mailto:?subject=Chile%20por%20Chile%3A%20Gobernador%20Santana%20recibir%C3%A1%20este%20lunes%20caravana%20de%20camioneros%20proveniente%20de%20Magallanes&#038;body=https:\/\/radiorevelacionfm.cl\/?p=58826' aria-hidden='false' data-av_icon='\ue805' data-av_iconfont='entypo-fontello' title='' data-avia-related-tooltip='Compartir por correo'><span class='avia_hidden_link_text'>Compartir por correo<\/span><\/a><\/li><\/ul><\/div><\/div>\n<div  style='height:50px' class='hr hr-invisible   avia-builder-el-8  el_after_av_social_share  el_before_av_comments_list '><span class='hr-inner ' ><span class='hr-inner-style'><\/span><\/span><\/div>\n<div  class='av-buildercomment  av-blog-meta-html-info-disabled av-blog-meta-tag-disabled  '><\/div>\n","protected":false},"excerpt":{"rendered":"","protected":false},"author":1,"featured_media":58830,"comment_status":"closed","ping_status":"closed","sticky":false,"template":"","format":"standard","meta":{"footnotes":""},"categories":[38],"tags":[],"class_list":["post-58826","post","type-post","status-publish","format-standard","has-post-thumbnail","hentry","category-regional"],"jetpack_featured_media_url":"https:\/\/radiorevelacionfm.cl\/wp-content\/uploads\/2025\/09\/Carretera-Austral-Chile-por-Chile-1-1.jpg","_links":{"self":[{"href":"https:\/\/radiorevelacionfm.cl\/index.php?rest_route=\/wp\/v2\/posts\/58826","targetHints":{"allow":["GET"]}}],"collection":[{"href":"https:\/\/radiorevelacionfm.cl\/index.php?rest_route=\/wp\/v2\/posts"}],"about":[{"href":"https:\/\/radiorevelacionfm.cl\/index.php?rest_route=\/wp\/v2\/types\/post"}],"author":[{"embeddable":true,"href":"https:\/\/radiorevelacionfm.cl\/index.php?rest_route=\/wp\/v2\/users\/1"}],"replies":[{"embeddable":true,"href":"https:\/\/radiorevelacionfm.cl\/index.php?rest_route=%2Fwp%2Fv2%2Fcomments&post=58826"}],"version-history":[{"count":3,"href":"https:\/\/radiorevelacionfm.cl\/index.php?rest_route=\/wp\/v2\/posts\/58826\/revisions"}],"predecessor-version":[{"id":58832,"href":"https:\/\/radiorevelacionfm.cl\/index.php?rest_route=\/wp\/v2\/posts\/58826\/revisions\/58832"}],"wp:featuredmedia":[{"embeddable":true,"href":"https:\/\/radiorevelacionfm.cl\/index.php?rest_route=\/wp\/v2\/media\/58830"}],"wp:attachment":[{"href":"https:\/\/radiorevelacionfm.cl\/index.php?rest_route=%2Fwp%2Fv2%2Fmedia&parent=58826"}],"wp:term":[{"taxonomy":"category","embeddable":true,"href":"https:\/\/radiorevelacionfm.cl\/index.php?rest_route=%2Fwp%2Fv2%2Fcategories&post=58826"},{"taxonomy":"post_tag","embeddable":true,"href":"https:\/\/radiorevelacionfm.cl\/index.php?rest_route=%2Fwp%2Fv2%2Ftags&post=58826"}],"curies":[{"name":"wp","href":"https:\/\/api.w.org\/{rel}","templated":true}]}}