{"id":58822,"date":"2025-09-07T22:31:39","date_gmt":"2025-09-08T01:31:39","guid":{"rendered":"https:\/\/radiorevelacionfm.cl\/?p=58822"},"modified":"2025-09-07T22:31:39","modified_gmt":"2025-09-08T01:31:39","slug":"nuevo-subsidio-de-transportes-para-la-comuna-de-aysen-inauguran-recorrido-villa-manihuales-coyhaique","status":"publish","type":"post","link":"https:\/\/radiorevelacionfm.cl\/?p=58822","title":{"rendered":"Nuevo subsidio de Transportes para la comuna de Ays\u00e9n: Inauguran recorrido Villa Ma\u00f1ihuales &#8211; Coyhaique"},"content":{"rendered":"<div class=\"flex_column av_one_full  flex_column_div av-zero-column-padding first  avia-builder-el-0  el_before_av_one_full  avia-builder-el-first  \" style='border-radius:0px; '><div  class='avia-image-container  av-styling-    avia-builder-el-1  avia-builder-el-no-sibling  avia-align-center '  itemprop=\"image\" itemscope=\"itemscope\" itemtype=\"https:\/\/schema.org\/ImageObject\"  ><div class='avia-image-container-inner'><div class='avia-image-overlay-wrap'><img decoding=\"async\" class='wp-image-58823 avia-img-lazy-loading-not-58823 avia_image' src=\"https:\/\/radiorevelacionfm.cl\/wp-content\/uploads\/2025\/09\/villa-maNihuales-3-1_optimized.jpg\" alt='' title='villa-ma\u00d1ihuales-(3)-(1)_optimized' height=\"600\" width=\"1066\"  itemprop=\"thumbnailUrl\" srcset=\"https:\/\/radiorevelacionfm.cl\/wp-content\/uploads\/2025\/09\/villa-maNihuales-3-1_optimized.jpg 1066w, https:\/\/radiorevelacionfm.cl\/wp-content\/uploads\/2025\/09\/villa-maNihuales-3-1_optimized-300x169.jpg 300w, https:\/\/radiorevelacionfm.cl\/wp-content\/uploads\/2025\/09\/villa-maNihuales-3-1_optimized-1030x580.jpg 1030w, https:\/\/radiorevelacionfm.cl\/wp-content\/uploads\/2025\/09\/villa-maNihuales-3-1_optimized-768x432.jpg 768w, https:\/\/radiorevelacionfm.cl\/wp-content\/uploads\/2025\/09\/villa-maNihuales-3-1_optimized-705x397.jpg 705w, https:\/\/radiorevelacionfm.cl\/wp-content\/uploads\/2025\/09\/villa-maNihuales-3-1_optimized-450x253.jpg 450w, https:\/\/radiorevelacionfm.cl\/wp-content\/uploads\/2025\/09\/villa-maNihuales-3-1_optimized-600x338.jpg 600w\" sizes=\"(max-width: 1066px) 100vw, 1066px\" \/><\/div><\/div><\/div><\/div><div class=\"flex_column av_one_full  flex_column_div av-zero-column-padding first  avia-builder-el-2  el_after_av_one_full  el_before_av_one_full  column-top-margin\" style='border-radius:0px; '><section class=\"av_textblock_section \"  itemscope=\"itemscope\" itemtype=\"https:\/\/schema.org\/BlogPosting\" itemprop=\"blogPost\" ><div class='avia_textblock  '   itemprop=\"text\" ><p style=\"text-align: center;\"><strong><span style=\"font-size: 18pt;\">Nuevo subsidio de Transportes para la comuna de Ays\u00e9n: Inauguran recorrido Villa Ma\u00f1ihuales &#8211; Coyhaique<\/span><\/strong><\/p>\n<div id=\"gtx-trans\" style=\"position: absolute; left: -50px; top: 4.31534px;\">\n<div class=\"gtx-trans-icon\"><\/div>\n<\/div>\n<\/div><\/section><\/div><div class=\"flex_column av_one_full  flex_column_div av-zero-column-padding first  avia-builder-el-4  el_after_av_one_full  el_before_av_hr  column-top-margin\" style='border-radius:0px; '><section class=\"av_textblock_section \"  itemscope=\"itemscope\" itemtype=\"https:\/\/schema.org\/BlogPosting\" itemprop=\"blogPost\" ><div class='avia_textblock  '   itemprop=\"text\" ><ul>\n<li style=\"text-align: justify;\"><em>El esperado subsidio del ministerio de Transportes y Telecomunicaciones brindar\u00e1 viajes 5 veces a la semana con una tarifa adulto de $4 mil y horarios que facilitar\u00e1n las diligencias de quienes se trasladan a la capital regional.<\/em><\/li>\n<li style=\"text-align: justify;\"><em>El bus con capacidad para 26 pasajeros, tambi\u00e9n contempla la pol\u00edtica ministerial de otorgar gratuidad para personas mayores de 65 a\u00f1os, personas con discapacidad, alumnos de educaci\u00f3n b\u00e1sica y menores de 7 a\u00f1os.\u00a0 \u00a0\u00a0<\/em><\/li>\n<\/ul>\n<p style=\"text-align: justify;\">Con mucha alegr\u00eda vecinas y vecinos de Villa Ma\u00f1ihuales, conocieron el nuevo bus que los trasladar\u00e1 hacia Coyhaique. Se trata del nuevo subsidio que el ministerio de Transportes y Telecomunicaciones ha implementado para dicha localidad, que contar\u00e1 con 5 frecuencias a la semana, y una tarifa de 4 mil pesos para adultos y 1320 pesos valor para escolares. En sinton\u00eda con la pol\u00edtica ministerial en estos servicios, personas mayores de 65 a\u00f1os, personas con discapacidad ni\u00f1os menores de 7 a\u00f1os y estudiantes de b\u00e1sica podr\u00e1n viajar exentos de cobro.<\/p>\n<p style=\"text-align: justify;\">Las caracter\u00edsticas de este servicio se dieron a conocer en un acto inaugural en donde particip\u00f3 la senadora Ximena \u00d3rdenes, la consejera Rosa Gonz\u00e1lez, el concejal Luis Mu\u00f1oz, adem\u00e1s de una amplia convocatoria de organizaciones vecinales, sociales y culturales de Villa Ma\u00f1ihuales. En la oportunidad las personas usuarias tambi\u00e9n pudieron conocer el bus que los trasladar\u00e1 a la capital regional y el contacto para adquirir sus pasajes. Encabezando el acto, el seremiTT Hans Zimmermann Due\u00f1as se refiri\u00f3 a las actividades de participaci\u00f3n ciudadana que datan del 2023, en donde se dio forma a esta iniciativa que resuelve una necesidad muy sentida por sus habitantes.<\/p>\n<p style=\"text-align: justify;\">\u201cHoy, hasta con un pie de cueca hemos inaugurado este servicio. Qu\u00e9 mejor que hacerlo en septiembre, nuestro mes de la patria, donde estamos cumpliendo con los compromisos y el mandato que nos diera nuestro presidente Gabriel Boric.\u00a0Este compromiso se enmarca en la misi\u00f3n que tiene el gobierno de acortar las brechas de conectividad digital y f\u00edsica en las zonas aisladas de nuestro pa\u00eds. Lo hemos hecho no solamente en Villa Ma\u00f1ihuales, sino que tambi\u00e9n en Puerto Tranquilo &#8211; Coyhaique, Puerto Chacabuco &#8211; Puerto Ays\u00e9n. Est\u00e1 dentro de los tres servicios de conectividad nuevos que hemos inaugurado este a\u00f1o 2025, haciendo carne el mandato y el esp\u00edritu del ministerio de Transportes y Telecomunicaciones a lo largo y ancho de nuestro pa\u00eds\u201d, manifest\u00f3 Zimmermann<\/p>\n<p style=\"text-align: justify;\">En representaci\u00f3n del alcalde de Ays\u00e9n Luis Mart\u00ednez, el concejal Luis Mu\u00f1oz Chodil agreg\u00f3 que \u201cme parece maravilloso por el bien de los vecinos de la localidad que ya van a poder contar con un bus de traslado, desde Ma\u00f1ihuales a Coyhaique y viceversa. Con un costo bastante accesible y lo m\u00e1s importante de todo esto es que nuestros adultos mayores van a tener gratuidad en sus viajes y nuestros alumnos tambi\u00e9n van a tener un descuento considerado en la tarifa. As\u00ed que feliz como municipio de poder estar en esta actividad, participar y agradecer tambi\u00e9n al seremi por considerarnos siempre para este hito hist\u00f3rico para la localidad de Villa Ma\u00f1ihuales\u201d.<\/p>\n<p style=\"text-align: justify;\">El presidente de la Junta de Vecinos Las Chacras, Esteban Reyes Pincheira, dio testimonio de lo necesario que es contar con esta conectividad hacia Coyhaique. \u201cHay muchas cosas, los vecinos pueden ir a hacer sus gestiones, ir el banco, pueden ir a comprar, pueden ir al hospital, pueden hacer todos sus tr\u00e1mites y a un precio sumamente rebajado para ellos, as\u00ed que es muy significativo para nosotros. Los horarios tambi\u00e9n son convenientes, pues sale muy temprano a las 7 de la ma\u00f1ana y tiene hasta las 7 de la tarde de regreso. O sea, la persona puede estar todo el d\u00eda haciendo sus tr\u00e1mites, sus compras y despu\u00e9s se viene tranquilamente, as\u00ed que es muy bueno el horario que han puesto\u201d, afirm\u00f3 el dirigente.<\/p>\n<p style=\"text-align: justify;\">El vecino V\u00edctor Moya Sol\u00eds tambi\u00e9n se refiri\u00f3 a las ventajas de esta nueva conectividad y en especial, al beneficio tarifario a las personas mayores. \u201cHay que ir de Coyhaique y uno que no tiene veh\u00edculo ya no puede manejar, hac\u00eda mucha falta este bus para toda la gente. Ojal\u00e1 siga este servicio\u201d.<\/p>\n<p style=\"text-align: justify;\">En Ays\u00e9n, 52 servicios subvencionados unen a sus localidades, sorteando su variada geograf\u00eda en modos terrestres, lacustres, mar\u00edtimos, fluviales, e incluso a\u00e9reos. El 2025, m\u00e1s de 21 mil millones de pesos del ministerio de Transportes y Telecomunicaciones se invirtieron para sustentar la operaci\u00f3n de estos servicios en la regi\u00f3n.<\/p>\n<\/div><\/section><\/div><div  style='height:50px' class='hr hr-invisible   avia-builder-el-6  el_after_av_one_full  el_before_av_social_share '><span class='hr-inner ' ><span class='hr-inner-style'><\/span><\/span><\/div><\/p>\n<div  class='av-social-sharing-box  avia-builder-el-7  el_after_av_hr  el_before_av_hr  '><div class='av-share-box'><h5 class='av-share-link-description av-no-toc '>Compartir esta noticia<\/h5><ul class='av-share-box-list noLightbox'><li class='av-share-link av-social-link-facebook' ><a target=\"_blank\" aria-label=\"Compartir en Facebook\" href='https:\/\/www.facebook.com\/sharer.php?u=https:\/\/radiorevelacionfm.cl\/?p=58822&#038;t=Nuevo%20subsidio%20de%20Transportes%20para%20la%20comuna%20de%20Ays%C3%A9n%3A%20Inauguran%20recorrido%20Villa%20Ma%C3%B1ihuales%20%E2%80%93%20Coyhaique' aria-hidden='false' data-av_icon='\ue8f3' data-av_iconfont='entypo-fontello' title='' data-avia-related-tooltip='Compartir en Facebook' rel=\"noopener\"><span class='avia_hidden_link_text'>Compartir en Facebook<\/span><\/a><\/li><li class='av-share-link av-social-link-twitter' ><a target=\"_blank\" aria-label=\"Compartir en Twitter\" href='https:\/\/twitter.com\/share?text=Nuevo%20subsidio%20de%20Transportes%20para%20la%20comuna%20de%20Ays%C3%A9n%3A%20Inauguran%20recorrido%20Villa%20Ma%C3%B1ihuales%20%E2%80%93%20Coyhaique&#038;url=https:\/\/radiorevelacionfm.cl\/?p=58822' aria-hidden='false' data-av_icon='\ue8f1' data-av_iconfont='entypo-fontello' title='' data-avia-related-tooltip='Compartir en Twitter' rel=\"noopener\"><span class='avia_hidden_link_text'>Compartir en Twitter<\/span><\/a><\/li><li class='av-share-link av-social-link-whatsapp' ><a target=\"_blank\" aria-label=\"Compartir en Whatsapp\" href='https:\/\/api.whatsapp.com\/send?text=https:\/\/radiorevelacionfm.cl\/?p=58822' aria-hidden='false' data-av_icon='\uf232' data-av_iconfont='entypo-fontello' title='' data-avia-related-tooltip='Compartir en Whatsapp' rel=\"noopener\"><span class='avia_hidden_link_text'>Compartir en Whatsapp<\/span><\/a><\/li><li class='av-share-link av-social-link-linkedin' ><a target=\"_blank\" aria-label=\"Compartir en LinkedIn\" href='https:\/\/linkedin.com\/shareArticle?mini=true&#038;title=Nuevo%20subsidio%20de%20Transportes%20para%20la%20comuna%20de%20Ays%C3%A9n%3A%20Inauguran%20recorrido%20Villa%20Ma%C3%B1ihuales%20%E2%80%93%20Coyhaique&#038;url=https:\/\/radiorevelacionfm.cl\/?p=58822' aria-hidden='false' data-av_icon='\ue8fc' data-av_iconfont='entypo-fontello' title='' data-avia-related-tooltip='Compartir en LinkedIn' rel=\"noopener\"><span class='avia_hidden_link_text'>Compartir en LinkedIn<\/span><\/a><\/li><li class='av-share-link av-social-link-mail' ><a  aria-label=\"Compartir por correo\" href='mailto:?subject=Nuevo%20subsidio%20de%20Transportes%20para%20la%20comuna%20de%20Ays%C3%A9n%3A%20Inauguran%20recorrido%20Villa%20Ma%C3%B1ihuales%20%E2%80%93%20Coyhaique&#038;body=https:\/\/radiorevelacionfm.cl\/?p=58822' aria-hidden='false' data-av_icon='\ue805' data-av_iconfont='entypo-fontello' title='' data-avia-related-tooltip='Compartir por correo'><span class='avia_hidden_link_text'>Compartir por correo<\/span><\/a><\/li><\/ul><\/div><\/div>\n<div  style='height:50px' class='hr hr-invisible   avia-builder-el-8  el_after_av_social_share  el_before_av_comments_list '><span class='hr-inner ' ><span class='hr-inner-style'><\/span><\/span><\/div>\n<div  class='av-buildercomment  av-blog-meta-html-info-disabled av-blog-meta-tag-disabled  '><\/div>\n","protected":false},"excerpt":{"rendered":"","protected":false},"author":1,"featured_media":58823,"comment_status":"closed","ping_status":"closed","sticky":false,"template":"","format":"standard","meta":{"footnotes":""},"categories":[59],"tags":[],"class_list":["post-58822","post","type-post","status-publish","format-standard","has-post-thumbnail","hentry","category-transporte"],"jetpack_featured_media_url":"https:\/\/radiorevelacionfm.cl\/wp-content\/uploads\/2025\/09\/villa-maNihuales-3-1_optimized.jpg","_links":{"self":[{"href":"https:\/\/radiorevelacionfm.cl\/index.php?rest_route=\/wp\/v2\/posts\/58822","targetHints":{"allow":["GET"]}}],"collection":[{"href":"https:\/\/radiorevelacionfm.cl\/index.php?rest_route=\/wp\/v2\/posts"}],"about":[{"href":"https:\/\/radiorevelacionfm.cl\/index.php?rest_route=\/wp\/v2\/types\/post"}],"author":[{"embeddable":true,"href":"https:\/\/radiorevelacionfm.cl\/index.php?rest_route=\/wp\/v2\/users\/1"}],"replies":[{"embeddable":true,"href":"https:\/\/radiorevelacionfm.cl\/index.php?rest_route=%2Fwp%2Fv2%2Fcomments&post=58822"}],"version-history":[{"count":2,"href":"https:\/\/radiorevelacionfm.cl\/index.php?rest_route=\/wp\/v2\/posts\/58822\/revisions"}],"predecessor-version":[{"id":58825,"href":"https:\/\/radiorevelacionfm.cl\/index.php?rest_route=\/wp\/v2\/posts\/58822\/revisions\/58825"}],"wp:featuredmedia":[{"embeddable":true,"href":"https:\/\/radiorevelacionfm.cl\/index.php?rest_route=\/wp\/v2\/media\/58823"}],"wp:attachment":[{"href":"https:\/\/radiorevelacionfm.cl\/index.php?rest_route=%2Fwp%2Fv2%2Fmedia&parent=58822"}],"wp:term":[{"taxonomy":"category","embeddable":true,"href":"https:\/\/radiorevelacionfm.cl\/index.php?rest_route=%2Fwp%2Fv2%2Fcategories&post=58822"},{"taxonomy":"post_tag","embeddable":true,"href":"https:\/\/radiorevelacionfm.cl\/index.php?rest_route=%2Fwp%2Fv2%2Ftags&post=58822"}],"curies":[{"name":"wp","href":"https:\/\/api.w.org\/{rel}","templated":true}]}}