{"id":58818,"date":"2025-09-07T16:52:09","date_gmt":"2025-09-07T19:52:09","guid":{"rendered":"https:\/\/radiorevelacionfm.cl\/?p=58818"},"modified":"2025-09-07T16:52:09","modified_gmt":"2025-09-07T19:52:09","slug":"villa-ohiggins-lanza-con-exito-la-temporada-turistica-2025-2026","status":"publish","type":"post","link":"https:\/\/radiorevelacionfm.cl\/?p=58818","title":{"rendered":"Villa O&#8217;Higgins lanza con \u00e9xito la Temporada Tur\u00edstica 2025-2026"},"content":{"rendered":"<div class=\"flex_column av_one_full  flex_column_div av-zero-column-padding first  avia-builder-el-0  el_before_av_one_full  avia-builder-el-first  \" style='border-radius:0px; '><div  class='avia-image-container  av-styling-    avia-builder-el-1  avia-builder-el-no-sibling  avia-align-center '  itemprop=\"image\" itemscope=\"itemscope\" itemtype=\"https:\/\/schema.org\/ImageObject\"  ><div class='avia-image-container-inner'><div class='avia-image-overlay-wrap'><img decoding=\"async\" class='wp-image-58819 avia-img-lazy-loading-not-58819 avia_image' src=\"https:\/\/radiorevelacionfm.cl\/wp-content\/uploads\/2025\/09\/dsc_4243_optimized.jpg\" alt='' title='dsc_4243_optimized' height=\"600\" width=\"900\"  itemprop=\"thumbnailUrl\" srcset=\"https:\/\/radiorevelacionfm.cl\/wp-content\/uploads\/2025\/09\/dsc_4243_optimized.jpg 900w, https:\/\/radiorevelacionfm.cl\/wp-content\/uploads\/2025\/09\/dsc_4243_optimized-300x200.jpg 300w, https:\/\/radiorevelacionfm.cl\/wp-content\/uploads\/2025\/09\/dsc_4243_optimized-768x512.jpg 768w, https:\/\/radiorevelacionfm.cl\/wp-content\/uploads\/2025\/09\/dsc_4243_optimized-705x470.jpg 705w, https:\/\/radiorevelacionfm.cl\/wp-content\/uploads\/2025\/09\/dsc_4243_optimized-450x300.jpg 450w, https:\/\/radiorevelacionfm.cl\/wp-content\/uploads\/2025\/09\/dsc_4243_optimized-600x400.jpg 600w\" sizes=\"(max-width: 900px) 100vw, 900px\" \/><\/div><\/div><\/div><\/div><div class=\"flex_column av_one_full  flex_column_div av-zero-column-padding first  avia-builder-el-2  el_after_av_one_full  el_before_av_one_full  column-top-margin\" style='border-radius:0px; '><section class=\"av_textblock_section \"  itemscope=\"itemscope\" itemtype=\"https:\/\/schema.org\/BlogPosting\" itemprop=\"blogPost\" ><div class='avia_textblock  '   itemprop=\"text\" ><p style=\"text-align: center;\"><span style=\"font-size: 18pt;\"><strong>Villa O&#8217;Higgins lanza con \u00e9xito la Temporada Tur\u00edstica 2025-2026<\/strong><\/span><\/p>\n<div id=\"gtx-trans\" style=\"position: absolute; left: -50px; top: 4.31534px;\">\n<div class=\"gtx-trans-icon\"><\/div>\n<\/div>\n<\/div><\/section><\/div><div class=\"flex_column av_one_full  flex_column_div av-zero-column-padding first  avia-builder-el-4  el_after_av_one_full  el_before_av_hr  column-top-margin\" style='border-radius:0px; '><section class=\"av_textblock_section \"  itemscope=\"itemscope\" itemtype=\"https:\/\/schema.org\/BlogPosting\" itemprop=\"blogPost\" ><div class='avia_textblock  '   itemprop=\"text\" ><p style=\"text-align: justify;\">Durante dos d\u00edas de intensas actividades y exposiciones, la comuna de Villa O&#8217;Higgins dio inicio a su temporada tur\u00edstica 2025-2026, destacando la riqueza natural, el patrimonio cultural y la creciente oferta de experiencias de la regi\u00f3n. El evento, que se llev\u00f3 a cabo el viernes 5 y s\u00e1bado 6 de septiembre, cont\u00f3 con la presencia de delegaciones de Caleta Tortel, Cochrane y Coyhaique, as\u00ed como la alcaldesa de Tortel, Marisela Jim\u00e9nez y el Director de Sernatur, Claudio Montecinos.<\/p>\n<h4 style=\"text-align: justify;\"><b>D\u00eda 1: Charlas que Ponen en Valor la Identidad Local<\/b><\/h4>\n<p style=\"text-align: justify;\">El viernes por la tarde, el lanzamiento se inaugur\u00f3 con una serie de charlas enfocadas en el desarrollo sostenible y la innovaci\u00f3n, dieron la bienvenida el Alcalde Jos\u00e9 Fica G\u00f3mez y el Presidente de la A.G. de turismo Pedro Vera (C\u00e1mara de Comercio y Turismo Villa O&#8217;Higgins A.G.). El primer expositor fue la empresa regional <b>SURYUIS<\/b>, que present\u00f3 sus jugos naturales y productos derivados de frutos forestales no madereros como el calafate y el maqui. La charla destac\u00f3 el potencial de estos frutos y comparti\u00f3 investigaciones sobre el uso de residuos forestales de especies como la lenga para nuevos productos.<\/p>\n<p style=\"text-align: justify;\">A continuaci\u00f3n, el <b>Fundo Don Genaro<\/b> cautiv\u00f3 a los asistentes con su propuesta de \u00abgaucho por un d\u00eda\u00bb, una experiencia que permite a los visitantes sumergirse en las labores ganaderas y de soguer\u00eda, valorizando la identidad y las tradiciones de la Patagonia. La Doctora <b>Alessa Geiger<\/b> de la Direcci\u00f3n General de Aguas (DGA) continu\u00f3 la jornada con la charla \u00abGlaciares e historia del clima: relatos del hielo en el tiempo\u00bb, un recorrido fascinante por los ic\u00f3nicos glaciares Mosco y O&#8217;Higgins. Para cerrar el d\u00eda, la vi\u00f1a <b>Vila Jeinimeni<\/b>, creadora del vino \u00abAll\u00e1 Lejos\u00bb, comparti\u00f3 la historia y los desaf\u00edos de operar la vi\u00f1a m\u00e1s austral del mundo, un testimonio de resiliencia y pasi\u00f3n.<\/p>\n<h4 style=\"text-align: justify;\"><b>D\u00eda 2: Exploraci\u00f3n, Ferias y un Sello de Calidad<\/b><\/h4>\n<p style=\"text-align: justify;\">La segunda jornada fue un despliegue de experiencias, con cuatro <b>\u201cfam tours\u201d<\/b> dise\u00f1ados para mostrar la diversidad del turismo local. Los participantes exploraron el sector de la entrada Mayer hasta el lago Christie, de gran valor patrimonial. Otros se embarcaron en una navegaci\u00f3n de m\u00e1s de dos horas en el imponente lago O&#8217;Higgins, gracias a \u00abRuedas de la Patagonia\u00bb.<\/p>\n<p style=\"text-align: justify;\">El infaltable <b>Parque Glaciar Mosco<\/b> tambi\u00e9n ofreci\u00f3 un recorrido guiado por sus senderos, mientras que 10 aventureros vivieron la traves\u00eda de los \u00ab3 lagos\u00bb en kayak con \u00abFalsa Cumbre\u00bb, explorando los lagos Cisnes, Ciervo y O&#8217;Higgins. Todos los tours, a excepci\u00f3n del Parque Glaciar Mosco, fueron desarrollados por empresas que forman parte de la Asociaci\u00f3n Gremial C\u00e1mara de Turismo y Comercio de Villa O&#8217;Higgins. Todos los recorridos convergieron en el emblem\u00e1tico <b>Fin de la Carretera Austral<\/b>, donde se tom\u00f3 una foto en el emblem\u00e1tico cartel que se emplaza en la Bah\u00eda de Puerto Bahamondez.<\/p>\n<p>La celebraci\u00f3n continu\u00f3 con una gran feria de emprendimientos y servicios p\u00fablicos. La feria fue una vitrina de la producci\u00f3n local, con puestos de artesan\u00edas, arte, gastronom\u00eda, cerveza artesanal y mucho m\u00e1s.<\/p>\n<p style=\"text-align: justify;\">El punto culminante de la jornada fue la entrega oficial del sello de <b>\u00abMunicipalidad Tur\u00edstica\u00bb<\/b> por parte del Director Regional de Sernatur, Claudio Montecinos, al alcalde Jos\u00e9 Fica y a la encargada de la Oficina de Turismo, Fernanda Fuentes. Este reconocimiento oficial refuerza el compromiso de la comuna con el desarrollo y la promoci\u00f3n de un turismo de calidad.<\/p>\n<p style=\"text-align: justify;\">La feria cont\u00f3 con la participaci\u00f3n de destacados emprendimientos como Restaurant Campanario, Ventisca Cervecer\u00eda y Quincho El Submarino, junto a stands informativos del Parque Glaciar Mosco, Sercotec y la Oficina Local de la Ni\u00f1ez (OLN), demostrando la colaboraci\u00f3n entre el sector p\u00fablico y privado para impulsar la actividad tur\u00edstica en el territorio.<\/p>\n<\/div><\/section><\/div><div  style='height:50px' class='hr hr-invisible   avia-builder-el-6  el_after_av_one_full  el_before_av_social_share '><span class='hr-inner ' ><span class='hr-inner-style'><\/span><\/span><\/div><\/p>\n<div  class='av-social-sharing-box  avia-builder-el-7  el_after_av_hr  el_before_av_hr  '><div class='av-share-box'><h5 class='av-share-link-description av-no-toc '>Compartir esta noticia<\/h5><ul class='av-share-box-list noLightbox'><li class='av-share-link av-social-link-facebook' ><a target=\"_blank\" aria-label=\"Compartir en Facebook\" href='https:\/\/www.facebook.com\/sharer.php?u=https:\/\/radiorevelacionfm.cl\/?p=58818&#038;t=Villa%20O%E2%80%99Higgins%20lanza%20con%20%C3%A9xito%20la%20Temporada%20Tur%C3%ADstica%202025-2026' aria-hidden='false' data-av_icon='\ue8f3' data-av_iconfont='entypo-fontello' title='' data-avia-related-tooltip='Compartir en Facebook' rel=\"noopener\"><span class='avia_hidden_link_text'>Compartir en Facebook<\/span><\/a><\/li><li class='av-share-link av-social-link-twitter' ><a target=\"_blank\" aria-label=\"Compartir en Twitter\" href='https:\/\/twitter.com\/share?text=Villa%20O%E2%80%99Higgins%20lanza%20con%20%C3%A9xito%20la%20Temporada%20Tur%C3%ADstica%202025-2026&#038;url=https:\/\/radiorevelacionfm.cl\/?p=58818' aria-hidden='false' data-av_icon='\ue8f1' data-av_iconfont='entypo-fontello' title='' data-avia-related-tooltip='Compartir en Twitter' rel=\"noopener\"><span class='avia_hidden_link_text'>Compartir en Twitter<\/span><\/a><\/li><li class='av-share-link av-social-link-whatsapp' ><a target=\"_blank\" aria-label=\"Compartir en Whatsapp\" href='https:\/\/api.whatsapp.com\/send?text=https:\/\/radiorevelacionfm.cl\/?p=58818' aria-hidden='false' data-av_icon='\uf232' data-av_iconfont='entypo-fontello' title='' data-avia-related-tooltip='Compartir en Whatsapp' rel=\"noopener\"><span class='avia_hidden_link_text'>Compartir en Whatsapp<\/span><\/a><\/li><li class='av-share-link av-social-link-linkedin' ><a target=\"_blank\" aria-label=\"Compartir en LinkedIn\" href='https:\/\/linkedin.com\/shareArticle?mini=true&#038;title=Villa%20O%E2%80%99Higgins%20lanza%20con%20%C3%A9xito%20la%20Temporada%20Tur%C3%ADstica%202025-2026&#038;url=https:\/\/radiorevelacionfm.cl\/?p=58818' aria-hidden='false' data-av_icon='\ue8fc' data-av_iconfont='entypo-fontello' title='' data-avia-related-tooltip='Compartir en LinkedIn' rel=\"noopener\"><span class='avia_hidden_link_text'>Compartir en LinkedIn<\/span><\/a><\/li><li class='av-share-link av-social-link-mail' ><a  aria-label=\"Compartir por correo\" href='mailto:?subject=Villa%20O%E2%80%99Higgins%20lanza%20con%20%C3%A9xito%20la%20Temporada%20Tur%C3%ADstica%202025-2026&#038;body=https:\/\/radiorevelacionfm.cl\/?p=58818' aria-hidden='false' data-av_icon='\ue805' data-av_iconfont='entypo-fontello' title='' data-avia-related-tooltip='Compartir por correo'><span class='avia_hidden_link_text'>Compartir por correo<\/span><\/a><\/li><\/ul><\/div><\/div>\n<div  style='height:50px' class='hr hr-invisible   avia-builder-el-8  el_after_av_social_share  el_before_av_comments_list '><span class='hr-inner ' ><span class='hr-inner-style'><\/span><\/span><\/div>\n<div  class='av-buildercomment  av-blog-meta-html-info-disabled av-blog-meta-tag-disabled  '><\/div>\n","protected":false},"excerpt":{"rendered":"","protected":false},"author":1,"featured_media":58819,"comment_status":"closed","ping_status":"closed","sticky":false,"template":"","format":"standard","meta":{"footnotes":""},"categories":[54],"tags":[],"class_list":["post-58818","post","type-post","status-publish","format-standard","has-post-thumbnail","hentry","category-turismo"],"jetpack_featured_media_url":"https:\/\/radiorevelacionfm.cl\/wp-content\/uploads\/2025\/09\/dsc_4243_optimized.jpg","_links":{"self":[{"href":"https:\/\/radiorevelacionfm.cl\/index.php?rest_route=\/wp\/v2\/posts\/58818","targetHints":{"allow":["GET"]}}],"collection":[{"href":"https:\/\/radiorevelacionfm.cl\/index.php?rest_route=\/wp\/v2\/posts"}],"about":[{"href":"https:\/\/radiorevelacionfm.cl\/index.php?rest_route=\/wp\/v2\/types\/post"}],"author":[{"embeddable":true,"href":"https:\/\/radiorevelacionfm.cl\/index.php?rest_route=\/wp\/v2\/users\/1"}],"replies":[{"embeddable":true,"href":"https:\/\/radiorevelacionfm.cl\/index.php?rest_route=%2Fwp%2Fv2%2Fcomments&post=58818"}],"version-history":[{"count":2,"href":"https:\/\/radiorevelacionfm.cl\/index.php?rest_route=\/wp\/v2\/posts\/58818\/revisions"}],"predecessor-version":[{"id":58821,"href":"https:\/\/radiorevelacionfm.cl\/index.php?rest_route=\/wp\/v2\/posts\/58818\/revisions\/58821"}],"wp:featuredmedia":[{"embeddable":true,"href":"https:\/\/radiorevelacionfm.cl\/index.php?rest_route=\/wp\/v2\/media\/58819"}],"wp:attachment":[{"href":"https:\/\/radiorevelacionfm.cl\/index.php?rest_route=%2Fwp%2Fv2%2Fmedia&parent=58818"}],"wp:term":[{"taxonomy":"category","embeddable":true,"href":"https:\/\/radiorevelacionfm.cl\/index.php?rest_route=%2Fwp%2Fv2%2Fcategories&post=58818"},{"taxonomy":"post_tag","embeddable":true,"href":"https:\/\/radiorevelacionfm.cl\/index.php?rest_route=%2Fwp%2Fv2%2Ftags&post=58818"}],"curies":[{"name":"wp","href":"https:\/\/api.w.org\/{rel}","templated":true}]}}