{"id":58810,"date":"2025-09-07T16:10:45","date_gmt":"2025-09-07T19:10:45","guid":{"rendered":"https:\/\/radiorevelacionfm.cl\/?p=58810"},"modified":"2025-09-07T16:10:45","modified_gmt":"2025-09-07T19:10:45","slug":"detienen-a-ciudadano-colombiano-con-mas-de-5-kilos-de-cocaina","status":"publish","type":"post","link":"https:\/\/radiorevelacionfm.cl\/?p=58810","title":{"rendered":"Detienen a ciudadano colombiano con m\u00e1s de 5 kilos de coca\u00edna"},"content":{"rendered":"<div class=\"flex_column av_one_full  flex_column_div av-zero-column-padding first  avia-builder-el-0  el_before_av_one_full  avia-builder-el-first  \" style='border-radius:0px; '><div  class='avia-image-container  av-styling-    avia-builder-el-1  avia-builder-el-no-sibling  avia-align-center '  itemprop=\"image\" itemscope=\"itemscope\" itemtype=\"https:\/\/schema.org\/ImageObject\"  ><div class='avia-image-container-inner'><div class='avia-image-overlay-wrap'><img decoding=\"async\" class='wp-image-58811 avia-img-lazy-loading-not-58811 avia_image' src=\"https:\/\/radiorevelacionfm.cl\/wp-content\/uploads\/2025\/09\/IMG-20250907-WA0001.jpg\" alt='' title='IMG-20250907-WA0001' height=\"600\" width=\"800\"  itemprop=\"thumbnailUrl\" srcset=\"https:\/\/radiorevelacionfm.cl\/wp-content\/uploads\/2025\/09\/IMG-20250907-WA0001.jpg 800w, https:\/\/radiorevelacionfm.cl\/wp-content\/uploads\/2025\/09\/IMG-20250907-WA0001-300x225.jpg 300w, https:\/\/radiorevelacionfm.cl\/wp-content\/uploads\/2025\/09\/IMG-20250907-WA0001-768x576.jpg 768w, https:\/\/radiorevelacionfm.cl\/wp-content\/uploads\/2025\/09\/IMG-20250907-WA0001-705x529.jpg 705w, https:\/\/radiorevelacionfm.cl\/wp-content\/uploads\/2025\/09\/IMG-20250907-WA0001-450x338.jpg 450w, https:\/\/radiorevelacionfm.cl\/wp-content\/uploads\/2025\/09\/IMG-20250907-WA0001-600x450.jpg 600w\" sizes=\"(max-width: 800px) 100vw, 800px\" \/><\/div><\/div><\/div><\/div><div class=\"flex_column av_one_full  flex_column_div av-zero-column-padding first  avia-builder-el-2  el_after_av_one_full  el_before_av_one_full  column-top-margin\" style='border-radius:0px; '><section class=\"av_textblock_section \"  itemscope=\"itemscope\" itemtype=\"https:\/\/schema.org\/BlogPosting\" itemprop=\"blogPost\" ><div class='avia_textblock  '   itemprop=\"text\" ><p style=\"text-align: center;\"><strong><span style=\"font-size: 18pt;\">Detienen a ciudadano colombiano con m\u00e1s de 5 kilos de coca\u00edna<\/span><\/strong><\/p>\n<div id=\"gtx-trans\" style=\"position: absolute; left: -50px; top: 4.31534px;\">\n<div class=\"gtx-trans-icon\"><\/div>\n<\/div>\n<\/div><\/section><\/div><div class=\"flex_column av_one_full  flex_column_div av-zero-column-padding first  avia-builder-el-4  el_after_av_one_full  el_before_av_hr  column-top-margin\" style='border-radius:0px; '><section class=\"av_textblock_section \"  itemscope=\"itemscope\" itemtype=\"https:\/\/schema.org\/BlogPosting\" itemprop=\"blogPost\" ><div class='avia_textblock  '   itemprop=\"text\" ><p style=\"text-align: justify;\">Durante la tarde de este s\u00e1bado, en Chait\u00e9n, un ciudadano colombiano fue detenido por el jefe de la regi\u00f3n policial de Ays\u00e9n, prefecto inspector Javier Valenzuela Riquelme, por portar en un bolso m\u00e1s de 5 kilos de Clorhidrato de Coca\u00edna. La situaci\u00f3n se origina cuando el jefe policial se encontraba de regreso a la regi\u00f3n a bordo de un ferry que ten\u00eda como destino Chait\u00e9n.<\/p>\n<p style=\"text-align: justify;\">\u201cEfectivamente, en circunstancias que este mando regional de la PDI y su equipo de trabajo directo, retornaban desde el norte del pa\u00eds a Coyhaique, despu\u00e9s de realizar funciones propias del servicio policial y a bordo de una barcaza de transporte, lograron perfilar a un sujeto aparentemente extranjero, quien adem\u00e1s evidenciaba algunas actitudes que despertaban las alertas de este equipo policial, motivo por el cual se esper\u00f3 su descenso de un bus en la localidad de Chait\u00e9n, regi\u00f3n de Los Lagos, donde se efectu\u00f3 un control amparado en las facultades que la Ley de Extranjer\u00eda otorga a la Polic\u00eda de Investigaciones\u201d, coment\u00f3 el prefecto inspector Javier Valenzuela Riquelme.<\/p>\n<p style=\"text-align: justify;\">Seg\u00fan el jefe policial, se pudo acreditar que la persona ten\u00eda 48 a\u00f1os y que era de nacionalidad colombiana, teniendo en su contra una medida de expulsi\u00f3n del pa\u00eds por haber sido revocada su Permanencia Definitiva en Chile.\u00a0 \u201cAl ser entrevistado, este sujeto manifest\u00f3 de manera inmediata y voluntariamente que transportaba droga en uno de sus bolsos, el cual posteriormente fue revisado y se encontraron cuatro paquetes contenedores de una sustancia que posteriormente fue dubitada como Clorhidrato de Coca\u00edna y pesada, arrojando un peso total de 5,117 gramos de clorhidrato de coca\u00edna, la cual ven\u00eda contenida en cuatro paquetes\u201d, agreg\u00f3 la m\u00e1xima autoridad de la PDI en la Regi\u00f3n de Ays\u00e9n.<\/p>\n<p style=\"text-align: justify;\">El imputado fue detenido y puesto a disposici\u00f3n del juzgado de garant\u00eda de Chait\u00e9n por un equipo de la Brigada Antinarc\u00f3ticos y Contra el Crimen Organizado Coyhaique, para su respectivo control de formalizaci\u00f3n.<\/p>\n<\/div><\/section><\/div><div  style='height:50px' class='hr hr-invisible   avia-builder-el-6  el_after_av_one_full  el_before_av_social_share '><span class='hr-inner ' ><span class='hr-inner-style'><\/span><\/span><\/div><\/p>\n<div  class='av-social-sharing-box  avia-builder-el-7  el_after_av_hr  el_before_av_hr  '><div class='av-share-box'><h5 class='av-share-link-description av-no-toc '>Compartir esta noticia<\/h5><ul class='av-share-box-list noLightbox'><li class='av-share-link av-social-link-facebook' ><a target=\"_blank\" aria-label=\"Compartir en Facebook\" href='https:\/\/www.facebook.com\/sharer.php?u=https:\/\/radiorevelacionfm.cl\/?p=58810&#038;t=Detienen%20a%20ciudadano%20colombiano%20con%20m%C3%A1s%20de%205%20kilos%20de%20coca%C3%ADna' aria-hidden='false' data-av_icon='\ue8f3' data-av_iconfont='entypo-fontello' title='' data-avia-related-tooltip='Compartir en Facebook' rel=\"noopener\"><span class='avia_hidden_link_text'>Compartir en Facebook<\/span><\/a><\/li><li class='av-share-link av-social-link-twitter' ><a target=\"_blank\" aria-label=\"Compartir en Twitter\" href='https:\/\/twitter.com\/share?text=Detienen%20a%20ciudadano%20colombiano%20con%20m%C3%A1s%20de%205%20kilos%20de%20coca%C3%ADna&#038;url=https:\/\/radiorevelacionfm.cl\/?p=58810' aria-hidden='false' data-av_icon='\ue8f1' data-av_iconfont='entypo-fontello' title='' data-avia-related-tooltip='Compartir en Twitter' rel=\"noopener\"><span class='avia_hidden_link_text'>Compartir en Twitter<\/span><\/a><\/li><li class='av-share-link av-social-link-whatsapp' ><a target=\"_blank\" aria-label=\"Compartir en Whatsapp\" href='https:\/\/api.whatsapp.com\/send?text=https:\/\/radiorevelacionfm.cl\/?p=58810' aria-hidden='false' data-av_icon='\uf232' data-av_iconfont='entypo-fontello' title='' data-avia-related-tooltip='Compartir en Whatsapp' rel=\"noopener\"><span class='avia_hidden_link_text'>Compartir en Whatsapp<\/span><\/a><\/li><li class='av-share-link av-social-link-linkedin' ><a target=\"_blank\" aria-label=\"Compartir en LinkedIn\" href='https:\/\/linkedin.com\/shareArticle?mini=true&#038;title=Detienen%20a%20ciudadano%20colombiano%20con%20m%C3%A1s%20de%205%20kilos%20de%20coca%C3%ADna&#038;url=https:\/\/radiorevelacionfm.cl\/?p=58810' aria-hidden='false' data-av_icon='\ue8fc' data-av_iconfont='entypo-fontello' title='' data-avia-related-tooltip='Compartir en LinkedIn' rel=\"noopener\"><span class='avia_hidden_link_text'>Compartir en LinkedIn<\/span><\/a><\/li><li class='av-share-link av-social-link-mail' ><a  aria-label=\"Compartir por correo\" href='mailto:?subject=Detienen%20a%20ciudadano%20colombiano%20con%20m%C3%A1s%20de%205%20kilos%20de%20coca%C3%ADna&#038;body=https:\/\/radiorevelacionfm.cl\/?p=58810' aria-hidden='false' data-av_icon='\ue805' data-av_iconfont='entypo-fontello' title='' data-avia-related-tooltip='Compartir por correo'><span class='avia_hidden_link_text'>Compartir por correo<\/span><\/a><\/li><\/ul><\/div><\/div>\n<div  style='height:50px' class='hr hr-invisible   avia-builder-el-8  el_after_av_social_share  el_before_av_comments_list '><span class='hr-inner ' ><span class='hr-inner-style'><\/span><\/span><\/div>\n<div  class='av-buildercomment  av-blog-meta-html-info-disabled av-blog-meta-tag-disabled  '><\/div>\n","protected":false},"excerpt":{"rendered":"","protected":false},"author":1,"featured_media":58811,"comment_status":"closed","ping_status":"closed","sticky":false,"template":"","format":"standard","meta":{"footnotes":""},"categories":[36],"tags":[],"class_list":["post-58810","post","type-post","status-publish","format-standard","has-post-thumbnail","hentry","category-policial"],"jetpack_featured_media_url":"https:\/\/radiorevelacionfm.cl\/wp-content\/uploads\/2025\/09\/IMG-20250907-WA0001.jpg","_links":{"self":[{"href":"https:\/\/radiorevelacionfm.cl\/index.php?rest_route=\/wp\/v2\/posts\/58810","targetHints":{"allow":["GET"]}}],"collection":[{"href":"https:\/\/radiorevelacionfm.cl\/index.php?rest_route=\/wp\/v2\/posts"}],"about":[{"href":"https:\/\/radiorevelacionfm.cl\/index.php?rest_route=\/wp\/v2\/types\/post"}],"author":[{"embeddable":true,"href":"https:\/\/radiorevelacionfm.cl\/index.php?rest_route=\/wp\/v2\/users\/1"}],"replies":[{"embeddable":true,"href":"https:\/\/radiorevelacionfm.cl\/index.php?rest_route=%2Fwp%2Fv2%2Fcomments&post=58810"}],"version-history":[{"count":2,"href":"https:\/\/radiorevelacionfm.cl\/index.php?rest_route=\/wp\/v2\/posts\/58810\/revisions"}],"predecessor-version":[{"id":58813,"href":"https:\/\/radiorevelacionfm.cl\/index.php?rest_route=\/wp\/v2\/posts\/58810\/revisions\/58813"}],"wp:featuredmedia":[{"embeddable":true,"href":"https:\/\/radiorevelacionfm.cl\/index.php?rest_route=\/wp\/v2\/media\/58811"}],"wp:attachment":[{"href":"https:\/\/radiorevelacionfm.cl\/index.php?rest_route=%2Fwp%2Fv2%2Fmedia&parent=58810"}],"wp:term":[{"taxonomy":"category","embeddable":true,"href":"https:\/\/radiorevelacionfm.cl\/index.php?rest_route=%2Fwp%2Fv2%2Fcategories&post=58810"},{"taxonomy":"post_tag","embeddable":true,"href":"https:\/\/radiorevelacionfm.cl\/index.php?rest_route=%2Fwp%2Fv2%2Ftags&post=58810"}],"curies":[{"name":"wp","href":"https:\/\/api.w.org\/{rel}","templated":true}]}}