{"id":5881,"date":"2021-07-02T19:44:03","date_gmt":"2021-07-02T22:44:03","guid":{"rendered":"https:\/\/radiorevelacionfm.cl\/?p=5881"},"modified":"2021-07-02T19:44:03","modified_gmt":"2021-07-02T22:44:03","slug":"adjudican-construccion-de-nuevo-hospital-leopoldo-ortega-en-chile-chico","status":"publish","type":"post","link":"https:\/\/radiorevelacionfm.cl\/?p=5881","title":{"rendered":"Adjudican construcci\u00f3n de nuevo Hospital Leopoldo Ortega en Chile Chico"},"content":{"rendered":"<div class=\"flex_column av_one_full  flex_column_div av-zero-column-padding first  avia-builder-el-0  el_before_av_one_full  avia-builder-el-first  \" style='border-radius:0px; '><div  class='avia-image-container  av-styling-    avia-builder-el-1  avia-builder-el-no-sibling  avia-align-center '  itemprop=\"image\" itemscope=\"itemscope\" itemtype=\"https:\/\/schema.org\/ImageObject\"  ><div class='avia-image-container-inner'><div class='avia-image-overlay-wrap'><img decoding=\"async\" class='wp-image-5882 avia-img-lazy-loading-not-5882 avia_image' src=\"https:\/\/radiorevelacionfm.cl\/wp-content\/uploads\/2021\/07\/HOSPITAL-CHILECHICO2-1.jpg\" alt='' title='HOSPITAL-CHILECHICO2 (1)' height=\"600\" width=\"1067\"  itemprop=\"thumbnailUrl\" srcset=\"https:\/\/radiorevelacionfm.cl\/wp-content\/uploads\/2021\/07\/HOSPITAL-CHILECHICO2-1.jpg 1067w, https:\/\/radiorevelacionfm.cl\/wp-content\/uploads\/2021\/07\/HOSPITAL-CHILECHICO2-1-300x169.jpg 300w, https:\/\/radiorevelacionfm.cl\/wp-content\/uploads\/2021\/07\/HOSPITAL-CHILECHICO2-1-1030x579.jpg 1030w, https:\/\/radiorevelacionfm.cl\/wp-content\/uploads\/2021\/07\/HOSPITAL-CHILECHICO2-1-768x432.jpg 768w, https:\/\/radiorevelacionfm.cl\/wp-content\/uploads\/2021\/07\/HOSPITAL-CHILECHICO2-1-705x396.jpg 705w, https:\/\/radiorevelacionfm.cl\/wp-content\/uploads\/2021\/07\/HOSPITAL-CHILECHICO2-1-600x337.jpg 600w\" sizes=\"(max-width: 1067px) 100vw, 1067px\" \/><\/div><\/div><\/div><\/div><div class=\"flex_column av_one_full  flex_column_div av-zero-column-padding first  avia-builder-el-2  el_after_av_one_full  el_before_av_one_full  column-top-margin\" style='border-radius:0px; '><section class=\"av_textblock_section \"  itemscope=\"itemscope\" itemtype=\"https:\/\/schema.org\/BlogPosting\" itemprop=\"blogPost\" ><div class='avia_textblock  '   itemprop=\"text\" ><p style=\"text-align: center;\"><strong><span style=\"font-size: 18pt;\">Adjudican construcci\u00f3n de nuevo Hospital Leopoldo Ortega en Chile Chico<\/span><\/strong><\/p>\n<div id=\"gtx-trans\" style=\"position: absolute; left: -50px; top: 4.31534px;\">\n<div class=\"gtx-trans-icon\"><\/div>\n<\/div>\n<\/div><\/section><\/div><div class=\"flex_column av_one_full  flex_column_div av-zero-column-padding first  avia-builder-el-4  el_after_av_one_full  el_before_av_hr  column-top-margin\" style='border-radius:0px; '><section class=\"av_textblock_section \"  itemscope=\"itemscope\" itemtype=\"https:\/\/schema.org\/BlogPosting\" itemprop=\"blogPost\" ><div class='avia_textblock  '   itemprop=\"text\" ><p style=\"text-align: justify;\">Las comunidades de Chile Chico y de toda la provincia General Carrera tendr\u00e1n un nuevo Hospital completamente renovado, gracias al gobierno del presidente Sebasti\u00e1n Pi\u00f1era que invirti\u00f3 los recursos necesarios para hacer realidad este importante sue\u00f1o de la comunidad, quienes ver\u00e1n mejoradas sus condiciones de atenci\u00f3n en salud al igual que fortalecer\u00e1 la red asistencial y la salud p\u00fablica. As\u00ed lo dieron a conocer hoy, en el marco de una reuni\u00f3n de trabajo virtual la Intendente de la regi\u00f3n de Ays\u00e9n Margarita Ossa Rojas, la Gobernadora de la provincia General Carrera Vanessa V\u00e1squez, el Secretario Regional Ministerial de Obras P\u00fablicas, N\u00e9stor Mera Mu\u00f1oz, la Secretaria Regional Ministerial de Salud Alejandra Valdebenito y el Director del Servicio de Salud Ays\u00e9n Gabriel Burgos Salas.<\/p>\n<p style=\"text-align: justify;\">El proceso liderado por la Intendente de la regi\u00f3n de Ays\u00e9n, con la inversi\u00f3n del Ministerio de Salud a trav\u00e9s del Servicio de Salud Ays\u00e9n que supera los $24 mil millones y la ejecuci\u00f3n de la licitaci\u00f3n y futura supervisi\u00f3n de las obras por parte de la Direcci\u00f3n Regional de Arquitectura del Ministerio de Obras P\u00fablicas, cumpli\u00f3 un nuevo hito con la finalizaci\u00f3n de su etapa de licitaci\u00f3n el pasado jueves 01 de julio cuando la Contralor\u00eda en la regi\u00f3n de Ays\u00e9n tom\u00f3 raz\u00f3n de la adjudicaci\u00f3n de las obras al Consorcio Icafal LyD S.A. quienes a partir de ahora tendr\u00e1n 700 d\u00edas para materializar estas obras.<\/p>\n<p style=\"text-align: justify;\">As\u00ed lo refrend\u00f3 esta ma\u00f1ana la Intendente de la regi\u00f3n de Ays\u00e9n, Margarita Ossa Rojas, quien manifest\u00f3\u00a0 \u201cHoy es un d\u00eda hist\u00f3rico, en una reuni\u00f3n le contamos a las organizaciones civiles y a las autoridades provinciales y comunales\u00a0 que este jueves en la tarde Contralor\u00eda Tom\u00f3 Raz\u00f3n de la adjudicaci\u00f3n de las obras \u00a0para la construcci\u00f3n del nuevo Hospital de Chile Chico, por lo que oficialmente este viernes comienzan a correr los plazos para la empresa que desarrollar\u00e1 este anhelado proyecto, que fue un compromiso de la administraci\u00f3n del gobierno del Presidente Sebasti\u00e1n Pi\u00f1era, quien logr\u00f3 garantizar los recursos para su construcci\u00f3n a trav\u00e9s del Ministerio de Salud. Este proyecto tiene un gran impacto para los vecinos de nuestra regi\u00f3n y sobre todo para los habitantes de la provincia de General Carrera, estamos iniciando el camino para mejorar la atenci\u00f3n y calidad de vida de nuestros vecinos, lo que da prueba de que los compromisos que se asumen bajo esta administraci\u00f3n, se cumplen\u201d.<\/p>\n<p style=\"text-align: justify;\">Para el Secretario Regional Ministerial de Obras P\u00fablicas, N\u00e9stor Mera Mu\u00f1oz este ha sido un proyecto muy complejo por la magnitud del mismo, y \u00a0destac\u00f3 \u201choy hemos dado un paso sustantivo en su ejecuci\u00f3n, porque recordemos que el actual Centro de Salud fue construido hace m\u00e1s de 50 a\u00f1os y hoy tiene que atender a una demanda de 5 mil habitantes, as\u00ed que con estas obras vamos a generar un cambio profundo y haremos realidad el sue\u00f1o de los vecinos de contar con un nuevo y mejor hospital. Nos coordinamos entre el Servicio de Salud, nuestra Direcci\u00f3n de Arquitectura que es la Unidad T\u00e9cnica de las obras y hemos tenido el apoyo permanente de toda la comunidad organizada de Chile Chico, el COSOC y de las Juntas de Vecinos lo que agradecemos, culminado as\u00ed la primera etapa de este trabajo que fue la licitaci\u00f3n, para ahora dar inicio a la ejecuci\u00f3n de las obras. Durante los pr\u00f3ximos d\u00edas la empresa realizar\u00e1 la protocolizaci\u00f3n del contrato y la entrega de las boletas de garant\u00eda, as\u00ed que esperamos dentro de los pr\u00f3ximos 45 a 60 d\u00edas \u00a0hacer entrega formal del terreno para iniciar los trabajos. Estamos en pandemia -lo que no debemos olvidar- y justamente el \u00e1rea de salud para nosotros tiene especial relevancia y apoyarlos con esta nueva obra para que puedan contar con mejores condiciones tanto usuarios como funcionarios de la salud nos permite continuar avanzando -en lo que nos ha pedido nuestro presidente- que es mejorar la calidad de vida de todos. El nuevo complejo de salud ser\u00e1 un inmueble de dos pisos y edificios complementarios asociados a la funci\u00f3n asistencial y otras necesidades, todos ellos emplazados en un terreno de 9.693,53 m\u00b2 y tendr\u00e1 una superficie construida de 4.937,58 m2 la que incluye todas las dependencias del hospital, el edificio industrial, salacuna y bodega con estanque de agua. Se construir\u00e1n tambi\u00e9n las calles interiores, estacionamientos, equipamientos para funcionarios, \u00e1reas verdes y paseos, centrales de instalaciones, recintos t\u00e9cnicos, entre otros elementos que constituyen la manzana en su totalidad\u201d.<\/p>\n<p style=\"text-align: justify;\">En la oportunidad, el Director del Servicio de Salud Ays\u00e9n, Gabriel Burgos Salas indic\u00f3 \u201cNuestra Instituci\u00f3n mandat\u00f3 al MOP, para el desarrollo del proyecto de reposici\u00f3n del Hospital de Chile Chico a trav\u00e9s de la Direcci\u00f3n Regional de Arquitectura, el cual est\u00e1 avanzando de manera satisfactoria; de hecho este viernes ante la comunidad se nos ha informado de la finalizaci\u00f3n del proceso de licitaci\u00f3n de un nuevo hospital, con la toma de raz\u00f3n de Contralor\u00eda del contrato de adjudicaci\u00f3n el d\u00eda jueves. El nuevo hospital con alrededor de 5.000 m2 se ajusta a condiciones de seguridad y habitabilidad seg\u00fan norma, respondiendo al anhelo de las comunidades de toda la provincia General Carrera, quienes al igual que los pobladores de Cochrane y sus alrededores, ver\u00e1n mejoradas sus condiciones de atenci\u00f3n en salud, lo que tambi\u00e9n ser\u00e1 favorable para el desempe\u00f1o de nuestros funcionarios, fortaleciendo nuestra red asistencial y por ende a la salud p\u00fablica\u201d.<\/p>\n<\/div><\/section><\/div><div  style='height:50px' class='hr hr-invisible   avia-builder-el-6  el_after_av_one_full  el_before_av_social_share '><span class='hr-inner ' ><span class='hr-inner-style'><\/span><\/span><\/div><\/p>\n<div  class='av-social-sharing-box  avia-builder-el-7  el_after_av_hr  el_before_av_hr  '><div class='av-share-box'><h5 class='av-share-link-description av-no-toc '>Compartir esta noticia<\/h5><ul class='av-share-box-list noLightbox'><li class='av-share-link av-social-link-facebook' ><a target=\"_blank\" aria-label=\"Compartir en Facebook\" href='https:\/\/www.facebook.com\/sharer.php?u=https:\/\/radiorevelacionfm.cl\/?p=5881&#038;t=Adjudican%20construcci%C3%B3n%20de%20nuevo%20Hospital%20Leopoldo%20Ortega%20en%20Chile%20Chico' aria-hidden='false' data-av_icon='\ue8f3' data-av_iconfont='entypo-fontello' title='' data-avia-related-tooltip='Compartir en Facebook' rel=\"noopener\"><span class='avia_hidden_link_text'>Compartir en Facebook<\/span><\/a><\/li><li class='av-share-link av-social-link-twitter' ><a target=\"_blank\" aria-label=\"Compartir en Twitter\" href='https:\/\/twitter.com\/share?text=Adjudican%20construcci%C3%B3n%20de%20nuevo%20Hospital%20Leopoldo%20Ortega%20en%20Chile%20Chico&#038;url=https:\/\/radiorevelacionfm.cl\/?p=5881' aria-hidden='false' data-av_icon='\ue8f1' data-av_iconfont='entypo-fontello' title='' data-avia-related-tooltip='Compartir en Twitter' rel=\"noopener\"><span class='avia_hidden_link_text'>Compartir en Twitter<\/span><\/a><\/li><li class='av-share-link av-social-link-whatsapp' ><a target=\"_blank\" aria-label=\"Compartir en Whatsapp\" href='https:\/\/api.whatsapp.com\/send?text=https:\/\/radiorevelacionfm.cl\/?p=5881' aria-hidden='false' data-av_icon='\uf232' data-av_iconfont='entypo-fontello' title='' data-avia-related-tooltip='Compartir en Whatsapp' rel=\"noopener\"><span class='avia_hidden_link_text'>Compartir en Whatsapp<\/span><\/a><\/li><li class='av-share-link av-social-link-linkedin' ><a target=\"_blank\" aria-label=\"Compartir en LinkedIn\" href='https:\/\/linkedin.com\/shareArticle?mini=true&#038;title=Adjudican%20construcci%C3%B3n%20de%20nuevo%20Hospital%20Leopoldo%20Ortega%20en%20Chile%20Chico&#038;url=https:\/\/radiorevelacionfm.cl\/?p=5881' aria-hidden='false' data-av_icon='\ue8fc' data-av_iconfont='entypo-fontello' title='' data-avia-related-tooltip='Compartir en LinkedIn' rel=\"noopener\"><span class='avia_hidden_link_text'>Compartir en LinkedIn<\/span><\/a><\/li><li class='av-share-link av-social-link-mail' ><a  aria-label=\"Compartir por correo\" href='mailto:?subject=Adjudican%20construcci%C3%B3n%20de%20nuevo%20Hospital%20Leopoldo%20Ortega%20en%20Chile%20Chico&#038;body=https:\/\/radiorevelacionfm.cl\/?p=5881' aria-hidden='false' data-av_icon='\ue805' data-av_iconfont='entypo-fontello' title='' data-avia-related-tooltip='Compartir por correo'><span class='avia_hidden_link_text'>Compartir por correo<\/span><\/a><\/li><\/ul><\/div><\/div>\n<div  style='height:50px' class='hr hr-invisible   avia-builder-el-8  el_after_av_social_share  el_before_av_comments_list '><span class='hr-inner ' ><span class='hr-inner-style'><\/span><\/span><\/div>\n<div  class='av-buildercomment  av-blog-meta-html-info-disabled av-blog-meta-tag-disabled  '><\/div>\n","protected":false},"excerpt":{"rendered":"","protected":false},"author":1,"featured_media":5882,"comment_status":"open","ping_status":"open","sticky":false,"template":"","format":"standard","meta":{"footnotes":""},"categories":[46],"tags":[],"class_list":["post-5881","post","type-post","status-publish","format-standard","has-post-thumbnail","hentry","category-salud"],"jetpack_featured_media_url":"https:\/\/radiorevelacionfm.cl\/wp-content\/uploads\/2021\/07\/HOSPITAL-CHILECHICO2-1.jpg","_links":{"self":[{"href":"https:\/\/radiorevelacionfm.cl\/index.php?rest_route=\/wp\/v2\/posts\/5881","targetHints":{"allow":["GET"]}}],"collection":[{"href":"https:\/\/radiorevelacionfm.cl\/index.php?rest_route=\/wp\/v2\/posts"}],"about":[{"href":"https:\/\/radiorevelacionfm.cl\/index.php?rest_route=\/wp\/v2\/types\/post"}],"author":[{"embeddable":true,"href":"https:\/\/radiorevelacionfm.cl\/index.php?rest_route=\/wp\/v2\/users\/1"}],"replies":[{"embeddable":true,"href":"https:\/\/radiorevelacionfm.cl\/index.php?rest_route=%2Fwp%2Fv2%2Fcomments&post=5881"}],"version-history":[{"count":1,"href":"https:\/\/radiorevelacionfm.cl\/index.php?rest_route=\/wp\/v2\/posts\/5881\/revisions"}],"predecessor-version":[{"id":5883,"href":"https:\/\/radiorevelacionfm.cl\/index.php?rest_route=\/wp\/v2\/posts\/5881\/revisions\/5883"}],"wp:featuredmedia":[{"embeddable":true,"href":"https:\/\/radiorevelacionfm.cl\/index.php?rest_route=\/wp\/v2\/media\/5882"}],"wp:attachment":[{"href":"https:\/\/radiorevelacionfm.cl\/index.php?rest_route=%2Fwp%2Fv2%2Fmedia&parent=5881"}],"wp:term":[{"taxonomy":"category","embeddable":true,"href":"https:\/\/radiorevelacionfm.cl\/index.php?rest_route=%2Fwp%2Fv2%2Fcategories&post=5881"},{"taxonomy":"post_tag","embeddable":true,"href":"https:\/\/radiorevelacionfm.cl\/index.php?rest_route=%2Fwp%2Fv2%2Ftags&post=5881"}],"curies":[{"name":"wp","href":"https:\/\/api.w.org\/{rel}","templated":true}]}}