{"id":58778,"date":"2025-09-05T11:19:22","date_gmt":"2025-09-05T14:19:22","guid":{"rendered":"https:\/\/radiorevelacionfm.cl\/?p=58778"},"modified":"2025-09-05T11:19:22","modified_gmt":"2025-09-05T14:19:22","slug":"emprendimiento-de-caleta-tortel-moderniza-su-oferta-turistica-con-apoyo-del-comite-de-desarrollo-productivo-de-corfo-aysen","status":"publish","type":"post","link":"https:\/\/radiorevelacionfm.cl\/?p=58778","title":{"rendered":"Emprendimiento de Caleta Tortel moderniza su oferta tur\u00edstica con apoyo del Comit\u00e9 de Desarrollo Productivo de Corfo Ays\u00e9n"},"content":{"rendered":"<div class=\"flex_column av_one_full  flex_column_div av-zero-column-padding first  avia-builder-el-0  el_before_av_one_full  avia-builder-el-first  \" style='border-radius:0px; '><div  class='avia-image-container  av-styling-    avia-builder-el-1  avia-builder-el-no-sibling  avia-align-center '  itemprop=\"image\" itemscope=\"itemscope\" itemtype=\"https:\/\/schema.org\/ImageObject\"  ><div class='avia-image-container-inner'><div class='avia-image-overlay-wrap'><img decoding=\"async\" class='wp-image-58779 avia-img-lazy-loading-not-58779 avia_image' src=\"https:\/\/radiorevelacionfm.cl\/wp-content\/uploads\/2025\/09\/01-embarcaciontortel-1_optimized-1.jpg\" alt='' title='01-embarcaciontortel-(1)_optimized (1)' height=\"600\" width=\"1065\"  itemprop=\"thumbnailUrl\" srcset=\"https:\/\/radiorevelacionfm.cl\/wp-content\/uploads\/2025\/09\/01-embarcaciontortel-1_optimized-1.jpg 1065w, https:\/\/radiorevelacionfm.cl\/wp-content\/uploads\/2025\/09\/01-embarcaciontortel-1_optimized-1-300x169.jpg 300w, https:\/\/radiorevelacionfm.cl\/wp-content\/uploads\/2025\/09\/01-embarcaciontortel-1_optimized-1-1030x580.jpg 1030w, https:\/\/radiorevelacionfm.cl\/wp-content\/uploads\/2025\/09\/01-embarcaciontortel-1_optimized-1-768x433.jpg 768w, https:\/\/radiorevelacionfm.cl\/wp-content\/uploads\/2025\/09\/01-embarcaciontortel-1_optimized-1-705x397.jpg 705w, https:\/\/radiorevelacionfm.cl\/wp-content\/uploads\/2025\/09\/01-embarcaciontortel-1_optimized-1-450x254.jpg 450w, https:\/\/radiorevelacionfm.cl\/wp-content\/uploads\/2025\/09\/01-embarcaciontortel-1_optimized-1-600x338.jpg 600w\" sizes=\"(max-width: 1065px) 100vw, 1065px\" \/><\/div><\/div><\/div><\/div><div class=\"flex_column av_one_full  flex_column_div av-zero-column-padding first  avia-builder-el-2  el_after_av_one_full  el_before_av_one_full  column-top-margin\" style='border-radius:0px; '><section class=\"av_textblock_section \"  itemscope=\"itemscope\" itemtype=\"https:\/\/schema.org\/BlogPosting\" itemprop=\"blogPost\" ><div class='avia_textblock  '   itemprop=\"text\" ><p style=\"text-align: center;\"><span style=\"font-size: 18pt;\"><b><span lang=\"es-419\">Emprendimiento de Caleta Tortel moderniza su oferta tur\u00edstica con apoyo del Comit\u00e9 de Desarrollo Productivo de Corfo Ays\u00e9n<\/span><\/b><\/span><\/p>\n<div id=\"gtx-trans\" style=\"position: absolute; left: -50px; top: 4.31534px;\">\n<div class=\"gtx-trans-icon\"><\/div>\n<\/div>\n<\/div><\/section><\/div><div class=\"flex_column av_one_full  flex_column_div av-zero-column-padding first  avia-builder-el-4  el_after_av_one_full  el_before_av_hr  column-top-margin\" style='border-radius:0px; '><section class=\"av_textblock_section \"  itemscope=\"itemscope\" itemtype=\"https:\/\/schema.org\/BlogPosting\" itemprop=\"blogPost\" ><div class='avia_textblock  '   itemprop=\"text\" ><p style=\"font-weight: 400; text-align: justify;\"><em>El proyecto ya est\u00e1 en marcha e incluye una lancha de alta tecnolog\u00eda, mejoras en el hostal y paneles solares para promover un turismo seguro y sostenible.<\/em><\/p>\n<p style=\"font-weight: 400; text-align: justify;\">Con la embarcaci\u00f3n ya adquirida y la infraestructura en proceso de mejoramiento, el emprendedor Pablo Landeros Sep\u00falveda est\u00e1 renovando su oferta tur\u00edstica en Caleta Tortel, incorporando innovaci\u00f3n, sostenibilidad y mayor seguridad para sus visitantes. Esta iniciativa, que cuenta con el respaldo del Comit\u00e9 de Desarrollo Productivo Regional de Ays\u00e9n y financiamiento de Corfo a trav\u00e9s del programa Desarrolla Inversi\u00f3n, forma parte de un portafolio de proyectos que est\u00e1n transformando la forma de hacer turismo en la regi\u00f3n.<\/p>\n<p style=\"font-weight: 400; text-align: justify;\">El proyecto considera una inversi\u00f3n total de $129.665.000, de los cuales $50 millones corresponden a aporte p\u00fablico, y contempla tres componentes: la adquisici\u00f3n de una moderna lancha para 20 pasajeros, la construcci\u00f3n de dos nuevos ba\u00f1os en el hostal administrado por Landeros, y la instalaci\u00f3n de un sistema fotovoltaico para generar energ\u00eda limpia.<\/p>\n<p style=\"font-weight: 400; text-align: justify;\">La nueva embarcaci\u00f3n, construida en polietileno de alta densidad y equipada con motores de \u00faltima generaci\u00f3n, ya est\u00e1 operativa. \u201cEl proyecto lo enfoqu\u00e9 100% en turismo para dar mejor servicio a los clientes: m\u00e1s rapidez, m\u00e1s comodidad y m\u00e1s seguridad. Estas lanchas son mucho m\u00e1s seguras que otros tipos de embarcaciones, sobre todo por los hielos de la zona\u201d, explic\u00f3 el emprendedor, quien lleva m\u00e1s de 15 a\u00f1os trabajando en transporte y hospedaje tur\u00edstico en Tortel.<\/p>\n<p style=\"font-weight: 400; text-align: justify;\">Los trabajos de mejora en el hostal -que incluyen la ampliaci\u00f3n de servicios sanitarios y la implementaci\u00f3n de paneles solares- buscan elevar los est\u00e1ndares de comodidad para los turistas y reducir la huella ambiental del alojamiento.<\/p>\n<p style=\"font-weight: 400; text-align: justify;\">\u201cEste tipo de iniciativas nos muestran c\u00f3mo el turismo sostenible se puede impulsar desde el territorio. Gracias al Comit\u00e9 de Desarrollo Productivo hemos podido apoyar a emprendedores como Pablo, que est\u00e1n comprometidos con el desarrollo local y la innovaci\u00f3n\u201d, se\u00f1al\u00f3 Humberto Mar\u00edn Leiva, director de Corfo Ays\u00e9n.<\/p>\n<p style=\"font-weight: 400; text-align: justify;\">Durante la implementaci\u00f3n del proyecto ya se han generado empleos directos, principalmente para personal con formaci\u00f3n en navegaci\u00f3n. Se proyecta que durante las pr\u00f3ximas temporadas se mantenga este empleo especializado, al tiempo que se fortalece el encadenamiento con proveedores locales: m\u00e1s del 70% de los materiales e insumos est\u00e1n siendo adquiridos en la propia comuna.<\/p>\n<p style=\"font-weight: 400; text-align: justify;\">Consultado sobre el futuro de su emprendimiento, Landeros expres\u00f3 que \u201cen diez a\u00f1os m\u00e1s me imagino con m\u00e1s embarcaciones, m\u00e1s c\u00f3modas y con mayor capacidad. La idea es seguir creciendo para ofrecer un mejor servicio y hacer del turismo una fuente de desarrollo para toda la comunidad\u201d.<\/p>\n<p style=\"font-weight: 400; text-align: justify;\">La propuesta de Pablo Landeros fue una de las iniciativas aprobadas por el Comit\u00e9 de Desarrollo Productivo de Ays\u00e9n, instancia creada en 2024 como parte del proceso de descentralizaci\u00f3n del fomento productivo, y que ha permitido a la regi\u00f3n definir de manera aut\u00f3noma y estrat\u00e9gica el destino de los recursos p\u00fablicos.<\/p>\n<\/div><\/section><\/div><div  style='height:50px' class='hr hr-invisible   avia-builder-el-6  el_after_av_one_full  el_before_av_social_share '><span class='hr-inner ' ><span class='hr-inner-style'><\/span><\/span><\/div><\/p>\n<div  class='av-social-sharing-box  avia-builder-el-7  el_after_av_hr  el_before_av_hr  '><div class='av-share-box'><h5 class='av-share-link-description av-no-toc '>Compartir esta noticia<\/h5><ul class='av-share-box-list noLightbox'><li class='av-share-link av-social-link-facebook' ><a target=\"_blank\" aria-label=\"Compartir en Facebook\" href='https:\/\/www.facebook.com\/sharer.php?u=https:\/\/radiorevelacionfm.cl\/?p=58778&#038;t=Emprendimiento%20de%20Caleta%20Tortel%20moderniza%20su%20oferta%20tur%C3%ADstica%20con%20apoyo%20del%20Comit%C3%A9%20de%20Desarrollo%20Productivo%20de%20Corfo%20Ays%C3%A9n' aria-hidden='false' data-av_icon='\ue8f3' data-av_iconfont='entypo-fontello' title='' data-avia-related-tooltip='Compartir en Facebook' rel=\"noopener\"><span class='avia_hidden_link_text'>Compartir en Facebook<\/span><\/a><\/li><li class='av-share-link av-social-link-twitter' ><a target=\"_blank\" aria-label=\"Compartir en Twitter\" href='https:\/\/twitter.com\/share?text=Emprendimiento%20de%20Caleta%20Tortel%20moderniza%20su%20oferta%20tur%C3%ADstica%20con%20apoyo%20del%20Comit%C3%A9%20de%20Desarrollo%20Productivo%20de%20Corfo%20Ays%C3%A9n&#038;url=https:\/\/radiorevelacionfm.cl\/?p=58778' aria-hidden='false' data-av_icon='\ue8f1' data-av_iconfont='entypo-fontello' title='' data-avia-related-tooltip='Compartir en Twitter' rel=\"noopener\"><span class='avia_hidden_link_text'>Compartir en Twitter<\/span><\/a><\/li><li class='av-share-link av-social-link-whatsapp' ><a target=\"_blank\" aria-label=\"Compartir en Whatsapp\" href='https:\/\/api.whatsapp.com\/send?text=https:\/\/radiorevelacionfm.cl\/?p=58778' aria-hidden='false' data-av_icon='\uf232' data-av_iconfont='entypo-fontello' title='' data-avia-related-tooltip='Compartir en Whatsapp' rel=\"noopener\"><span class='avia_hidden_link_text'>Compartir en Whatsapp<\/span><\/a><\/li><li class='av-share-link av-social-link-linkedin' ><a target=\"_blank\" aria-label=\"Compartir en LinkedIn\" href='https:\/\/linkedin.com\/shareArticle?mini=true&#038;title=Emprendimiento%20de%20Caleta%20Tortel%20moderniza%20su%20oferta%20tur%C3%ADstica%20con%20apoyo%20del%20Comit%C3%A9%20de%20Desarrollo%20Productivo%20de%20Corfo%20Ays%C3%A9n&#038;url=https:\/\/radiorevelacionfm.cl\/?p=58778' aria-hidden='false' data-av_icon='\ue8fc' data-av_iconfont='entypo-fontello' title='' data-avia-related-tooltip='Compartir en LinkedIn' rel=\"noopener\"><span class='avia_hidden_link_text'>Compartir en LinkedIn<\/span><\/a><\/li><li class='av-share-link av-social-link-mail' ><a  aria-label=\"Compartir por correo\" href='mailto:?subject=Emprendimiento%20de%20Caleta%20Tortel%20moderniza%20su%20oferta%20tur%C3%ADstica%20con%20apoyo%20del%20Comit%C3%A9%20de%20Desarrollo%20Productivo%20de%20Corfo%20Ays%C3%A9n&#038;body=https:\/\/radiorevelacionfm.cl\/?p=58778' aria-hidden='false' data-av_icon='\ue805' data-av_iconfont='entypo-fontello' title='' data-avia-related-tooltip='Compartir por correo'><span class='avia_hidden_link_text'>Compartir por correo<\/span><\/a><\/li><\/ul><\/div><\/div>\n<div  style='height:50px' class='hr hr-invisible   avia-builder-el-8  el_after_av_social_share  el_before_av_comments_list '><span class='hr-inner ' ><span class='hr-inner-style'><\/span><\/span><\/div>\n<div  class='av-buildercomment  av-blog-meta-html-info-disabled av-blog-meta-tag-disabled  '><\/div>\n","protected":false},"excerpt":{"rendered":"","protected":false},"author":1,"featured_media":58779,"comment_status":"closed","ping_status":"closed","sticky":false,"template":"","format":"standard","meta":{"footnotes":""},"categories":[38],"tags":[],"class_list":["post-58778","post","type-post","status-publish","format-standard","has-post-thumbnail","hentry","category-regional"],"jetpack_featured_media_url":"https:\/\/radiorevelacionfm.cl\/wp-content\/uploads\/2025\/09\/01-embarcaciontortel-1_optimized-1.jpg","_links":{"self":[{"href":"https:\/\/radiorevelacionfm.cl\/index.php?rest_route=\/wp\/v2\/posts\/58778","targetHints":{"allow":["GET"]}}],"collection":[{"href":"https:\/\/radiorevelacionfm.cl\/index.php?rest_route=\/wp\/v2\/posts"}],"about":[{"href":"https:\/\/radiorevelacionfm.cl\/index.php?rest_route=\/wp\/v2\/types\/post"}],"author":[{"embeddable":true,"href":"https:\/\/radiorevelacionfm.cl\/index.php?rest_route=\/wp\/v2\/users\/1"}],"replies":[{"embeddable":true,"href":"https:\/\/radiorevelacionfm.cl\/index.php?rest_route=%2Fwp%2Fv2%2Fcomments&post=58778"}],"version-history":[{"count":2,"href":"https:\/\/radiorevelacionfm.cl\/index.php?rest_route=\/wp\/v2\/posts\/58778\/revisions"}],"predecessor-version":[{"id":58781,"href":"https:\/\/radiorevelacionfm.cl\/index.php?rest_route=\/wp\/v2\/posts\/58778\/revisions\/58781"}],"wp:featuredmedia":[{"embeddable":true,"href":"https:\/\/radiorevelacionfm.cl\/index.php?rest_route=\/wp\/v2\/media\/58779"}],"wp:attachment":[{"href":"https:\/\/radiorevelacionfm.cl\/index.php?rest_route=%2Fwp%2Fv2%2Fmedia&parent=58778"}],"wp:term":[{"taxonomy":"category","embeddable":true,"href":"https:\/\/radiorevelacionfm.cl\/index.php?rest_route=%2Fwp%2Fv2%2Fcategories&post=58778"},{"taxonomy":"post_tag","embeddable":true,"href":"https:\/\/radiorevelacionfm.cl\/index.php?rest_route=%2Fwp%2Fv2%2Ftags&post=58778"}],"curies":[{"name":"wp","href":"https:\/\/api.w.org\/{rel}","templated":true}]}}