{"id":58774,"date":"2025-09-05T12:24:20","date_gmt":"2025-09-05T15:24:20","guid":{"rendered":"https:\/\/radiorevelacionfm.cl\/?p=58774"},"modified":"2025-09-05T12:24:20","modified_gmt":"2025-09-05T15:24:20","slug":"diputada-raphael-por-aumento-en-la-pgu-es-una-politica-que-debe-trascender-y-mejorar-en-el-tiempo","status":"publish","type":"post","link":"https:\/\/radiorevelacionfm.cl\/?p=58774","title":{"rendered":"Diputada Raphael por aumento en la PGU: \u201cEs una pol\u00edtica que debe trascender y mejorar en el tiempo\u201d"},"content":{"rendered":"<div class=\"flex_column av_one_full  flex_column_div av-zero-column-padding first  avia-builder-el-0  el_before_av_one_full  avia-builder-el-first  \" style='border-radius:0px; '><div  class='avia-image-container  av-styling-    avia-builder-el-1  avia-builder-el-no-sibling  avia-align-center '  itemprop=\"image\" itemscope=\"itemscope\" itemtype=\"https:\/\/schema.org\/ImageObject\"  ><div class='avia-image-container-inner'><div class='avia-image-overlay-wrap'><img decoding=\"async\" class='wp-image-45305 avia-img-lazy-loading-not-45305 avia_image' src=\"https:\/\/radiorevelacionfm.cl\/wp-content\/uploads\/2024\/08\/Foto-diputada-M.-Raphael-M.-1-1.jpeg\" alt='' title='Foto diputada M. Raphael M. (1) (1)' height=\"600\" width=\"965\"  itemprop=\"thumbnailUrl\" srcset=\"https:\/\/radiorevelacionfm.cl\/wp-content\/uploads\/2024\/08\/Foto-diputada-M.-Raphael-M.-1-1.jpeg 965w, https:\/\/radiorevelacionfm.cl\/wp-content\/uploads\/2024\/08\/Foto-diputada-M.-Raphael-M.-1-1-300x187.jpeg 300w, https:\/\/radiorevelacionfm.cl\/wp-content\/uploads\/2024\/08\/Foto-diputada-M.-Raphael-M.-1-1-768x478.jpeg 768w, https:\/\/radiorevelacionfm.cl\/wp-content\/uploads\/2024\/08\/Foto-diputada-M.-Raphael-M.-1-1-705x438.jpeg 705w, https:\/\/radiorevelacionfm.cl\/wp-content\/uploads\/2024\/08\/Foto-diputada-M.-Raphael-M.-1-1-450x280.jpeg 450w, https:\/\/radiorevelacionfm.cl\/wp-content\/uploads\/2024\/08\/Foto-diputada-M.-Raphael-M.-1-1-600x373.jpeg 600w\" sizes=\"(max-width: 965px) 100vw, 965px\" \/><\/div><\/div><\/div><\/div><div class=\"flex_column av_one_full  flex_column_div av-zero-column-padding first  avia-builder-el-2  el_after_av_one_full  el_before_av_one_full  column-top-margin\" style='border-radius:0px; '><section class=\"av_textblock_section \"  itemscope=\"itemscope\" itemtype=\"https:\/\/schema.org\/BlogPosting\" itemprop=\"blogPost\" ><div class='avia_textblock  '   itemprop=\"text\" ><p style=\"text-align: center;\"><strong><span style=\"font-size: 18pt;\">Diputada Raphael por aumento en la PGU: \u201cEs una pol\u00edtica que debe trascender y mejorar en el tiempo\u201d<\/span><\/strong><\/p>\n<div id=\"gtx-trans\" style=\"position: absolute; left: -50px; top: 4.31534px;\">\n<div class=\"gtx-trans-icon\"><\/div>\n<\/div>\n<\/div><\/section><\/div><div class=\"flex_column av_one_full  flex_column_div av-zero-column-padding first  avia-builder-el-4  el_after_av_one_full  el_before_av_hr  column-top-margin\" style='border-radius:0px; '><section class=\"av_textblock_section \"  itemscope=\"itemscope\" itemtype=\"https:\/\/schema.org\/BlogPosting\" itemprop=\"blogPost\" ><div class='avia_textblock  '   itemprop=\"text\" ><p style=\"text-align: justify;\"><em><i>La diputada de Renovaci\u00f3n Nacional destac\u00f3 que ser\u00e1n 12.000 las personas que ver\u00e1n este aumento en sus pensiones en nuestra regi\u00f3n.<\/i><\/em><\/p>\n<p style=\"text-align: justify;\">La diputada por Ays\u00e9n, Marcia Raphael Mora (RN), resalt\u00f3 el aumento de la Pensi\u00f3n Garantizada Universal (PGU) a partir del presente mes a un monto de $250.000 pesos para mayores de 82 a\u00f1os y el que ser\u00e1 tambi\u00e9n gradual para los dem\u00e1s pensionados. Adem\u00e1s, la legisladora enfatiz\u00f3 que este no es s\u00f3lo un legado del ex Presidente Sebasti\u00e1n Pi\u00f1era sino tambi\u00e9n es una pol\u00edtica p\u00fablica que debe trascender en el tiempo y ser tambi\u00e9n mejorada los pr\u00f3ximos a\u00f1os.<\/p>\n<p style=\"text-align: justify;\">Respecto del inicio de este derecho para los pensionados, la diputada, Marcia Raphael Mora, manifest\u00f3 que \u201cestamos muy contentos porque ya es concreto el aumento de los $250.000 pesos en la Pensi\u00f3n Garantizada Universal (PGU) a partir del presente mes, reforma que hemos votado a favor y cuyo resultado ya est\u00e1 llegando a las personas. No podemos olvidar, que es tambi\u00e9n un legado del Presidente Sebasti\u00e1n Pi\u00f1era y est\u00e1 siendo una pol\u00edtica muy importante que debe trascender y mejorar en el tiempo. Sabemos que es poco, pero respecto de las pensiones anteriores es un aumento considerable\u201d.<\/p>\n<p style=\"text-align: justify;\">\u201cCabe destacar, que tambi\u00e9n a partir de septiembre del a\u00f1o 2026 la PGU va a aumentar para todas las personas que tengan m\u00e1s de 75 a\u00f1os y en el a\u00f1o 2027, a todos quienes tengan m\u00e1s de 65 a\u00f1os.\u00a0En nuestra Regi\u00f3n de Ays\u00e9n ser\u00e1n en total 12.000 las personas que acceder\u00e1n a esta mejora en su calidad de vida y pensiones\u201d, agreg\u00f3 la diputada.<\/p>\n<p style=\"text-align: justify;\">Finalmente, la parlamentaria, detall\u00f3 que \u201cotro aspecto relevante es que a partir de enero 2026, a trav\u00e9s de esta reforma previsional tambi\u00e9n quienes tengan fondos ver\u00e1n un aumento en sus pensiones, y de igual manera, los pensionados de Capredena y Dipreca van poder contar con la PGU, que antes no la ten\u00edan y gracias a esta aprobaci\u00f3n podr\u00e1n contar con esto, es decir, esta es una pol\u00edtica que llega a gran parte de los chilenos\u201d.<\/p>\n<\/div><\/section><\/div><div  style='height:50px' class='hr hr-invisible   avia-builder-el-6  el_after_av_one_full  el_before_av_social_share '><span class='hr-inner ' ><span class='hr-inner-style'><\/span><\/span><\/div><\/p>\n<div  class='av-social-sharing-box  avia-builder-el-7  el_after_av_hr  el_before_av_hr  '><div class='av-share-box'><h5 class='av-share-link-description av-no-toc '>Compartir esta noticia<\/h5><ul class='av-share-box-list noLightbox'><li class='av-share-link av-social-link-facebook' ><a target=\"_blank\" aria-label=\"Compartir en Facebook\" href='https:\/\/www.facebook.com\/sharer.php?u=https:\/\/radiorevelacionfm.cl\/?p=58774&#038;t=Diputada%20Raphael%20por%20aumento%20en%20la%20PGU%3A%20%E2%80%9CEs%20una%20pol%C3%ADtica%20que%20debe%20trascender%20y%20mejorar%20en%20el%20tiempo%E2%80%9D' aria-hidden='false' data-av_icon='\ue8f3' data-av_iconfont='entypo-fontello' title='' data-avia-related-tooltip='Compartir en Facebook' rel=\"noopener\"><span class='avia_hidden_link_text'>Compartir en Facebook<\/span><\/a><\/li><li class='av-share-link av-social-link-twitter' ><a target=\"_blank\" aria-label=\"Compartir en Twitter\" href='https:\/\/twitter.com\/share?text=Diputada%20Raphael%20por%20aumento%20en%20la%20PGU%3A%20%E2%80%9CEs%20una%20pol%C3%ADtica%20que%20debe%20trascender%20y%20mejorar%20en%20el%20tiempo%E2%80%9D&#038;url=https:\/\/radiorevelacionfm.cl\/?p=58774' aria-hidden='false' data-av_icon='\ue8f1' data-av_iconfont='entypo-fontello' title='' data-avia-related-tooltip='Compartir en Twitter' rel=\"noopener\"><span class='avia_hidden_link_text'>Compartir en Twitter<\/span><\/a><\/li><li class='av-share-link av-social-link-whatsapp' ><a target=\"_blank\" aria-label=\"Compartir en Whatsapp\" href='https:\/\/api.whatsapp.com\/send?text=https:\/\/radiorevelacionfm.cl\/?p=58774' aria-hidden='false' data-av_icon='\uf232' data-av_iconfont='entypo-fontello' title='' data-avia-related-tooltip='Compartir en Whatsapp' rel=\"noopener\"><span class='avia_hidden_link_text'>Compartir en Whatsapp<\/span><\/a><\/li><li class='av-share-link av-social-link-linkedin' ><a target=\"_blank\" aria-label=\"Compartir en LinkedIn\" href='https:\/\/linkedin.com\/shareArticle?mini=true&#038;title=Diputada%20Raphael%20por%20aumento%20en%20la%20PGU%3A%20%E2%80%9CEs%20una%20pol%C3%ADtica%20que%20debe%20trascender%20y%20mejorar%20en%20el%20tiempo%E2%80%9D&#038;url=https:\/\/radiorevelacionfm.cl\/?p=58774' aria-hidden='false' data-av_icon='\ue8fc' data-av_iconfont='entypo-fontello' title='' data-avia-related-tooltip='Compartir en LinkedIn' rel=\"noopener\"><span class='avia_hidden_link_text'>Compartir en LinkedIn<\/span><\/a><\/li><li class='av-share-link av-social-link-mail' ><a  aria-label=\"Compartir por correo\" href='mailto:?subject=Diputada%20Raphael%20por%20aumento%20en%20la%20PGU%3A%20%E2%80%9CEs%20una%20pol%C3%ADtica%20que%20debe%20trascender%20y%20mejorar%20en%20el%20tiempo%E2%80%9D&#038;body=https:\/\/radiorevelacionfm.cl\/?p=58774' aria-hidden='false' data-av_icon='\ue805' data-av_iconfont='entypo-fontello' title='' data-avia-related-tooltip='Compartir por correo'><span class='avia_hidden_link_text'>Compartir por correo<\/span><\/a><\/li><\/ul><\/div><\/div>\n<div  style='height:50px' class='hr hr-invisible   avia-builder-el-8  el_after_av_social_share  el_before_av_comments_list '><span class='hr-inner ' ><span class='hr-inner-style'><\/span><\/span><\/div>\n<div  class='av-buildercomment  av-blog-meta-html-info-disabled av-blog-meta-tag-disabled  '><\/div>\n","protected":false},"excerpt":{"rendered":"","protected":false},"author":1,"featured_media":45305,"comment_status":"closed","ping_status":"closed","sticky":false,"template":"","format":"standard","meta":{"footnotes":""},"categories":[35],"tags":[],"class_list":["post-58774","post","type-post","status-publish","format-standard","has-post-thumbnail","hentry","category-politica"],"jetpack_featured_media_url":"https:\/\/radiorevelacionfm.cl\/wp-content\/uploads\/2024\/08\/Foto-diputada-M.-Raphael-M.-1-1.jpeg","_links":{"self":[{"href":"https:\/\/radiorevelacionfm.cl\/index.php?rest_route=\/wp\/v2\/posts\/58774","targetHints":{"allow":["GET"]}}],"collection":[{"href":"https:\/\/radiorevelacionfm.cl\/index.php?rest_route=\/wp\/v2\/posts"}],"about":[{"href":"https:\/\/radiorevelacionfm.cl\/index.php?rest_route=\/wp\/v2\/types\/post"}],"author":[{"embeddable":true,"href":"https:\/\/radiorevelacionfm.cl\/index.php?rest_route=\/wp\/v2\/users\/1"}],"replies":[{"embeddable":true,"href":"https:\/\/radiorevelacionfm.cl\/index.php?rest_route=%2Fwp%2Fv2%2Fcomments&post=58774"}],"version-history":[{"count":2,"href":"https:\/\/radiorevelacionfm.cl\/index.php?rest_route=\/wp\/v2\/posts\/58774\/revisions"}],"predecessor-version":[{"id":58786,"href":"https:\/\/radiorevelacionfm.cl\/index.php?rest_route=\/wp\/v2\/posts\/58774\/revisions\/58786"}],"wp:featuredmedia":[{"embeddable":true,"href":"https:\/\/radiorevelacionfm.cl\/index.php?rest_route=\/wp\/v2\/media\/45305"}],"wp:attachment":[{"href":"https:\/\/radiorevelacionfm.cl\/index.php?rest_route=%2Fwp%2Fv2%2Fmedia&parent=58774"}],"wp:term":[{"taxonomy":"category","embeddable":true,"href":"https:\/\/radiorevelacionfm.cl\/index.php?rest_route=%2Fwp%2Fv2%2Fcategories&post=58774"},{"taxonomy":"post_tag","embeddable":true,"href":"https:\/\/radiorevelacionfm.cl\/index.php?rest_route=%2Fwp%2Fv2%2Ftags&post=58774"}],"curies":[{"name":"wp","href":"https:\/\/api.w.org\/{rel}","templated":true}]}}