{"id":58771,"date":"2025-09-04T21:10:14","date_gmt":"2025-09-05T00:10:14","guid":{"rendered":"https:\/\/radiorevelacionfm.cl\/?p=58771"},"modified":"2025-09-04T21:10:14","modified_gmt":"2025-09-05T00:10:14","slug":"salud-refuerza-medidas-de-autocuidado-frente-a-enfermedades-respiratorias","status":"publish","type":"post","link":"https:\/\/radiorevelacionfm.cl\/?p=58771","title":{"rendered":"Salud refuerza medidas de autocuidado frente a enfermedades respiratorias"},"content":{"rendered":"<div class=\"flex_column av_one_full  flex_column_div av-zero-column-padding first  avia-builder-el-0  el_before_av_one_full  avia-builder-el-first  \" style='border-radius:0px; '><div  class='avia-image-container  av-styling-    avia-builder-el-1  avia-builder-el-no-sibling  avia-align-center '  itemprop=\"image\" itemscope=\"itemscope\" itemtype=\"https:\/\/schema.org\/ImageObject\"  ><div class='avia-image-container-inner'><div class='avia-image-overlay-wrap'><img decoding=\"async\" class='wp-image-58772 avia-img-lazy-loading-not-58772 avia_image' src=\"https:\/\/radiorevelacionfm.cl\/wp-content\/uploads\/2025\/09\/atenciones-en-salud-1-1.jpeg\" alt='' title='atenciones en salud (1) (1)' height=\"600\" width=\"840\"  itemprop=\"thumbnailUrl\" srcset=\"https:\/\/radiorevelacionfm.cl\/wp-content\/uploads\/2025\/09\/atenciones-en-salud-1-1.jpeg 840w, https:\/\/radiorevelacionfm.cl\/wp-content\/uploads\/2025\/09\/atenciones-en-salud-1-1-300x214.jpeg 300w, https:\/\/radiorevelacionfm.cl\/wp-content\/uploads\/2025\/09\/atenciones-en-salud-1-1-768x549.jpeg 768w, https:\/\/radiorevelacionfm.cl\/wp-content\/uploads\/2025\/09\/atenciones-en-salud-1-1-260x185.jpeg 260w, https:\/\/radiorevelacionfm.cl\/wp-content\/uploads\/2025\/09\/atenciones-en-salud-1-1-705x504.jpeg 705w, https:\/\/radiorevelacionfm.cl\/wp-content\/uploads\/2025\/09\/atenciones-en-salud-1-1-450x321.jpeg 450w, https:\/\/radiorevelacionfm.cl\/wp-content\/uploads\/2025\/09\/atenciones-en-salud-1-1-600x429.jpeg 600w\" sizes=\"(max-width: 840px) 100vw, 840px\" \/><\/div><\/div><\/div><\/div><div class=\"flex_column av_one_full  flex_column_div av-zero-column-padding first  avia-builder-el-2  el_after_av_one_full  el_before_av_one_full  column-top-margin\" style='border-radius:0px; '><section class=\"av_textblock_section \"  itemscope=\"itemscope\" itemtype=\"https:\/\/schema.org\/BlogPosting\" itemprop=\"blogPost\" ><div class='avia_textblock  '   itemprop=\"text\" ><p style=\"text-align: center;\"><strong><span style=\"font-size: 18pt;\">Salud refuerza medidas de autocuidado frente a enfermedades respiratorias<\/span><\/strong><\/p>\n<div id=\"gtx-trans\" style=\"position: absolute; left: -50px; top: 4.31534px;\">\n<div class=\"gtx-trans-icon\"><\/div>\n<\/div>\n<\/div><\/section><\/div><div class=\"flex_column av_one_full  flex_column_div av-zero-column-padding first  avia-builder-el-4  el_after_av_one_full  el_before_av_hr  column-top-margin\" style='border-radius:0px; '><section class=\"av_textblock_section \"  itemscope=\"itemscope\" itemtype=\"https:\/\/schema.org\/BlogPosting\" itemprop=\"blogPost\" ><div class='avia_textblock  '   itemprop=\"text\" ><ul>\n<li style=\"text-align: justify;\"><em>Durante los \u00faltimos d\u00edas, los centros de salud regional han recibido m\u00e1s de 400 consultas asociadas a resfr\u00edos por virus circulantes, los cuales afectan principalmente a ni\u00f1os y adultos mayores.<\/em><\/li>\n<\/ul>\n<p style=\"text-align: justify;\">Cuando a\u00fan el invierno no termina, las consultas por enfermedades respiratorias siguen estando presentes en los distintos centros de salud que existen en la regi\u00f3n, siendo los adultos mayores y los ni\u00f1os menores quienes presentan mayores dificultades en esta \u00e9poca del a\u00f1o, debido a la circulaci\u00f3n de virus como el Rinovirus, Sincicial, Adenovirus y Parainfluenza, entre otros.<\/p>\n<p style=\"text-align: justify;\">As\u00ed lo dio a conocer la Epidemi\u00f3loga de la Seremi de Salud, Angie Bichara Bustos.\u00a0 \u201cEs importante recordar a la comunidad, que a\u00fan estamos en \u00e9poca invernal, por lo que necesitamos mantener medidas de autocuidado, ya que durante la \u00faltima semana epidemiol\u00f3gica se registraron 488 consultas en la red asistencial a consecuencia de enfermedades respiratorias, donde la poblaci\u00f3n de ni\u00f1os menores de un a\u00f1o y los adultos mayores, son los segmentos donde se aprecia un incremento de consultas m\u00e9dicas.\u00a0 Aqu\u00ed es relevante que la comunidad retome las medidas de autocuidado b\u00e1sicas, como el lavado frecuente de manos y el uso de mascarilla, especialmente al presentar s\u00edntomas de resfr\u00edo, adem\u00e1s de una consulta m\u00e9dica oportuna en los centros de salud\u201d.<\/p>\n<p style=\"text-align: justify;\">Asimismo, la Seremi de Salud Ays\u00e9n, Gloria \u00c1guila Schmeisser, recalc\u00f3 la necesidad que ser responsables frente a las enfermedades respiratorias.\u00a0 \u201cEn estas fechas, cuando a\u00fan nos encontramos en \u00e9poca de invierno, debemos ser cuidadosos frente a los s\u00edntomas de resfr\u00edo, ya que a\u00fan mantenemos una alta circulaci\u00f3n viral que puede exponernos a enfermedades respiratorias graves, es relevante una consulta oportuna a m\u00e9dico cada vez que nos encontremos con s\u00edntomas de tos, fiebre o dolor muscular. Otro aspecto importante, es que el Ministerio de Salud a\u00fan mantiene activos los puntos de vacunaci\u00f3n en todos los centros de salud p\u00fablica, donde la comunidad puede acceder a las inmunizaciones contra la Influenza o covid19, para estar m\u00e1s protegidos contra las enfermedades respiratorias\u201d.<\/p>\n<p style=\"text-align: justify;\">Cabe recordar, que el Ministerio de Salud mantiene activo el fono SALUD RESPONDE (600 360 7777), n\u00famero telef\u00f3nico que est\u00e1 habilitado las 24 horas para que la ciudadan\u00eda cuente con acceso oportuno a la resoluci\u00f3n de problemas primarios de salud, a trav\u00e9s de una asistencia remota.<\/p>\n<\/div><\/section><\/div><div  style='height:50px' class='hr hr-invisible   avia-builder-el-6  el_after_av_one_full  el_before_av_social_share '><span class='hr-inner ' ><span class='hr-inner-style'><\/span><\/span><\/div><\/p>\n<div  class='av-social-sharing-box  avia-builder-el-7  el_after_av_hr  el_before_av_hr  '><div class='av-share-box'><h5 class='av-share-link-description av-no-toc '>Compartir esta noticia<\/h5><ul class='av-share-box-list noLightbox'><li class='av-share-link av-social-link-facebook' ><a target=\"_blank\" aria-label=\"Compartir en Facebook\" href='https:\/\/www.facebook.com\/sharer.php?u=https:\/\/radiorevelacionfm.cl\/?p=58771&#038;t=Salud%20refuerza%20medidas%20de%20autocuidado%20frente%20a%20enfermedades%20respiratorias' aria-hidden='false' data-av_icon='\ue8f3' data-av_iconfont='entypo-fontello' title='' data-avia-related-tooltip='Compartir en Facebook' rel=\"noopener\"><span class='avia_hidden_link_text'>Compartir en Facebook<\/span><\/a><\/li><li class='av-share-link av-social-link-twitter' ><a target=\"_blank\" aria-label=\"Compartir en Twitter\" href='https:\/\/twitter.com\/share?text=Salud%20refuerza%20medidas%20de%20autocuidado%20frente%20a%20enfermedades%20respiratorias&#038;url=https:\/\/radiorevelacionfm.cl\/?p=58771' aria-hidden='false' data-av_icon='\ue8f1' data-av_iconfont='entypo-fontello' title='' data-avia-related-tooltip='Compartir en Twitter' rel=\"noopener\"><span class='avia_hidden_link_text'>Compartir en Twitter<\/span><\/a><\/li><li class='av-share-link av-social-link-whatsapp' ><a target=\"_blank\" aria-label=\"Compartir en Whatsapp\" href='https:\/\/api.whatsapp.com\/send?text=https:\/\/radiorevelacionfm.cl\/?p=58771' aria-hidden='false' data-av_icon='\uf232' data-av_iconfont='entypo-fontello' title='' data-avia-related-tooltip='Compartir en Whatsapp' rel=\"noopener\"><span class='avia_hidden_link_text'>Compartir en Whatsapp<\/span><\/a><\/li><li class='av-share-link av-social-link-linkedin' ><a target=\"_blank\" aria-label=\"Compartir en LinkedIn\" href='https:\/\/linkedin.com\/shareArticle?mini=true&#038;title=Salud%20refuerza%20medidas%20de%20autocuidado%20frente%20a%20enfermedades%20respiratorias&#038;url=https:\/\/radiorevelacionfm.cl\/?p=58771' aria-hidden='false' data-av_icon='\ue8fc' data-av_iconfont='entypo-fontello' title='' data-avia-related-tooltip='Compartir en LinkedIn' rel=\"noopener\"><span class='avia_hidden_link_text'>Compartir en LinkedIn<\/span><\/a><\/li><li class='av-share-link av-social-link-mail' ><a  aria-label=\"Compartir por correo\" href='mailto:?subject=Salud%20refuerza%20medidas%20de%20autocuidado%20frente%20a%20enfermedades%20respiratorias&#038;body=https:\/\/radiorevelacionfm.cl\/?p=58771' aria-hidden='false' data-av_icon='\ue805' data-av_iconfont='entypo-fontello' title='' data-avia-related-tooltip='Compartir por correo'><span class='avia_hidden_link_text'>Compartir por correo<\/span><\/a><\/li><\/ul><\/div><\/div>\n<div  style='height:50px' class='hr hr-invisible   avia-builder-el-8  el_after_av_social_share  el_before_av_comments_list '><span class='hr-inner ' ><span class='hr-inner-style'><\/span><\/span><\/div>\n<div  class='av-buildercomment  av-blog-meta-html-info-disabled av-blog-meta-tag-disabled  '><\/div>\n","protected":false},"excerpt":{"rendered":"","protected":false},"author":1,"featured_media":58772,"comment_status":"closed","ping_status":"closed","sticky":false,"template":"","format":"standard","meta":{"footnotes":""},"categories":[46],"tags":[],"class_list":["post-58771","post","type-post","status-publish","format-standard","has-post-thumbnail","hentry","category-salud"],"jetpack_featured_media_url":"https:\/\/radiorevelacionfm.cl\/wp-content\/uploads\/2025\/09\/atenciones-en-salud-1-1.jpeg","_links":{"self":[{"href":"https:\/\/radiorevelacionfm.cl\/index.php?rest_route=\/wp\/v2\/posts\/58771","targetHints":{"allow":["GET"]}}],"collection":[{"href":"https:\/\/radiorevelacionfm.cl\/index.php?rest_route=\/wp\/v2\/posts"}],"about":[{"href":"https:\/\/radiorevelacionfm.cl\/index.php?rest_route=\/wp\/v2\/types\/post"}],"author":[{"embeddable":true,"href":"https:\/\/radiorevelacionfm.cl\/index.php?rest_route=\/wp\/v2\/users\/1"}],"replies":[{"embeddable":true,"href":"https:\/\/radiorevelacionfm.cl\/index.php?rest_route=%2Fwp%2Fv2%2Fcomments&post=58771"}],"version-history":[{"count":2,"href":"https:\/\/radiorevelacionfm.cl\/index.php?rest_route=\/wp\/v2\/posts\/58771\/revisions"}],"predecessor-version":[{"id":58777,"href":"https:\/\/radiorevelacionfm.cl\/index.php?rest_route=\/wp\/v2\/posts\/58771\/revisions\/58777"}],"wp:featuredmedia":[{"embeddable":true,"href":"https:\/\/radiorevelacionfm.cl\/index.php?rest_route=\/wp\/v2\/media\/58772"}],"wp:attachment":[{"href":"https:\/\/radiorevelacionfm.cl\/index.php?rest_route=%2Fwp%2Fv2%2Fmedia&parent=58771"}],"wp:term":[{"taxonomy":"category","embeddable":true,"href":"https:\/\/radiorevelacionfm.cl\/index.php?rest_route=%2Fwp%2Fv2%2Fcategories&post=58771"},{"taxonomy":"post_tag","embeddable":true,"href":"https:\/\/radiorevelacionfm.cl\/index.php?rest_route=%2Fwp%2Fv2%2Ftags&post=58771"}],"curies":[{"name":"wp","href":"https:\/\/api.w.org\/{rel}","templated":true}]}}