{"id":58768,"date":"2025-09-05T12:19:04","date_gmt":"2025-09-05T15:19:04","guid":{"rendered":"https:\/\/radiorevelacionfm.cl\/?p=58768"},"modified":"2025-09-05T12:19:04","modified_gmt":"2025-09-05T15:19:04","slug":"mas-de-24-mil-personas-han-sido-beneficiadas-con-el-copago-cero-en-aysen","status":"publish","type":"post","link":"https:\/\/radiorevelacionfm.cl\/?p=58768","title":{"rendered":"M\u00e1s de 24 mil personas han sido beneficiadas con el Copago Cero en Ays\u00e9n"},"content":{"rendered":"<div class=\"flex_column av_one_full  flex_column_div av-zero-column-padding first  avia-builder-el-0  el_before_av_one_full  avia-builder-el-first  \" style='border-radius:0px; '><div  class='avia-image-container  av-styling-    avia-builder-el-1  avia-builder-el-no-sibling  avia-align-center '  itemprop=\"image\" itemscope=\"itemscope\" itemtype=\"https:\/\/schema.org\/ImageObject\"  ><div class='avia-image-container-inner'><div class='avia-image-overlay-wrap'><img decoding=\"async\" class='wp-image-58783 avia-img-lazy-loading-not-58783 avia_image' src=\"https:\/\/radiorevelacionfm.cl\/wp-content\/uploads\/2025\/09\/Seremis-Gobierno-y-Salud-1-1.jpeg\" alt='' title='Seremis Gobierno y Salud (1) (1)' height=\"700\" width=\"802\"  itemprop=\"thumbnailUrl\" srcset=\"https:\/\/radiorevelacionfm.cl\/wp-content\/uploads\/2025\/09\/Seremis-Gobierno-y-Salud-1-1.jpeg 802w, https:\/\/radiorevelacionfm.cl\/wp-content\/uploads\/2025\/09\/Seremis-Gobierno-y-Salud-1-1-300x262.jpeg 300w, https:\/\/radiorevelacionfm.cl\/wp-content\/uploads\/2025\/09\/Seremis-Gobierno-y-Salud-1-1-768x670.jpeg 768w, https:\/\/radiorevelacionfm.cl\/wp-content\/uploads\/2025\/09\/Seremis-Gobierno-y-Salud-1-1-705x615.jpeg 705w, https:\/\/radiorevelacionfm.cl\/wp-content\/uploads\/2025\/09\/Seremis-Gobierno-y-Salud-1-1-450x393.jpeg 450w, https:\/\/radiorevelacionfm.cl\/wp-content\/uploads\/2025\/09\/Seremis-Gobierno-y-Salud-1-1-600x524.jpeg 600w\" sizes=\"(max-width: 802px) 100vw, 802px\" \/><\/div><\/div><\/div><\/div><div class=\"flex_column av_one_full  flex_column_div av-zero-column-padding first  avia-builder-el-2  el_after_av_one_full  el_before_av_one_full  column-top-margin\" style='border-radius:0px; '><section class=\"av_textblock_section \"  itemscope=\"itemscope\" itemtype=\"https:\/\/schema.org\/BlogPosting\" itemprop=\"blogPost\" ><div class='avia_textblock  '   itemprop=\"text\" ><p style=\"text-align: center;\"><strong><span style=\"font-size: 18pt;\">M\u00e1s de 24 mil personas han sido beneficiadas con el Copago Cero en Ays\u00e9n<\/span><\/strong><\/p>\n<div id=\"gtx-trans\" style=\"position: absolute; left: -50px; top: 4.31534px;\">\n<div class=\"gtx-trans-icon\"><\/div>\n<\/div>\n<\/div><\/section><\/div><\/p>\n<div class=\"flex_column av_one_full  flex_column_div av-zero-column-padding first  avia-builder-el-4  el_after_av_one_full  el_before_av_hr  column-top-margin\" style='border-radius:0px; '><section class=\"av_textblock_section \"  itemscope=\"itemscope\" itemtype=\"https:\/\/schema.org\/BlogPosting\" itemprop=\"blogPost\" ><div class='avia_textblock  '   itemprop=\"text\" ><p style=\"text-align: justify;\">El Presidente Gabriel Boric pone nuevamente a las personas en el centro demostrando su enorme compromiso con la salud p\u00fablica. A tres a\u00f1os de la puesta en marcha del \u201cCopago Cero\u201d, se concreta la gratuidad para los casi 17,1 millones de usuarios de Fonasa en la Modalidad de Atenci\u00f3n Institucional<\/p>\n<p style=\"text-align: justify;\">Esta pol\u00edtica transformadora, ha beneficiado a 1,9 millones de personas con salud p\u00fablica 100% gratuita, con un ahorro total estimado de 370 mil millones de pesos entre septiembre de 2022 y agosto de 2025, con un ahorro promedio de 193 mil pesos por persona beneficiada, permite destinar estos recursos a otras necesidades.<\/p>\n<p style=\"text-align: justify;\">Al respecto, la Seremi de Gobierno se\u00f1al\u00f3: \u201cPorque la salud es un derecho y no un negocio, eliminamos los copagos. Nadie m\u00e1s tendr\u00e1 que endeudarse para atenderse en un hospital p\u00fablico, sin importar la comuna, el tipo de enfermedad o el tratamiento que requiera\u201d.<\/p>\n<p style=\"text-align: justify;\">En una decisi\u00f3n relevante en materia de protecci\u00f3n social, se profundiza el acceso equitativo a la salud, eximiendo del pago por atenciones m\u00e9dicas a las personas afiliadas a Fonasa de los tramos C y D menores de 60 a\u00f1os, sin distinci\u00f3n, lo que ha generado un ahorro en gasto de bolsillo para las y los beneficiarios. Esta medida se suma a la gratuidad ya existente para los tramos A y B, que contaban con atenci\u00f3n sin costo (exceptuando el \u00e1rea dental), y ampl\u00eda este derecho a todas las personas mayores de 60 a\u00f1os, as\u00ed como a quienes pertenecen al grupo B en atenciones dentales. Con esta ampliaci\u00f3n del acceso universal y gratuito a la salud, se fortalece un modelo m\u00e1s justo y solidario, reafirmando el compromiso con una salud p\u00fablica digna y sin discriminaciones.<\/p>\n<p style=\"text-align: justify;\">Por otra parte, la Seremi de Salud, Gloria \u00c1guila destac\u00f3 la importancia del Copago Cero para Ays\u00e9n: \u201cEn nuestra regi\u00f3n, entre septiembre de 2022 y agosto de 2024 m\u00e1s de 24.200 personas han accedido a la gratuidad, 11.410 hombres y 12.688 mujeres\u201d<\/p>\n<p style=\"text-align: justify;\">El Copago Cero cumple tres a\u00f1os, consolid\u00e1ndose como el mayor avance en gratuidad sanitaria de las \u00faltimas d\u00e9cadas. Esta pol\u00edtica ha permitido que el pa\u00eds sea m\u00e1s justo y avance hacia una salud universal, entregando dignidad a millones de chilenas y chilenos. \u201cEste aniversario es la prueba de que gobernamos con hechos: hoy Chile tiene mejor salud, m\u00e1s justicia y m\u00e1s dignidad. Con Copago Cero, aseguramos que nunca m\u00e1s el dinero sea una barrera para cuidar lo m\u00e1s importante: la vida\u201d, concluy\u00f3 la Seremi de Salud.<\/p>\n<p style=\"text-align: justify;\"><strong>\u00a0<\/strong><\/p>\n<\/div><\/section><\/div>\n<div  style='height:50px' class='hr hr-invisible   avia-builder-el-6  el_after_av_one_full  el_before_av_social_share '><span class='hr-inner ' ><span class='hr-inner-style'><\/span><\/span><\/div>\n<div  class='av-social-sharing-box  avia-builder-el-7  el_after_av_hr  el_before_av_hr  '><div class='av-share-box'><h5 class='av-share-link-description av-no-toc '>Compartir esta noticia<\/h5><ul class='av-share-box-list noLightbox'><li class='av-share-link av-social-link-facebook' ><a target=\"_blank\" aria-label=\"Compartir en Facebook\" href='https:\/\/www.facebook.com\/sharer.php?u=https:\/\/radiorevelacionfm.cl\/?p=58768&#038;t=M%C3%A1s%20de%2024%20mil%20personas%20han%20sido%20beneficiadas%20con%20el%20Copago%20Cero%20en%20Ays%C3%A9n' aria-hidden='false' data-av_icon='\ue8f3' data-av_iconfont='entypo-fontello' title='' data-avia-related-tooltip='Compartir en Facebook' rel=\"noopener\"><span class='avia_hidden_link_text'>Compartir en Facebook<\/span><\/a><\/li><li class='av-share-link av-social-link-twitter' ><a target=\"_blank\" aria-label=\"Compartir en Twitter\" href='https:\/\/twitter.com\/share?text=M%C3%A1s%20de%2024%20mil%20personas%20han%20sido%20beneficiadas%20con%20el%20Copago%20Cero%20en%20Ays%C3%A9n&#038;url=https:\/\/radiorevelacionfm.cl\/?p=58768' aria-hidden='false' data-av_icon='\ue8f1' data-av_iconfont='entypo-fontello' title='' data-avia-related-tooltip='Compartir en Twitter' rel=\"noopener\"><span class='avia_hidden_link_text'>Compartir en Twitter<\/span><\/a><\/li><li class='av-share-link av-social-link-whatsapp' ><a target=\"_blank\" aria-label=\"Compartir en Whatsapp\" href='https:\/\/api.whatsapp.com\/send?text=https:\/\/radiorevelacionfm.cl\/?p=58768' aria-hidden='false' data-av_icon='\uf232' data-av_iconfont='entypo-fontello' title='' data-avia-related-tooltip='Compartir en Whatsapp' rel=\"noopener\"><span class='avia_hidden_link_text'>Compartir en Whatsapp<\/span><\/a><\/li><li class='av-share-link av-social-link-linkedin' ><a target=\"_blank\" aria-label=\"Compartir en LinkedIn\" href='https:\/\/linkedin.com\/shareArticle?mini=true&#038;title=M%C3%A1s%20de%2024%20mil%20personas%20han%20sido%20beneficiadas%20con%20el%20Copago%20Cero%20en%20Ays%C3%A9n&#038;url=https:\/\/radiorevelacionfm.cl\/?p=58768' aria-hidden='false' data-av_icon='\ue8fc' data-av_iconfont='entypo-fontello' title='' data-avia-related-tooltip='Compartir en LinkedIn' rel=\"noopener\"><span class='avia_hidden_link_text'>Compartir en LinkedIn<\/span><\/a><\/li><li class='av-share-link av-social-link-mail' ><a  aria-label=\"Compartir por correo\" href='mailto:?subject=M%C3%A1s%20de%2024%20mil%20personas%20han%20sido%20beneficiadas%20con%20el%20Copago%20Cero%20en%20Ays%C3%A9n&#038;body=https:\/\/radiorevelacionfm.cl\/?p=58768' aria-hidden='false' data-av_icon='\ue805' data-av_iconfont='entypo-fontello' title='' data-avia-related-tooltip='Compartir por correo'><span class='avia_hidden_link_text'>Compartir por correo<\/span><\/a><\/li><\/ul><\/div><\/div>\n<div  style='height:50px' class='hr hr-invisible   avia-builder-el-8  el_after_av_social_share  el_before_av_comments_list '><span class='hr-inner ' ><span class='hr-inner-style'><\/span><\/span><\/div>\n<div  class='av-buildercomment  av-blog-meta-html-info-disabled av-blog-meta-tag-disabled  '><\/div>\n","protected":false},"excerpt":{"rendered":"","protected":false},"author":1,"featured_media":58783,"comment_status":"closed","ping_status":"closed","sticky":false,"template":"","format":"standard","meta":{"footnotes":""},"categories":[38],"tags":[],"class_list":["post-58768","post","type-post","status-publish","format-standard","has-post-thumbnail","hentry","category-regional"],"jetpack_featured_media_url":"https:\/\/radiorevelacionfm.cl\/wp-content\/uploads\/2025\/09\/Seremis-Gobierno-y-Salud-1-1.jpeg","_links":{"self":[{"href":"https:\/\/radiorevelacionfm.cl\/index.php?rest_route=\/wp\/v2\/posts\/58768","targetHints":{"allow":["GET"]}}],"collection":[{"href":"https:\/\/radiorevelacionfm.cl\/index.php?rest_route=\/wp\/v2\/posts"}],"about":[{"href":"https:\/\/radiorevelacionfm.cl\/index.php?rest_route=\/wp\/v2\/types\/post"}],"author":[{"embeddable":true,"href":"https:\/\/radiorevelacionfm.cl\/index.php?rest_route=\/wp\/v2\/users\/1"}],"replies":[{"embeddable":true,"href":"https:\/\/radiorevelacionfm.cl\/index.php?rest_route=%2Fwp%2Fv2%2Fcomments&post=58768"}],"version-history":[{"count":3,"href":"https:\/\/radiorevelacionfm.cl\/index.php?rest_route=\/wp\/v2\/posts\/58768\/revisions"}],"predecessor-version":[{"id":58785,"href":"https:\/\/radiorevelacionfm.cl\/index.php?rest_route=\/wp\/v2\/posts\/58768\/revisions\/58785"}],"wp:featuredmedia":[{"embeddable":true,"href":"https:\/\/radiorevelacionfm.cl\/index.php?rest_route=\/wp\/v2\/media\/58783"}],"wp:attachment":[{"href":"https:\/\/radiorevelacionfm.cl\/index.php?rest_route=%2Fwp%2Fv2%2Fmedia&parent=58768"}],"wp:term":[{"taxonomy":"category","embeddable":true,"href":"https:\/\/radiorevelacionfm.cl\/index.php?rest_route=%2Fwp%2Fv2%2Fcategories&post=58768"},{"taxonomy":"post_tag","embeddable":true,"href":"https:\/\/radiorevelacionfm.cl\/index.php?rest_route=%2Fwp%2Fv2%2Ftags&post=58768"}],"curies":[{"name":"wp","href":"https:\/\/api.w.org\/{rel}","templated":true}]}}