{"id":58760,"date":"2025-09-04T17:14:20","date_gmt":"2025-09-04T20:14:20","guid":{"rendered":"https:\/\/radiorevelacionfm.cl\/?p=58760"},"modified":"2025-09-04T17:14:20","modified_gmt":"2025-09-04T20:14:20","slug":"concejal-vera-se-reune-con-la-seremi-de-seguridad-publica-y-solicita-continuidad-de-la-ronda-de-impacto-en-coyhaique","status":"publish","type":"post","link":"https:\/\/radiorevelacionfm.cl\/?p=58760","title":{"rendered":"Concejal Vera se re\u00fane con la seremi de Seguridad P\u00fablica y solicita continuidad de la \u201cronda de impacto\u201d en Coyhaique"},"content":{"rendered":"<div class=\"flex_column av_one_full  flex_column_div av-zero-column-padding first  avia-builder-el-0  el_before_av_one_full  avia-builder-el-first  \" style='border-radius:0px; '><div  class='avia-image-container  av-styling-    avia-builder-el-1  avia-builder-el-no-sibling  avia-align-center '  itemprop=\"image\" itemscope=\"itemscope\" itemtype=\"https:\/\/schema.org\/ImageObject\"  ><div class='avia-image-container-inner'><div class='avia-image-overlay-wrap'><img decoding=\"async\" class='wp-image-58761 avia-img-lazy-loading-not-58761 avia_image' src=\"https:\/\/radiorevelacionfm.cl\/wp-content\/uploads\/2025\/09\/seremi-de-seguridad-y-concejal-vera-1_optimized-1.jpeg\" alt='' title='seremi-de-seguridad-y-concejal-vera-(1)_optimized (1)' height=\"600\" width=\"800\"  itemprop=\"thumbnailUrl\" srcset=\"https:\/\/radiorevelacionfm.cl\/wp-content\/uploads\/2025\/09\/seremi-de-seguridad-y-concejal-vera-1_optimized-1.jpeg 800w, https:\/\/radiorevelacionfm.cl\/wp-content\/uploads\/2025\/09\/seremi-de-seguridad-y-concejal-vera-1_optimized-1-300x225.jpeg 300w, https:\/\/radiorevelacionfm.cl\/wp-content\/uploads\/2025\/09\/seremi-de-seguridad-y-concejal-vera-1_optimized-1-768x576.jpeg 768w, https:\/\/radiorevelacionfm.cl\/wp-content\/uploads\/2025\/09\/seremi-de-seguridad-y-concejal-vera-1_optimized-1-705x529.jpeg 705w, https:\/\/radiorevelacionfm.cl\/wp-content\/uploads\/2025\/09\/seremi-de-seguridad-y-concejal-vera-1_optimized-1-450x338.jpeg 450w, https:\/\/radiorevelacionfm.cl\/wp-content\/uploads\/2025\/09\/seremi-de-seguridad-y-concejal-vera-1_optimized-1-600x450.jpeg 600w\" sizes=\"(max-width: 800px) 100vw, 800px\" \/><\/div><\/div><\/div><\/div><div class=\"flex_column av_one_full  flex_column_div av-zero-column-padding first  avia-builder-el-2  el_after_av_one_full  el_before_av_one_full  column-top-margin\" style='border-radius:0px; '><section class=\"av_textblock_section \"  itemscope=\"itemscope\" itemtype=\"https:\/\/schema.org\/BlogPosting\" itemprop=\"blogPost\" ><div class='avia_textblock  '   itemprop=\"text\" ><p style=\"text-align: center;\"><strong><span style=\"font-size: 18pt;\">Concejal Vera se re\u00fane con la seremi de Seguridad P\u00fablica y solicita continuidad de la \u201cronda de impacto\u201d en Coyhaique<\/span><\/strong><\/p>\n<div id=\"gtx-trans\" style=\"position: absolute; left: -50px; top: 4.31534px;\">\n<div class=\"gtx-trans-icon\"><\/div>\n<\/div>\n<\/div><\/section><\/div><div class=\"flex_column av_one_full  flex_column_div av-zero-column-padding first  avia-builder-el-4  el_after_av_one_full  el_before_av_hr  column-top-margin\" style='border-radius:0px; '><section class=\"av_textblock_section \"  itemscope=\"itemscope\" itemtype=\"https:\/\/schema.org\/BlogPosting\" itemprop=\"blogPost\" ><div class='avia_textblock  '   itemprop=\"text\" ><p style=\"text-align: justify;\">El concejal de Coyhaique y presidente de la Comisi\u00f3n de Seguridad del Concejo Municipal, Sebasti\u00e1n Vera, sostuvo una reuni\u00f3n de trabajo con la seremi de Seguridad P\u00fablica de la Regi\u00f3n de Ays\u00e9n, Ruth Vallejos, con el objetivo de revisar las acciones en curso y proyectar nuevas medidas en materia de seguridad para la comuna.<\/p>\n<p style=\"text-align: justify;\">En la cita, el concejal Vera plante\u00f3 la necesidad de dar continuidad a la Ronda de Impacto, operativo conjunto que realizan Carabineros de Chile y la Polic\u00eda de Investigaciones (PDI) en coordinaci\u00f3n con el Ministerio de Seguridad P\u00fablica. Esta medida ha permitido detectar irregularidades, reforzar la presencia policial y contribuir a la recuperaci\u00f3n de espacios p\u00fablicos en distintos sectores de Coyhaique.<\/p>\n<p style=\"text-align: justify;\">\u201cNuestra prioridad es que las personas se sientan seguras en sus barrios. Necesitamos recuperar los espacios p\u00fablicos para las familias, para los ni\u00f1os y para los adultos mayores. La Ronda de Impacto ha demostrado ser una buena medida y creemos que debe repetirse con frecuencia en la comuna\u201d, afirm\u00f3 el concejal.<\/p>\n<p style=\"text-align: justify;\">Durante el encuentro, tambi\u00e9n se revisaron proyectos de seguridad que se est\u00e1n desarrollando en coordinaci\u00f3n con el municipio, los que apuntan a mejorar la prevenci\u00f3n del delito y fortalecer la labor comunitaria en los barrios.<\/p>\n<p style=\"text-align: justify;\">Vera destac\u00f3 que su rol como concejal no solo se centra en la fiscalizaci\u00f3n, sino tambi\u00e9n en la coordinaci\u00f3n entre instituciones y en generar puentes de trabajo con el municipio para responder a una de las principales preocupaciones de la ciudadan\u00eda: la seguridad.<\/p>\n<p style=\"text-align: justify;\">Finalmente, el concejal reiter\u00f3 su compromiso de seguir impulsando iniciativas que entreguen mayor tranquilidad a los vecinos y vecinas de Coyhaique, destacando que la seguridad ciudadana debe ser una prioridad permanente en la agenda local.<\/p>\n<\/div><\/section><\/div><div  style='height:50px' class='hr hr-invisible   avia-builder-el-6  el_after_av_one_full  el_before_av_social_share '><span class='hr-inner ' ><span class='hr-inner-style'><\/span><\/span><\/div><\/p>\n<div  class='av-social-sharing-box  avia-builder-el-7  el_after_av_hr  el_before_av_hr  '><div class='av-share-box'><h5 class='av-share-link-description av-no-toc '>Compartir esta noticia<\/h5><ul class='av-share-box-list noLightbox'><li class='av-share-link av-social-link-facebook' ><a target=\"_blank\" aria-label=\"Compartir en Facebook\" href='https:\/\/www.facebook.com\/sharer.php?u=https:\/\/radiorevelacionfm.cl\/?p=58760&#038;t=Concejal%20Vera%20se%20re%C3%BAne%20con%20la%20seremi%20de%20Seguridad%20P%C3%BAblica%20y%20solicita%20continuidad%20de%20la%20%E2%80%9Cronda%20de%20impacto%E2%80%9D%20en%20Coyhaique' aria-hidden='false' data-av_icon='\ue8f3' data-av_iconfont='entypo-fontello' title='' data-avia-related-tooltip='Compartir en Facebook' rel=\"noopener\"><span class='avia_hidden_link_text'>Compartir en Facebook<\/span><\/a><\/li><li class='av-share-link av-social-link-twitter' ><a target=\"_blank\" aria-label=\"Compartir en Twitter\" href='https:\/\/twitter.com\/share?text=Concejal%20Vera%20se%20re%C3%BAne%20con%20la%20seremi%20de%20Seguridad%20P%C3%BAblica%20y%20solicita%20continuidad%20de%20la%20%E2%80%9Cronda%20de%20impacto%E2%80%9D%20en%20Coyhaique&#038;url=https:\/\/radiorevelacionfm.cl\/?p=58760' aria-hidden='false' data-av_icon='\ue8f1' data-av_iconfont='entypo-fontello' title='' data-avia-related-tooltip='Compartir en Twitter' rel=\"noopener\"><span class='avia_hidden_link_text'>Compartir en Twitter<\/span><\/a><\/li><li class='av-share-link av-social-link-whatsapp' ><a target=\"_blank\" aria-label=\"Compartir en Whatsapp\" href='https:\/\/api.whatsapp.com\/send?text=https:\/\/radiorevelacionfm.cl\/?p=58760' aria-hidden='false' data-av_icon='\uf232' data-av_iconfont='entypo-fontello' title='' data-avia-related-tooltip='Compartir en Whatsapp' rel=\"noopener\"><span class='avia_hidden_link_text'>Compartir en Whatsapp<\/span><\/a><\/li><li class='av-share-link av-social-link-linkedin' ><a target=\"_blank\" aria-label=\"Compartir en LinkedIn\" href='https:\/\/linkedin.com\/shareArticle?mini=true&#038;title=Concejal%20Vera%20se%20re%C3%BAne%20con%20la%20seremi%20de%20Seguridad%20P%C3%BAblica%20y%20solicita%20continuidad%20de%20la%20%E2%80%9Cronda%20de%20impacto%E2%80%9D%20en%20Coyhaique&#038;url=https:\/\/radiorevelacionfm.cl\/?p=58760' aria-hidden='false' data-av_icon='\ue8fc' data-av_iconfont='entypo-fontello' title='' data-avia-related-tooltip='Compartir en LinkedIn' rel=\"noopener\"><span class='avia_hidden_link_text'>Compartir en LinkedIn<\/span><\/a><\/li><li class='av-share-link av-social-link-mail' ><a  aria-label=\"Compartir por correo\" href='mailto:?subject=Concejal%20Vera%20se%20re%C3%BAne%20con%20la%20seremi%20de%20Seguridad%20P%C3%BAblica%20y%20solicita%20continuidad%20de%20la%20%E2%80%9Cronda%20de%20impacto%E2%80%9D%20en%20Coyhaique&#038;body=https:\/\/radiorevelacionfm.cl\/?p=58760' aria-hidden='false' data-av_icon='\ue805' data-av_iconfont='entypo-fontello' title='' data-avia-related-tooltip='Compartir por correo'><span class='avia_hidden_link_text'>Compartir por correo<\/span><\/a><\/li><\/ul><\/div><\/div>\n<div  style='height:50px' class='hr hr-invisible   avia-builder-el-8  el_after_av_social_share  el_before_av_comments_list '><span class='hr-inner ' ><span class='hr-inner-style'><\/span><\/span><\/div>\n<div  class='av-buildercomment  av-blog-meta-html-info-disabled av-blog-meta-tag-disabled  '><\/div>\n","protected":false},"excerpt":{"rendered":"","protected":false},"author":1,"featured_media":58761,"comment_status":"closed","ping_status":"closed","sticky":false,"template":"","format":"standard","meta":{"footnotes":""},"categories":[38],"tags":[],"class_list":["post-58760","post","type-post","status-publish","format-standard","has-post-thumbnail","hentry","category-regional"],"jetpack_featured_media_url":"https:\/\/radiorevelacionfm.cl\/wp-content\/uploads\/2025\/09\/seremi-de-seguridad-y-concejal-vera-1_optimized-1.jpeg","_links":{"self":[{"href":"https:\/\/radiorevelacionfm.cl\/index.php?rest_route=\/wp\/v2\/posts\/58760","targetHints":{"allow":["GET"]}}],"collection":[{"href":"https:\/\/radiorevelacionfm.cl\/index.php?rest_route=\/wp\/v2\/posts"}],"about":[{"href":"https:\/\/radiorevelacionfm.cl\/index.php?rest_route=\/wp\/v2\/types\/post"}],"author":[{"embeddable":true,"href":"https:\/\/radiorevelacionfm.cl\/index.php?rest_route=\/wp\/v2\/users\/1"}],"replies":[{"embeddable":true,"href":"https:\/\/radiorevelacionfm.cl\/index.php?rest_route=%2Fwp%2Fv2%2Fcomments&post=58760"}],"version-history":[{"count":2,"href":"https:\/\/radiorevelacionfm.cl\/index.php?rest_route=\/wp\/v2\/posts\/58760\/revisions"}],"predecessor-version":[{"id":58763,"href":"https:\/\/radiorevelacionfm.cl\/index.php?rest_route=\/wp\/v2\/posts\/58760\/revisions\/58763"}],"wp:featuredmedia":[{"embeddable":true,"href":"https:\/\/radiorevelacionfm.cl\/index.php?rest_route=\/wp\/v2\/media\/58761"}],"wp:attachment":[{"href":"https:\/\/radiorevelacionfm.cl\/index.php?rest_route=%2Fwp%2Fv2%2Fmedia&parent=58760"}],"wp:term":[{"taxonomy":"category","embeddable":true,"href":"https:\/\/radiorevelacionfm.cl\/index.php?rest_route=%2Fwp%2Fv2%2Fcategories&post=58760"},{"taxonomy":"post_tag","embeddable":true,"href":"https:\/\/radiorevelacionfm.cl\/index.php?rest_route=%2Fwp%2Fv2%2Ftags&post=58760"}],"curies":[{"name":"wp","href":"https:\/\/api.w.org\/{rel}","templated":true}]}}