{"id":58757,"date":"2025-09-04T20:06:47","date_gmt":"2025-09-04T23:06:47","guid":{"rendered":"https:\/\/radiorevelacionfm.cl\/?p=58757"},"modified":"2025-09-04T20:06:47","modified_gmt":"2025-09-04T23:06:47","slug":"autoridades-regionales-visitaron-la-escuela-rural-de-villa-la-tapera","status":"publish","type":"post","link":"https:\/\/radiorevelacionfm.cl\/?p=58757","title":{"rendered":"Autoridades regionales visitaron la Escuela Rural de Villa la Tapera"},"content":{"rendered":"<div class=\"flex_column av_one_full  flex_column_div av-zero-column-padding first  avia-builder-el-0  el_before_av_one_full  avia-builder-el-first  \" style='border-radius:0px; '><div  class='avia-image-container  av-styling-    avia-builder-el-1  avia-builder-el-no-sibling  avia-align-center '  itemprop=\"image\" itemscope=\"itemscope\" itemtype=\"https:\/\/schema.org\/ImageObject\"  ><div class='avia-image-container-inner'><div class='avia-image-overlay-wrap'><img decoding=\"async\" class='wp-image-58758 avia-img-lazy-loading-not-58758 avia_image' src=\"https:\/\/radiorevelacionfm.cl\/wp-content\/uploads\/2025\/09\/la-tapera-1-1_optimized.jpeg\" alt='' title='la-tapera-1-(1)_optimized' height=\"600\" width=\"800\"  itemprop=\"thumbnailUrl\" srcset=\"https:\/\/radiorevelacionfm.cl\/wp-content\/uploads\/2025\/09\/la-tapera-1-1_optimized.jpeg 800w, https:\/\/radiorevelacionfm.cl\/wp-content\/uploads\/2025\/09\/la-tapera-1-1_optimized-300x225.jpeg 300w, https:\/\/radiorevelacionfm.cl\/wp-content\/uploads\/2025\/09\/la-tapera-1-1_optimized-768x576.jpeg 768w, https:\/\/radiorevelacionfm.cl\/wp-content\/uploads\/2025\/09\/la-tapera-1-1_optimized-705x529.jpeg 705w, https:\/\/radiorevelacionfm.cl\/wp-content\/uploads\/2025\/09\/la-tapera-1-1_optimized-450x338.jpeg 450w, https:\/\/radiorevelacionfm.cl\/wp-content\/uploads\/2025\/09\/la-tapera-1-1_optimized-600x450.jpeg 600w\" sizes=\"(max-width: 800px) 100vw, 800px\" \/><\/div><\/div><\/div><\/div><div class=\"flex_column av_one_full  flex_column_div av-zero-column-padding first  avia-builder-el-2  el_after_av_one_full  el_before_av_one_full  column-top-margin\" style='border-radius:0px; '><section class=\"av_textblock_section \"  itemscope=\"itemscope\" itemtype=\"https:\/\/schema.org\/BlogPosting\" itemprop=\"blogPost\" ><div class='avia_textblock  '   itemprop=\"text\" ><p style=\"text-align: center;\"><strong><span style=\"font-size: 18pt;\">Autoridades regionales visitaron la Escuela Rural de Villa la Tapera<\/span><\/strong><\/p>\n<div id=\"gtx-trans\" style=\"position: absolute; left: -50px; top: 4.31534px;\">\n<div class=\"gtx-trans-icon\"><\/div>\n<\/div>\n<\/div><\/section><\/div><div class=\"flex_column av_one_full  flex_column_div av-zero-column-padding first  avia-builder-el-4  el_after_av_one_full  el_before_av_hr  column-top-margin\" style='border-radius:0px; '><section class=\"av_textblock_section \"  itemscope=\"itemscope\" itemtype=\"https:\/\/schema.org\/BlogPosting\" itemprop=\"blogPost\" ><div class='avia_textblock  '   itemprop=\"text\" ><p style=\"font-weight: 400; text-align: justify;\"><strong><em>En di\u00e1logo con los estudiantes y profesores del plantel, las autoridades destacaron que en la regi\u00f3n de Ays\u00e9n est\u00e1 asegurada la trayectoria educativa desde el nivel parvulario hasta la formaci\u00f3n superior t\u00e9cnica y universitaria.<\/em><\/strong><\/p>\n<p style=\"font-weight: 400; text-align: justify;\">En el marco de jornada de\u00a0<a href=\"https:\/\/www.facebook.com\/hashtag\/gobiernoenterreno?__eep__=6&amp;__cft__%5b0%5d=AZVgfUEGLa0uOTVsehDjcX6JEsNd_Cd0C7BI8zWcIny6MjPUrH9MpOrh-mSzL0L3TAt87t5MClQM9h3J9T2UQA9DOcDE0ga2VqX1fVXs4Ch7tWlO8QoKLSLmv58cG0E1CyLxCihmi6Qz78ClMA7SIGn_YPSsdLoc205rkggIS-0GT6Dp45q2poEXmexuU-oF3cs&amp;__tn__=*NK-R\" data-saferedirecturl=\"https:\/\/www.google.com\/url?q=https:\/\/www.facebook.com\/hashtag\/gobiernoenterreno?__eep__%3D6%26__cft__%255b0%255d%3DAZVgfUEGLa0uOTVsehDjcX6JEsNd_Cd0C7BI8zWcIny6MjPUrH9MpOrh-mSzL0L3TAt87t5MClQM9h3J9T2UQA9DOcDE0ga2VqX1fVXs4Ch7tWlO8QoKLSLmv58cG0E1CyLxCihmi6Qz78ClMA7SIGn_YPSsdLoc205rkggIS-0GT6Dp45q2poEXmexuU-oF3cs%26__tn__%3D*NK-R&amp;source=gmail&amp;ust=1757098028592000&amp;usg=AOvVaw3Hv8l84azKlme1MvUrVFZR\">Gobierno En Terreno<\/a>\u00a0en la localidad de Villa La Tapera, comuna de Lago Verde la Seremi Katherine Miqueles visit\u00f3 la Escuela Rural con Internado La Tapera junto al Delegado Presidencial Jorge D\u00edaz Guzm\u00e1n y los encargados de Infraestructura de la SECREDUC Ays\u00e9n Claudio Rivera y del Servicio Local de Educaci\u00f3n P\u00fablica de Ays\u00e9n\u00a0Miguel \u00c1ngel Rodr\u00edguez.<\/p>\n<p style=\"font-weight: 400; text-align: justify;\">En la biblioteca CRA del establecimiento, las autoridades saludaron a los docentes y estudiantes, oportunidad en la que el delegado presidencial Jorge D\u00edaz Guzm\u00e1n se\u00f1al\u00f3 a las y los alumnos que \u201cHoy la regi\u00f3n de Ays\u00e9n cuenta con oferta educativa desde la educaci\u00f3n parvularia hasta la educaci\u00f3n superior de modo que una o un estudiante de La Tapera puede realizar todos sus estudios en la regi\u00f3n si es que as\u00ed lo quiere y cuenta adem\u00e1s con los apoyos necesarios por parte del Estado para que ello sea posible\u201d.<\/p>\n<p style=\"font-weight: 400; text-align: justify;\">Posteriormente, en un recorrido por distintas dependencias del establecimiento se constat\u00f3 el buen funcionamiento del proyecto de conservaci\u00f3n ejecutado, el cual se centr\u00f3 principalmente en el recambio de la cubierta y la mejora de la envolvente t\u00e9rmica, elevando de manera significativa las condiciones para el desarrollo del proyecto educativo.<\/p>\n<p style=\"font-weight: 400; text-align: justify;\">Asimismo, se evidenci\u00f3 el trabajo colaborativo y virtuoso entre el establecimiento, la Municipalidad y la comunidad, en torno al uso de un recinto tan relevante como el gimnasio. Esta sala de uso m\u00faltiple, perteneciente al establecimiento ha podido ampliar su prop\u00f3sito gracias a un convenio de colaboraci\u00f3n con la Municipalidad, lo que ha permitido extender su utilizaci\u00f3n para el desarrollo de actividades deportivas y culturales en beneficio de los habitantes de la localidad.<\/p>\n<p style=\"font-weight: 400; text-align: justify;\">Concluida la visita, la docente encargada Alba Standen se refiri\u00f3 al proyecto educativo de la escuela y agradeci\u00f3 la visita de las autoridades.<\/p>\n<p style=\"font-weight: 400; text-align: justify;\">\u201cNuestra infraestructura est\u00e1 muy bien, nuestra escuela est\u00e1 bonita y calientita. Estamos insertos en una comunidad muy amable y estamos formando a nuestras y nuestros alumnos como seres humanos integrales que puedan salir al mundo no solo con contenido pedag\u00f3gico sino con una formaci\u00f3n completa. Estamos agradecidos de esta visita de las autoridades y nos sentimos considerados como escuela\u201d.<\/p>\n<p style=\"font-weight: 400; text-align: justify;\">En tanto la Seremi Katherine Miqueles afirm\u00f3 que: \u201cHoy en el marco de una jornada de Gobierno en Terreno junto al delegado presidencia y un representante del Slep Ays\u00e9n visitamos la Escuela Rural con Internado de la Tapera. Dialogamos con la comunidad educativa y con su directora acerca de los avances y desaf\u00edos que enfrentan com\u00fan unidad educativa. El gran desaf\u00edo que enfrentamos como regi\u00f3n hoy es la asistencia a clases, necesitamos mejorar como regi\u00f3n en ese \u00edtem. A la escuela no solo se aprenden contenidos, sino que tambi\u00e9n se aprende a convivir. Junto al delegado les hemos comentado a los ni\u00f1os que hoy est\u00e1 asegurada la trayectoria educativa en nuestra regi\u00f3n desde la sala cuna a la universidad. Estamos muy contentos con esta visita en terreno\u201d.<\/p>\n<\/div><\/section><\/div><div  style='height:50px' class='hr hr-invisible   avia-builder-el-6  el_after_av_one_full  el_before_av_social_share '><span class='hr-inner ' ><span class='hr-inner-style'><\/span><\/span><\/div><\/p>\n<div  class='av-social-sharing-box  avia-builder-el-7  el_after_av_hr  el_before_av_hr  '><div class='av-share-box'><h5 class='av-share-link-description av-no-toc '>Compartir esta noticia<\/h5><ul class='av-share-box-list noLightbox'><li class='av-share-link av-social-link-facebook' ><a target=\"_blank\" aria-label=\"Compartir en Facebook\" href='https:\/\/www.facebook.com\/sharer.php?u=https:\/\/radiorevelacionfm.cl\/?p=58757&#038;t=Autoridades%20regionales%20visitaron%20la%20Escuela%20Rural%20de%20Villa%20la%20Tapera' aria-hidden='false' data-av_icon='\ue8f3' data-av_iconfont='entypo-fontello' title='' data-avia-related-tooltip='Compartir en Facebook' rel=\"noopener\"><span class='avia_hidden_link_text'>Compartir en Facebook<\/span><\/a><\/li><li class='av-share-link av-social-link-twitter' ><a target=\"_blank\" aria-label=\"Compartir en Twitter\" href='https:\/\/twitter.com\/share?text=Autoridades%20regionales%20visitaron%20la%20Escuela%20Rural%20de%20Villa%20la%20Tapera&#038;url=https:\/\/radiorevelacionfm.cl\/?p=58757' aria-hidden='false' data-av_icon='\ue8f1' data-av_iconfont='entypo-fontello' title='' data-avia-related-tooltip='Compartir en Twitter' rel=\"noopener\"><span class='avia_hidden_link_text'>Compartir en Twitter<\/span><\/a><\/li><li class='av-share-link av-social-link-whatsapp' ><a target=\"_blank\" aria-label=\"Compartir en Whatsapp\" href='https:\/\/api.whatsapp.com\/send?text=https:\/\/radiorevelacionfm.cl\/?p=58757' aria-hidden='false' data-av_icon='\uf232' data-av_iconfont='entypo-fontello' title='' data-avia-related-tooltip='Compartir en Whatsapp' rel=\"noopener\"><span class='avia_hidden_link_text'>Compartir en Whatsapp<\/span><\/a><\/li><li class='av-share-link av-social-link-linkedin' ><a target=\"_blank\" aria-label=\"Compartir en LinkedIn\" href='https:\/\/linkedin.com\/shareArticle?mini=true&#038;title=Autoridades%20regionales%20visitaron%20la%20Escuela%20Rural%20de%20Villa%20la%20Tapera&#038;url=https:\/\/radiorevelacionfm.cl\/?p=58757' aria-hidden='false' data-av_icon='\ue8fc' data-av_iconfont='entypo-fontello' title='' data-avia-related-tooltip='Compartir en LinkedIn' rel=\"noopener\"><span class='avia_hidden_link_text'>Compartir en LinkedIn<\/span><\/a><\/li><li class='av-share-link av-social-link-mail' ><a  aria-label=\"Compartir por correo\" href='mailto:?subject=Autoridades%20regionales%20visitaron%20la%20Escuela%20Rural%20de%20Villa%20la%20Tapera&#038;body=https:\/\/radiorevelacionfm.cl\/?p=58757' aria-hidden='false' data-av_icon='\ue805' data-av_iconfont='entypo-fontello' title='' data-avia-related-tooltip='Compartir por correo'><span class='avia_hidden_link_text'>Compartir por correo<\/span><\/a><\/li><\/ul><\/div><\/div>\n<div  style='height:50px' class='hr hr-invisible   avia-builder-el-8  el_after_av_social_share  el_before_av_comments_list '><span class='hr-inner ' ><span class='hr-inner-style'><\/span><\/span><\/div>\n<div  class='av-buildercomment  av-blog-meta-html-info-disabled av-blog-meta-tag-disabled  '><\/div>\n","protected":false},"excerpt":{"rendered":"","protected":false},"author":1,"featured_media":58758,"comment_status":"closed","ping_status":"closed","sticky":false,"template":"","format":"standard","meta":{"footnotes":""},"categories":[49],"tags":[],"class_list":["post-58757","post","type-post","status-publish","format-standard","has-post-thumbnail","hentry","category-educacion"],"jetpack_featured_media_url":"https:\/\/radiorevelacionfm.cl\/wp-content\/uploads\/2025\/09\/la-tapera-1-1_optimized.jpeg","_links":{"self":[{"href":"https:\/\/radiorevelacionfm.cl\/index.php?rest_route=\/wp\/v2\/posts\/58757","targetHints":{"allow":["GET"]}}],"collection":[{"href":"https:\/\/radiorevelacionfm.cl\/index.php?rest_route=\/wp\/v2\/posts"}],"about":[{"href":"https:\/\/radiorevelacionfm.cl\/index.php?rest_route=\/wp\/v2\/types\/post"}],"author":[{"embeddable":true,"href":"https:\/\/radiorevelacionfm.cl\/index.php?rest_route=\/wp\/v2\/users\/1"}],"replies":[{"embeddable":true,"href":"https:\/\/radiorevelacionfm.cl\/index.php?rest_route=%2Fwp%2Fv2%2Fcomments&post=58757"}],"version-history":[{"count":2,"href":"https:\/\/radiorevelacionfm.cl\/index.php?rest_route=\/wp\/v2\/posts\/58757\/revisions"}],"predecessor-version":[{"id":58776,"href":"https:\/\/radiorevelacionfm.cl\/index.php?rest_route=\/wp\/v2\/posts\/58757\/revisions\/58776"}],"wp:featuredmedia":[{"embeddable":true,"href":"https:\/\/radiorevelacionfm.cl\/index.php?rest_route=\/wp\/v2\/media\/58758"}],"wp:attachment":[{"href":"https:\/\/radiorevelacionfm.cl\/index.php?rest_route=%2Fwp%2Fv2%2Fmedia&parent=58757"}],"wp:term":[{"taxonomy":"category","embeddable":true,"href":"https:\/\/radiorevelacionfm.cl\/index.php?rest_route=%2Fwp%2Fv2%2Fcategories&post=58757"},{"taxonomy":"post_tag","embeddable":true,"href":"https:\/\/radiorevelacionfm.cl\/index.php?rest_route=%2Fwp%2Fv2%2Ftags&post=58757"}],"curies":[{"name":"wp","href":"https:\/\/api.w.org\/{rel}","templated":true}]}}