{"id":58752,"date":"2025-09-04T16:53:20","date_gmt":"2025-09-04T19:53:20","guid":{"rendered":"https:\/\/radiorevelacionfm.cl\/?p=58752"},"modified":"2025-09-04T16:54:26","modified_gmt":"2025-09-04T19:54:26","slug":"alta-participacion-se-desarrollo-el-programa-gobierno-en-terreno-en-localidades-de-la-tapera-y-villa-amengual","status":"publish","type":"post","link":"https:\/\/radiorevelacionfm.cl\/?p=58752","title":{"rendered":"Con alta participaci\u00f3n se desarroll\u00f3 el Programa Gobierno en Terreno en localidades de La Tapera y Villa Amengual"},"content":{"rendered":"<div class=\"flex_column av_one_full  flex_column_div av-zero-column-padding first  avia-builder-el-0  el_before_av_one_full  avia-builder-el-first  \" style='border-radius:0px; '><div  class='avia-image-container  av-styling-    avia-builder-el-1  avia-builder-el-no-sibling  avia-align-center '  itemprop=\"image\" itemscope=\"itemscope\" itemtype=\"https:\/\/schema.org\/ImageObject\"  ><div class='avia-image-container-inner'><div class='avia-image-overlay-wrap'><img decoding=\"async\" class='wp-image-58753 avia-img-lazy-loading-not-58753 avia_image' src=\"https:\/\/radiorevelacionfm.cl\/wp-content\/uploads\/2025\/09\/img_5712-1_optimized.jpg\" alt='' title='img_5712-(1)_optimized' height=\"600\" width=\"800\"  itemprop=\"thumbnailUrl\" srcset=\"https:\/\/radiorevelacionfm.cl\/wp-content\/uploads\/2025\/09\/img_5712-1_optimized.jpg 800w, https:\/\/radiorevelacionfm.cl\/wp-content\/uploads\/2025\/09\/img_5712-1_optimized-300x225.jpg 300w, https:\/\/radiorevelacionfm.cl\/wp-content\/uploads\/2025\/09\/img_5712-1_optimized-768x576.jpg 768w, https:\/\/radiorevelacionfm.cl\/wp-content\/uploads\/2025\/09\/img_5712-1_optimized-705x529.jpg 705w, https:\/\/radiorevelacionfm.cl\/wp-content\/uploads\/2025\/09\/img_5712-1_optimized-450x338.jpg 450w, https:\/\/radiorevelacionfm.cl\/wp-content\/uploads\/2025\/09\/img_5712-1_optimized-600x450.jpg 600w\" sizes=\"(max-width: 800px) 100vw, 800px\" \/><\/div><\/div><\/div><\/div>\n<div class=\"flex_column av_one_full  flex_column_div av-zero-column-padding first  avia-builder-el-2  el_after_av_one_full  el_before_av_one_full  column-top-margin\" style='border-radius:0px; '><section class=\"av_textblock_section \"  itemscope=\"itemscope\" itemtype=\"https:\/\/schema.org\/BlogPosting\" itemprop=\"blogPost\" ><div class='avia_textblock  '   itemprop=\"text\" ><p style=\"text-align: center;\"><strong><span style=\"font-size: 18pt;\">Con alta participaci\u00f3n se desarroll\u00f3 el Programa Gobierno en Terreno en localidades de La Tapera y Villa Amengual<\/span><\/strong><\/p>\n<div id=\"gtx-trans\" style=\"position: absolute; left: -50px; top: 4.31534px;\">\n<div class=\"gtx-trans-icon\"><\/div>\n<\/div>\n<\/div><\/section><\/div><div class=\"flex_column av_one_full  flex_column_div av-zero-column-padding first  avia-builder-el-4  el_after_av_one_full  el_before_av_hr  column-top-margin\" style='border-radius:0px; '><section class=\"av_textblock_section \"  itemscope=\"itemscope\" itemtype=\"https:\/\/schema.org\/BlogPosting\" itemprop=\"blogPost\" ><div class='avia_textblock  '   itemprop=\"text\" ><p style=\"font-weight: 400; text-align: justify;\">Con la participaci\u00f3n de dirigentes organizacionales y numerosos vecinos y vecinas, en las localidades de La Tapera y Amengual se desarrollaron este mi\u00e9rcoles ferias de servicios p\u00fablicos, enmarcadas en el programa Gobierno en Terreno.<\/p>\n<p style=\"font-weight: 400; text-align: justify;\">Las actividades fueron encabezados por el Delegado Presidencial Regional, Jorge D\u00edaz Guzm\u00e1n, y la alcaldesa de Lago Verde, Claudia Vald\u00e9s, quienes destacaron la importancia de la atenci\u00f3n directa de las instituciones, para acercar informaci\u00f3n relevante sobre pol\u00edticas p\u00fablicas vigentes, facilitar la realizaci\u00f3n de tr\u00e1mites fundamentales y responder las inquietudes de la comunidad.<\/p>\n<p style=\"font-weight: 400; text-align: justify;\">\u201cNos hemos reunido con muchos vecinos y vecinas, firmamos el inicio de las obras del nuevo sistema sanitario rural, con m\u00e1s de 3.200 millones de pesos para La Tapera. Estuvimos con los alumnos de la escuela, en la posta, en la casa de la comunidad y con la se\u00f1ora Valdramina Carrillo, pionera de La Tapera con m\u00e1s de 96 a\u00f1os, a quien vinimos a contarles la buena nueva de la Pensi\u00f3n Garantizada Universal. Tambi\u00e9n estuvimos con los adultos mayores de la localidad a quienes les informamos de todo cuanto est\u00e1 ocurriendo en el mes de septiembre, el mes de la patria\u201d, indic\u00f3 el Delegado Jorge D\u00edaz Guzm\u00e1n.<\/p>\n<p style=\"font-weight: 400; text-align: justify;\">En tanto la alcaldesa Claudia Vald\u00e9s remarc\u00f3 que \u201cpara nosotros como municipio, es muy importante contar con la presencia tanto de los servicios p\u00fablicos como de los vecinos, porque esta comuna est\u00e1 m\u00e1s apartada y requiere una atenci\u00f3n m\u00e1s focalizada\u201d.<\/p>\n<p style=\"font-weight: 400; text-align: justify;\">Carla Hern\u00e1ndez, presidenta de la junta vecinal de La Tapera, destac\u00f3 la instancia.<\/p>\n<p style=\"font-weight: 400; text-align: justify;\">\u201cMuy contenta, porque se pudieron organizar bien todas las personas que pudieron venir hoy d\u00eda, muy contentos por el desarrollo que se est\u00e1 generando en nuestra localidad, agradecida del equipo que viene y que representa lo que nosotros queremos abarcar como comunidad. Tener todas estas instituciones nos ayuda a engrandecer nuestra localidad y decir que estamos presente en traer este desarrollo local\u201d, coment\u00f3.<\/p>\n<p style=\"font-weight: 400; text-align: justify;\">Entre los servicios presentes en villas La Tapera y Amengual estuvieron equipos de las seremis de Educaci\u00f3n, Agricultura, Justicia y Derechos Humanos, Gobierno y Bienes Nacionales, Direcci\u00f3n de Obras Hidr\u00e1ulicas del MOP, Servicio de Salud, Registro Civil, SAG y SLEP.<\/p>\n<p style=\"font-weight: 400; text-align: justify;\">Gobierno en Terreno es una instancia de participaci\u00f3n ciudadana, dirigida a comunicar a las personas las distintas medidas que est\u00e1 aplicando el Gobierno y realizar el levantamiento de necesidades que existen en las comunidades.<\/p>\n<p style=\"font-weight: 400; text-align: justify;\">Para su ejecuci\u00f3n se utiliza un modelo de comunicaci\u00f3n institucional pro-ciudadan\u00eda, promoviendo el ejercicio del derecho de acceder a la informaci\u00f3n por parte de las personas, as\u00ed como tambi\u00e9n por instituciones y servicios p\u00fablicos mediante una respuesta oportuna, certera y eficaz, como por parte de las instituciones y servicios p\u00fablicos.<\/p>\n<\/div><\/section><\/div><\/p>\n<div  style='height:50px' class='hr hr-invisible   avia-builder-el-6  el_after_av_one_full  el_before_av_social_share '><span class='hr-inner ' ><span class='hr-inner-style'><\/span><\/span><\/div>\n<div  class='av-social-sharing-box  avia-builder-el-7  el_after_av_hr  el_before_av_hr  '><div class='av-share-box'><h5 class='av-share-link-description av-no-toc '>Compartir esta noticia<\/h5><ul class='av-share-box-list noLightbox'><li class='av-share-link av-social-link-facebook' ><a target=\"_blank\" aria-label=\"Compartir en Facebook\" href='https:\/\/www.facebook.com\/sharer.php?u=https:\/\/radiorevelacionfm.cl\/?p=58752&#038;t=Con%20alta%20participaci%C3%B3n%20se%20desarroll%C3%B3%20el%20Programa%20Gobierno%20en%20Terreno%20en%20localidades%20de%20La%20Tapera%20y%20Villa%20Amengual' aria-hidden='false' data-av_icon='\ue8f3' data-av_iconfont='entypo-fontello' title='' data-avia-related-tooltip='Compartir en Facebook' rel=\"noopener\"><span class='avia_hidden_link_text'>Compartir en Facebook<\/span><\/a><\/li><li class='av-share-link av-social-link-twitter' ><a target=\"_blank\" aria-label=\"Compartir en Twitter\" href='https:\/\/twitter.com\/share?text=Con%20alta%20participaci%C3%B3n%20se%20desarroll%C3%B3%20el%20Programa%20Gobierno%20en%20Terreno%20en%20localidades%20de%20La%20Tapera%20y%20Villa%20Amengual&#038;url=https:\/\/radiorevelacionfm.cl\/?p=58752' aria-hidden='false' data-av_icon='\ue8f1' data-av_iconfont='entypo-fontello' title='' data-avia-related-tooltip='Compartir en Twitter' rel=\"noopener\"><span class='avia_hidden_link_text'>Compartir en Twitter<\/span><\/a><\/li><li class='av-share-link av-social-link-whatsapp' ><a target=\"_blank\" aria-label=\"Compartir en Whatsapp\" href='https:\/\/api.whatsapp.com\/send?text=https:\/\/radiorevelacionfm.cl\/?p=58752' aria-hidden='false' data-av_icon='\uf232' data-av_iconfont='entypo-fontello' title='' data-avia-related-tooltip='Compartir en Whatsapp' rel=\"noopener\"><span class='avia_hidden_link_text'>Compartir en Whatsapp<\/span><\/a><\/li><li class='av-share-link av-social-link-linkedin' ><a target=\"_blank\" aria-label=\"Compartir en LinkedIn\" href='https:\/\/linkedin.com\/shareArticle?mini=true&#038;title=Con%20alta%20participaci%C3%B3n%20se%20desarroll%C3%B3%20el%20Programa%20Gobierno%20en%20Terreno%20en%20localidades%20de%20La%20Tapera%20y%20Villa%20Amengual&#038;url=https:\/\/radiorevelacionfm.cl\/?p=58752' aria-hidden='false' data-av_icon='\ue8fc' data-av_iconfont='entypo-fontello' title='' data-avia-related-tooltip='Compartir en LinkedIn' rel=\"noopener\"><span class='avia_hidden_link_text'>Compartir en LinkedIn<\/span><\/a><\/li><li class='av-share-link av-social-link-mail' ><a  aria-label=\"Compartir por correo\" href='mailto:?subject=Con%20alta%20participaci%C3%B3n%20se%20desarroll%C3%B3%20el%20Programa%20Gobierno%20en%20Terreno%20en%20localidades%20de%20La%20Tapera%20y%20Villa%20Amengual&#038;body=https:\/\/radiorevelacionfm.cl\/?p=58752' aria-hidden='false' data-av_icon='\ue805' data-av_iconfont='entypo-fontello' title='' data-avia-related-tooltip='Compartir por correo'><span class='avia_hidden_link_text'>Compartir por correo<\/span><\/a><\/li><\/ul><\/div><\/div>\n<div  style='height:50px' class='hr hr-invisible   avia-builder-el-8  el_after_av_social_share  el_before_av_comments_list '><span class='hr-inner ' ><span class='hr-inner-style'><\/span><\/span><\/div>\n<div  class='av-buildercomment  av-blog-meta-html-info-disabled av-blog-meta-tag-disabled  '><\/div>\n","protected":false},"excerpt":{"rendered":"","protected":false},"author":1,"featured_media":58753,"comment_status":"closed","ping_status":"closed","sticky":false,"template":"","format":"standard","meta":{"footnotes":""},"categories":[38],"tags":[],"class_list":["post-58752","post","type-post","status-publish","format-standard","has-post-thumbnail","hentry","category-regional"],"jetpack_featured_media_url":"https:\/\/radiorevelacionfm.cl\/wp-content\/uploads\/2025\/09\/img_5712-1_optimized.jpg","_links":{"self":[{"href":"https:\/\/radiorevelacionfm.cl\/index.php?rest_route=\/wp\/v2\/posts\/58752","targetHints":{"allow":["GET"]}}],"collection":[{"href":"https:\/\/radiorevelacionfm.cl\/index.php?rest_route=\/wp\/v2\/posts"}],"about":[{"href":"https:\/\/radiorevelacionfm.cl\/index.php?rest_route=\/wp\/v2\/types\/post"}],"author":[{"embeddable":true,"href":"https:\/\/radiorevelacionfm.cl\/index.php?rest_route=\/wp\/v2\/users\/1"}],"replies":[{"embeddable":true,"href":"https:\/\/radiorevelacionfm.cl\/index.php?rest_route=%2Fwp%2Fv2%2Fcomments&post=58752"}],"version-history":[{"count":3,"href":"https:\/\/radiorevelacionfm.cl\/index.php?rest_route=\/wp\/v2\/posts\/58752\/revisions"}],"predecessor-version":[{"id":58755,"href":"https:\/\/radiorevelacionfm.cl\/index.php?rest_route=\/wp\/v2\/posts\/58752\/revisions\/58755"}],"wp:featuredmedia":[{"embeddable":true,"href":"https:\/\/radiorevelacionfm.cl\/index.php?rest_route=\/wp\/v2\/media\/58753"}],"wp:attachment":[{"href":"https:\/\/radiorevelacionfm.cl\/index.php?rest_route=%2Fwp%2Fv2%2Fmedia&parent=58752"}],"wp:term":[{"taxonomy":"category","embeddable":true,"href":"https:\/\/radiorevelacionfm.cl\/index.php?rest_route=%2Fwp%2Fv2%2Fcategories&post=58752"},{"taxonomy":"post_tag","embeddable":true,"href":"https:\/\/radiorevelacionfm.cl\/index.php?rest_route=%2Fwp%2Fv2%2Ftags&post=58752"}],"curies":[{"name":"wp","href":"https:\/\/api.w.org\/{rel}","templated":true}]}}