{"id":58748,"date":"2025-09-05T12:03:08","date_gmt":"2025-09-05T15:03:08","guid":{"rendered":"https:\/\/radiorevelacionfm.cl\/?p=58748"},"modified":"2025-09-05T12:03:08","modified_gmt":"2025-09-05T15:03:08","slug":"ministro-de-economia-valora-sentencia-del-tc-sobre-proyecto-de-permisos-sectoriales-queda-en-condiciones-para-ser-promulgado-y-publicado","status":"publish","type":"post","link":"https:\/\/radiorevelacionfm.cl\/?p=58748","title":{"rendered":"Ministro de Econom\u00eda valora sentencia del TC sobre proyecto de Permisos Sectoriales: \u201cQueda en condiciones para ser promulgado y publicado\u201d"},"content":{"rendered":"<div class=\"flex_column av_one_full  flex_column_div av-zero-column-padding first  avia-builder-el-0  el_before_av_one_full  avia-builder-el-first  \" style='border-radius:0px; '><div  class='avia-image-container  av-styling-    avia-builder-el-1  avia-builder-el-no-sibling  avia-align-center '  itemprop=\"image\" itemscope=\"itemscope\" itemtype=\"https:\/\/schema.org\/ImageObject\"  ><div class='avia-image-container-inner'><div class='avia-image-overlay-wrap'><img decoding=\"async\" class='wp-image-58749 avia-img-lazy-loading-not-58749 avia_image' src=\"https:\/\/radiorevelacionfm.cl\/wp-content\/uploads\/2025\/09\/permisos-1-1_optimized-1.jpg\" alt='' title='permisos-(1)-(1)_optimized (1)' height=\"600\" width=\"900\"  itemprop=\"thumbnailUrl\" srcset=\"https:\/\/radiorevelacionfm.cl\/wp-content\/uploads\/2025\/09\/permisos-1-1_optimized-1.jpg 900w, https:\/\/radiorevelacionfm.cl\/wp-content\/uploads\/2025\/09\/permisos-1-1_optimized-1-300x200.jpg 300w, https:\/\/radiorevelacionfm.cl\/wp-content\/uploads\/2025\/09\/permisos-1-1_optimized-1-768x512.jpg 768w, https:\/\/radiorevelacionfm.cl\/wp-content\/uploads\/2025\/09\/permisos-1-1_optimized-1-705x470.jpg 705w, https:\/\/radiorevelacionfm.cl\/wp-content\/uploads\/2025\/09\/permisos-1-1_optimized-1-450x300.jpg 450w, https:\/\/radiorevelacionfm.cl\/wp-content\/uploads\/2025\/09\/permisos-1-1_optimized-1-600x400.jpg 600w\" sizes=\"(max-width: 900px) 100vw, 900px\" \/><\/div><\/div><\/div><\/div><div class=\"flex_column av_one_full  flex_column_div av-zero-column-padding first  avia-builder-el-2  el_after_av_one_full  el_before_av_one_full  column-top-margin\" style='border-radius:0px; '><section class=\"av_textblock_section \"  itemscope=\"itemscope\" itemtype=\"https:\/\/schema.org\/BlogPosting\" itemprop=\"blogPost\" ><div class='avia_textblock  '   itemprop=\"text\" ><p style=\"text-align: center;\"><strong><span style=\"font-size: 18pt;\">Ministro de Econom\u00eda valora sentencia del TC sobre proyecto de Permisos Sectoriales: \u201cQueda en condiciones para ser promulgado y publicado\u201d<\/span><\/strong><\/p>\n<div id=\"gtx-trans\" style=\"position: absolute; left: -50px; top: 4.31534px;\">\n<div class=\"gtx-trans-icon\"><\/div>\n<\/div>\n<\/div><\/section><\/div><div class=\"flex_column av_one_full  flex_column_div av-zero-column-padding first  avia-builder-el-4  el_after_av_one_full  el_before_av_hr  column-top-margin\" style='border-radius:0px; '><section class=\"av_textblock_section \"  itemscope=\"itemscope\" itemtype=\"https:\/\/schema.org\/BlogPosting\" itemprop=\"blogPost\" ><div class='avia_textblock  '   itemprop=\"text\" ><p style=\"text-align: justify;\"><em>Este jueves, el Tribunal Constitucional public\u00f3 la sentencia sobre el proyecto despachado por el Congreso el pasado 1 de julio, que busca optimizar y reducir entre un 30% y un 70% los tiempos de tramitaci\u00f3n de permisos sectoriales, determinando que se ajusta a la Constituci\u00f3n Pol\u00edtica de la Rep\u00fablica.<\/em><\/p>\n<p style=\"text-align: justify;\">La Ley Marco de Autorizaciones Sectoriales est\u00e1 a un paso de su promulgaci\u00f3n tras la revisi\u00f3n del Tribunal Constitucional (TC) que determin\u00f3 que cumple con la normativa de la Constituci\u00f3n vigente. El proyecto, impulsado por el Ministerio de Econom\u00eda, Fomento y Turismo busca avanzar en simplificar la obtenci\u00f3n de permisos, lo que permitir\u00e1 entregar mayores certezas a los proyectos de inversi\u00f3n, sin comprometer los est\u00e1ndares regulatorios ni disminuir las exigencias ambientales y t\u00e9cnicas vigentes.<\/p>\n<p style=\"text-align: justify;\">La revisi\u00f3n del TC era un proceso clave, ya que la iniciativa contiene normas propias de ley org\u00e1nica constitucional. Superada esta etapa, el Congreso a\u00fan debe remitir el oficio correspondiente y a partir de ese momento comenzar\u00e1 a correr el plazo de 10 d\u00edas para la promulgaci\u00f3n de la ley. Posteriormente, deber\u00e1 tomar raz\u00f3n la Contralor\u00eda General de la Rep\u00fablica (CGR) y, una vez cumplido este acto, se abre un nuevo plazo de 5 d\u00edas para su publicaci\u00f3n en el Diario Oficial, gesti\u00f3n que recae en la cartera de Econom\u00eda.<\/p>\n<p style=\"text-align: justify;\">El ministro \u00c1lvaro Garc\u00eda destac\u00f3 este paso clave: \u201cEl Tribunal Constitucional termin\u00f3 de revisar el proyecto de permisos sectoriales, el cual ahora queda en condiciones para ser promulgado y publicado. En el Ministerio estamos preparados para esta nueva etapa que viene que es la implementaci\u00f3n de la normativa, estamos adelantando trabajo para cumplir con nuestro objetivo de que la Ley de permisos quede totalmente operativa durante este gobierno para potenciar el impulso a la inversi\u00f3n, pilar fundamental del crecimiento\u201d.<\/p>\n<p style=\"text-align: justify;\">El proyecto, que ingres\u00f3 al Congreso en enero de 2024, es una reforma estructural que moderniza el aparato p\u00fablico, al reducir entre un 30% y un 70% los tiempos de tramitaci\u00f3n de permisos sectoriales, simplificando y modernizando los procesos administrativos. De esta forma, incorpora diversas medidas orientadas a agilizar y hacer m\u00e1s eficiente la tramitaci\u00f3n de autorizaciones sectoriales.<\/p>\n<p style=\"text-align: justify;\">El Proyecto de Ley Marco de Autorizaciones Sectoriales ha sido fruto de un trabajo conjunto y riguroso, desarrollado en estrecha colaboraci\u00f3n con parlamentarios tanto del oficialismo como de la oposici\u00f3n. Este esfuerzo compartido ha permitido construir una propuesta con amplio respaldo transversal, basada en el di\u00e1logo, la evidencia y el inter\u00e9s com\u00fan de avanzar hacia una institucionalidad m\u00e1s \u00e1gil, moderna y eficiente, que facilite el desarrollo de proyectos de inversi\u00f3n sin renunciar a los est\u00e1ndares ambientales, sociales y t\u00e9cnicos que el pa\u00eds exige.<\/p>\n<p style=\"text-align: justify;\">Por su parte el Seremi de Econom\u00eda, Fomento y Turismo de la Regi\u00f3n de Ays\u00e9n Felipe Rojas Pizarro, relev\u00f3 la importancia de esta sentencia del TC, que deja esta iniciativa en condiciones para ser promulgado y posteriormente publicado; \u201cComo Gobierno del Presidente Gabriel Boric y en di\u00e1logo constante con el sector privado nacional y regional, destacamos que esta ley, que pronto estar\u00e1 publicada, acelerar\u00e1 la inversi\u00f3n privada, permitiendo materializar iniciativas privadas de inversi\u00f3n. El Proyecto de Permisos Sectoriales, tendr\u00e1 un impacto econ\u00f3mico relevante en la inversi\u00f3n privada de sectores como energ\u00eda, turismo, log\u00edstica e industria manufacturera en la regi\u00f3n de Ays\u00e9n.<\/p>\n<p style=\"text-align: justify;\">Principales Soluciones del Proyecto:<\/p>\n<ul>\n<li style=\"text-align: justify;\">Normas m\u00ednimas de tramitaci\u00f3n. Se establece un conjunto de reglas comunes para todos los permisos sectoriales: inicio mediante formularios, ex\u00e1menes de admisibilidad, informes entre servicios, plazos m\u00e1ximos obligatorios, y uso del silencio administrativo como herramienta de garant\u00eda.<\/li>\n<li style=\"text-align: justify;\">T\u00e9cnicas Habilitantes Alternativas (THA). Permite reemplazar permisos de bajo riesgo por declaraciones juradas o avisos, sin reducir los est\u00e1ndares regulatorios. Estas THA est\u00e1n sujetas a fiscalizaci\u00f3n ex post, con fuertes sanciones en caso de fraude.<\/li>\n<li style=\"text-align: justify;\">Ventanilla \u00danica Digital \u2013 Plataforma SUPER. El proyecto transforma en pol\u00edtica de Estado la plataforma SUPER como entrada \u00fanica y trazable para todas las solicitudes.<\/li>\n<li style=\"text-align: justify;\">Institucionalidad t\u00e9cnica. Crea la Oficina de Autorizaciones Sectoriales e Inversi\u00f3n dentro del Ministerio de Econom\u00eda, encargada de coordinar, monitorear, asesorar y operar el sistema. Tambi\u00e9n impulsa mesas regionales, modernizaci\u00f3n continua de permisos, y promueve la mejora de gesti\u00f3n mediante convenios y metas institucionales.<\/li>\n<li style=\"text-align: justify;\">Modificaciones a leyes sectoriales. El proyecto modifica m\u00e1s de 40 leyes sectoriales para adaptar sus permisos a la LMAS, establecer nuevas facultades regulatorias y aplicar THA. Se incluyen sectores como miner\u00eda, obras p\u00fablicas, salud, aguas, energ\u00eda y DOM.<\/li>\n<\/ul>\n<\/div><\/section><\/div><div  style='height:50px' class='hr hr-invisible   avia-builder-el-6  el_after_av_one_full  el_before_av_social_share '><span class='hr-inner ' ><span class='hr-inner-style'><\/span><\/span><\/div><\/p>\n<div  class='av-social-sharing-box  avia-builder-el-7  el_after_av_hr  el_before_av_hr  '><div class='av-share-box'><h5 class='av-share-link-description av-no-toc '>Compartir esta noticia<\/h5><ul class='av-share-box-list noLightbox'><li class='av-share-link av-social-link-facebook' ><a target=\"_blank\" aria-label=\"Compartir en Facebook\" href='https:\/\/www.facebook.com\/sharer.php?u=https:\/\/radiorevelacionfm.cl\/?p=58748&#038;t=Ministro%20de%20Econom%C3%ADa%20valora%20sentencia%20del%20TC%20sobre%20proyecto%20de%20Permisos%20Sectoriales%3A%20%E2%80%9CQueda%20en%20condiciones%20para%20ser%20promulgado%20y%20publicado%E2%80%9D' aria-hidden='false' data-av_icon='\ue8f3' data-av_iconfont='entypo-fontello' title='' data-avia-related-tooltip='Compartir en Facebook' rel=\"noopener\"><span class='avia_hidden_link_text'>Compartir en Facebook<\/span><\/a><\/li><li class='av-share-link av-social-link-twitter' ><a target=\"_blank\" aria-label=\"Compartir en Twitter\" href='https:\/\/twitter.com\/share?text=Ministro%20de%20Econom%C3%ADa%20valora%20sentencia%20del%20TC%20sobre%20proyecto%20de%20Permisos%20Sectoriales%3A%20%E2%80%9CQueda%20en%20condiciones%20para%20ser%20promulgado%20y%20publicado%E2%80%9D&#038;url=https:\/\/radiorevelacionfm.cl\/?p=58748' aria-hidden='false' data-av_icon='\ue8f1' data-av_iconfont='entypo-fontello' title='' data-avia-related-tooltip='Compartir en Twitter' rel=\"noopener\"><span class='avia_hidden_link_text'>Compartir en Twitter<\/span><\/a><\/li><li class='av-share-link av-social-link-whatsapp' ><a target=\"_blank\" aria-label=\"Compartir en Whatsapp\" href='https:\/\/api.whatsapp.com\/send?text=https:\/\/radiorevelacionfm.cl\/?p=58748' aria-hidden='false' data-av_icon='\uf232' data-av_iconfont='entypo-fontello' title='' data-avia-related-tooltip='Compartir en Whatsapp' rel=\"noopener\"><span class='avia_hidden_link_text'>Compartir en Whatsapp<\/span><\/a><\/li><li class='av-share-link av-social-link-linkedin' ><a target=\"_blank\" aria-label=\"Compartir en LinkedIn\" href='https:\/\/linkedin.com\/shareArticle?mini=true&#038;title=Ministro%20de%20Econom%C3%ADa%20valora%20sentencia%20del%20TC%20sobre%20proyecto%20de%20Permisos%20Sectoriales%3A%20%E2%80%9CQueda%20en%20condiciones%20para%20ser%20promulgado%20y%20publicado%E2%80%9D&#038;url=https:\/\/radiorevelacionfm.cl\/?p=58748' aria-hidden='false' data-av_icon='\ue8fc' data-av_iconfont='entypo-fontello' title='' data-avia-related-tooltip='Compartir en LinkedIn' rel=\"noopener\"><span class='avia_hidden_link_text'>Compartir en LinkedIn<\/span><\/a><\/li><li class='av-share-link av-social-link-mail' ><a  aria-label=\"Compartir por correo\" href='mailto:?subject=Ministro%20de%20Econom%C3%ADa%20valora%20sentencia%20del%20TC%20sobre%20proyecto%20de%20Permisos%20Sectoriales%3A%20%E2%80%9CQueda%20en%20condiciones%20para%20ser%20promulgado%20y%20publicado%E2%80%9D&#038;body=https:\/\/radiorevelacionfm.cl\/?p=58748' aria-hidden='false' data-av_icon='\ue805' data-av_iconfont='entypo-fontello' title='' data-avia-related-tooltip='Compartir por correo'><span class='avia_hidden_link_text'>Compartir por correo<\/span><\/a><\/li><\/ul><\/div><\/div>\n<div  style='height:50px' class='hr hr-invisible   avia-builder-el-8  el_after_av_social_share  el_before_av_comments_list '><span class='hr-inner ' ><span class='hr-inner-style'><\/span><\/span><\/div>\n<div  class='av-buildercomment  av-blog-meta-html-info-disabled av-blog-meta-tag-disabled  '><\/div>\n","protected":false},"excerpt":{"rendered":"","protected":false},"author":1,"featured_media":58749,"comment_status":"closed","ping_status":"closed","sticky":false,"template":"","format":"standard","meta":{"footnotes":""},"categories":[37],"tags":[],"class_list":["post-58748","post","type-post","status-publish","format-standard","has-post-thumbnail","hentry","category-economia"],"jetpack_featured_media_url":"https:\/\/radiorevelacionfm.cl\/wp-content\/uploads\/2025\/09\/permisos-1-1_optimized-1.jpg","_links":{"self":[{"href":"https:\/\/radiorevelacionfm.cl\/index.php?rest_route=\/wp\/v2\/posts\/58748","targetHints":{"allow":["GET"]}}],"collection":[{"href":"https:\/\/radiorevelacionfm.cl\/index.php?rest_route=\/wp\/v2\/posts"}],"about":[{"href":"https:\/\/radiorevelacionfm.cl\/index.php?rest_route=\/wp\/v2\/types\/post"}],"author":[{"embeddable":true,"href":"https:\/\/radiorevelacionfm.cl\/index.php?rest_route=\/wp\/v2\/users\/1"}],"replies":[{"embeddable":true,"href":"https:\/\/radiorevelacionfm.cl\/index.php?rest_route=%2Fwp%2Fv2%2Fcomments&post=58748"}],"version-history":[{"count":2,"href":"https:\/\/radiorevelacionfm.cl\/index.php?rest_route=\/wp\/v2\/posts\/58748\/revisions"}],"predecessor-version":[{"id":58782,"href":"https:\/\/radiorevelacionfm.cl\/index.php?rest_route=\/wp\/v2\/posts\/58748\/revisions\/58782"}],"wp:featuredmedia":[{"embeddable":true,"href":"https:\/\/radiorevelacionfm.cl\/index.php?rest_route=\/wp\/v2\/media\/58749"}],"wp:attachment":[{"href":"https:\/\/radiorevelacionfm.cl\/index.php?rest_route=%2Fwp%2Fv2%2Fmedia&parent=58748"}],"wp:term":[{"taxonomy":"category","embeddable":true,"href":"https:\/\/radiorevelacionfm.cl\/index.php?rest_route=%2Fwp%2Fv2%2Fcategories&post=58748"},{"taxonomy":"post_tag","embeddable":true,"href":"https:\/\/radiorevelacionfm.cl\/index.php?rest_route=%2Fwp%2Fv2%2Ftags&post=58748"}],"curies":[{"name":"wp","href":"https:\/\/api.w.org\/{rel}","templated":true}]}}