{"id":58744,"date":"2025-09-04T15:06:26","date_gmt":"2025-09-04T18:06:26","guid":{"rendered":"https:\/\/radiorevelacionfm.cl\/?p=58744"},"modified":"2025-09-04T15:06:26","modified_gmt":"2025-09-04T18:06:26","slug":"aysen-fue-sede-de-la-rueda-de-negocios-turistica-mas-importante-de-la-patagonia-chileno-argentina","status":"publish","type":"post","link":"https:\/\/radiorevelacionfm.cl\/?p=58744","title":{"rendered":"Ays\u00e9n fue sede de la rueda de negocios tur\u00edstica m\u00e1s importante de la Patagonia Chileno-Argentina"},"content":{"rendered":"<div class=\"flex_column av_one_full  flex_column_div av-zero-column-padding first  avia-builder-el-0  el_before_av_one_full  avia-builder-el-first  \" style='border-radius:0px; '><div  class='avia-image-container  av-styling-    avia-builder-el-1  avia-builder-el-no-sibling  avia-align-center '  itemprop=\"image\" itemscope=\"itemscope\" itemtype=\"https:\/\/schema.org\/ImageObject\"  ><div class='avia-image-container-inner'><div class='avia-image-overlay-wrap'><img decoding=\"async\" class='wp-image-58745 avia-img-lazy-loading-not-58745 avia_image' src=\"https:\/\/radiorevelacionfm.cl\/wp-content\/uploads\/2025\/09\/Expolagos-1-1-1.jpeg\" alt='' title='Expolagos 1 (1) (1)' height=\"600\" width=\"1067\"  itemprop=\"thumbnailUrl\" srcset=\"https:\/\/radiorevelacionfm.cl\/wp-content\/uploads\/2025\/09\/Expolagos-1-1-1.jpeg 1067w, https:\/\/radiorevelacionfm.cl\/wp-content\/uploads\/2025\/09\/Expolagos-1-1-1-300x169.jpeg 300w, https:\/\/radiorevelacionfm.cl\/wp-content\/uploads\/2025\/09\/Expolagos-1-1-1-1030x579.jpeg 1030w, https:\/\/radiorevelacionfm.cl\/wp-content\/uploads\/2025\/09\/Expolagos-1-1-1-768x432.jpeg 768w, https:\/\/radiorevelacionfm.cl\/wp-content\/uploads\/2025\/09\/Expolagos-1-1-1-705x396.jpeg 705w, https:\/\/radiorevelacionfm.cl\/wp-content\/uploads\/2025\/09\/Expolagos-1-1-1-450x253.jpeg 450w, https:\/\/radiorevelacionfm.cl\/wp-content\/uploads\/2025\/09\/Expolagos-1-1-1-600x337.jpeg 600w\" sizes=\"(max-width: 1067px) 100vw, 1067px\" \/><\/div><\/div><\/div><\/div><div class=\"flex_column av_one_full  flex_column_div av-zero-column-padding first  avia-builder-el-2  el_after_av_one_full  el_before_av_one_full  column-top-margin\" style='border-radius:0px; '><section class=\"av_textblock_section \"  itemscope=\"itemscope\" itemtype=\"https:\/\/schema.org\/BlogPosting\" itemprop=\"blogPost\" ><div class='avia_textblock  '   itemprop=\"text\" ><p style=\"text-align: center;\"><strong><span style=\"font-size: 18pt;\">Ays\u00e9n fue sede de la rueda de negocios tur\u00edstica m\u00e1s importante de la Patagonia Chileno-Argentina<\/span><\/strong><\/p>\n<div id=\"gtx-trans\" style=\"position: absolute; left: -50px; top: 4.31534px;\">\n<div class=\"gtx-trans-icon\"><\/div>\n<\/div>\n<\/div><\/section><\/div><div class=\"flex_column av_one_full  flex_column_div av-zero-column-padding first  avia-builder-el-4  el_after_av_one_full  el_before_av_hr  column-top-margin\" style='border-radius:0px; '><section class=\"av_textblock_section \"  itemscope=\"itemscope\" itemtype=\"https:\/\/schema.org\/BlogPosting\" itemprop=\"blogPost\" ><div class='avia_textblock  '   itemprop=\"text\" ><p style=\"text-align: justify;\"><strong><em>Expolagos Patagonia reuni\u00f3 a m\u00e1s de 120 agencias de viajes y operadores tur\u00edsticos de distintos pa\u00edses del mundo.<\/em><\/strong><\/p>\n<p style=\"text-align: justify;\">Los d\u00edas 1 y 2 de septiembre, la Regi\u00f3n de Ays\u00e9n fue anfitriona de Expolagos Patagonia, el principal encuentro de negocios tur\u00edsticos de la Patagonia binacional, consolid\u00e1ndose como un hito para el desarrollo del turismo en el sur de Chile y Argentina.<\/p>\n<p style=\"text-align: justify;\">En esta onceava edici\u00f3n, el evento congreg\u00f3 a m\u00e1s de 70 empresas tur\u00edsticas provenientes de las regiones de Los Lagos, Ays\u00e9n, Magallanes y de diversas provincias del sur argentino, quienes se reunieron con 50 agencias de viajes y tour operadores internacionales provenientes de Europa, Estados Unidos, Brasil, Argentina, Colombia, Per\u00fa, entre otros pa\u00edses. El objetivo fue generar v\u00ednculos comerciales y promover la oferta tur\u00edstica de la Patagonia chilena y argentina a nivel global.<\/p>\n<p style=\"text-align: justify;\">Expolagos Patagonia es una rueda de negocios boutique y binacional, con un formato experiencial que destaca por su enfoque personalizado y la promoci\u00f3n de destinos del extremo austral de ambos pa\u00edses. Se realiza anualmente en diferentes localidades, alternando entre Chile y Argentina, y se extiende durante dos jornadas completas con una nutrida agenda de reuniones y actividades.<\/p>\n<p style=\"text-align: justify;\">El director regional de Sernatur Ays\u00e9n, Claudio Montecinos, destac\u00f3 la relevancia de este evento: \u201cDespu\u00e9s de 10 a\u00f1os, hemos logrado traer Expolagos a nuestra regi\u00f3n, la rueda de negocios privada m\u00e1s importante de la Patagonia Chilena y Argentina. Este evento nos permite acercar nuestra oferta tur\u00edstica a los principales operadores internacionales que comercializan la Patagonia, y al mismo tiempo, mostrarles parte de nuestro destino: Ays\u00e9n Patagonia. Estamos muy contentos de haber concretado este hito tan relevante para el desarrollo del turismo en nuestra regi\u00f3n\u201d.<\/p>\n<p style=\"text-align: justify;\">Con una exitosa convocatoria y el fortalecimiento de redes comerciales, Expolagos Patagonia reafirma su rol estrat\u00e9gico en la promoci\u00f3n tur\u00edstica de la Patagonia, impulsando la internacionalizaci\u00f3n de sus destinos y potenciando el crecimiento del sector.<\/p>\n<p style=\"text-align: justify;\">La realizaci\u00f3n de Expolagos Patagonia en la Regi\u00f3n de Ays\u00e9n permiti\u00f3 la participaci\u00f3n de 20 empresas y operadores tur\u00edsticos locales, quienes tuvieron la oportunidad de establecer contactos comerciales directos con importantes compradores internacionales del rubro.<\/p>\n<p style=\"text-align: justify;\">Una de las empresas regionales que form\u00f3 parte del evento y colabor\u00f3 en su desarrollo fue Lober\u00edas del Sur. Su gerente, Rodrigo Bravo, valor\u00f3 la importancia de este tipo de instancias para la promoci\u00f3n del destino: \u201cHa sido una experiencia muy positiva, especialmente por el hecho de que se haya realizado en nuestra regi\u00f3n. Esto demuestra que Ays\u00e9n es cada vez m\u00e1s demandada, m\u00e1s reconocida y valorada como destino tur\u00edstico. Tener un evento de estas caracter\u00edsticas es, sin duda, una herramienta de promoci\u00f3n muy potente. Contar con tantos operadores tur\u00edsticos internacionales viviendo la experiencia de Ays\u00e9n es una gran noticia para nosotros. Agradecemos a Sernatur y al Gobierno Regional por el esfuerzo que ha hecho posible este encuentro\u201d.<\/p>\n<p style=\"text-align: justify;\">Otra de las empresas regionales que particip\u00f3 en la rueda de negocios fue 100% Patagonia. Una de sus socias, Maite Elorz, destac\u00f3 la relevancia de que este tipo de encuentros se realicen en el territorio: \u201cHa sido una experiencia muy exitosa tanto para nosotras como empresa, como tambi\u00e9n para el destino en general. Los operadores internacionales que han asistido han mostrado un gran inter\u00e9s por la Carretera Austral y por el destino Ays\u00e9n Patagonia, lo que abre la puerta a nuevas oportunidades de negocio. Este tipo de instancias permite desarrollar nuevos productos tur\u00edsticos y poner en valor nuestra regi\u00f3n, lo cual es fundamental para su crecimiento\u201d.<\/p>\n<p style=\"text-align: justify;\">La realizaci\u00f3n de Expolagos Patagonia en la Regi\u00f3n de Ays\u00e9n se enmarca dentro de la estrategia regional de promoci\u00f3n tur\u00edstica impulsada por Sernatur y el Gobierno Regional, que busca posicionar a Ays\u00e9n Patagonia como un destino de clase mundial, con una oferta diferenciada, sustentable y de alto valor experiencial.<\/p>\n<p style=\"text-align: justify;\">La pr\u00f3xima edici\u00f3n de Expolagos Patagonia ya tiene fecha y lugar confirmados, se llevar\u00e1 a cabo los d\u00edas 6 y 7 de septiembre de 2026 en la ciudad de Bariloche, Argentina, continuando as\u00ed con el car\u00e1cter binacional del evento y la articulaci\u00f3n regional para proyectar la Patagonia Chileno -Argentina en el escenario tur\u00edstico global.<\/p>\n<\/div><\/section><\/div><div  style='height:50px' class='hr hr-invisible   avia-builder-el-6  el_after_av_one_full  el_before_av_social_share '><span class='hr-inner ' ><span class='hr-inner-style'><\/span><\/span><\/div><\/p>\n<div  class='av-social-sharing-box  avia-builder-el-7  el_after_av_hr  el_before_av_hr  '><div class='av-share-box'><h5 class='av-share-link-description av-no-toc '>Compartir esta noticia<\/h5><ul class='av-share-box-list noLightbox'><li class='av-share-link av-social-link-facebook' ><a target=\"_blank\" aria-label=\"Compartir en Facebook\" href='https:\/\/www.facebook.com\/sharer.php?u=https:\/\/radiorevelacionfm.cl\/?p=58744&#038;t=Ays%C3%A9n%20fue%20sede%20de%20la%20rueda%20de%20negocios%20tur%C3%ADstica%20m%C3%A1s%20importante%20de%20la%20Patagonia%20Chileno-Argentina' aria-hidden='false' data-av_icon='\ue8f3' data-av_iconfont='entypo-fontello' title='' data-avia-related-tooltip='Compartir en Facebook' rel=\"noopener\"><span class='avia_hidden_link_text'>Compartir en Facebook<\/span><\/a><\/li><li class='av-share-link av-social-link-twitter' ><a target=\"_blank\" aria-label=\"Compartir en Twitter\" href='https:\/\/twitter.com\/share?text=Ays%C3%A9n%20fue%20sede%20de%20la%20rueda%20de%20negocios%20tur%C3%ADstica%20m%C3%A1s%20importante%20de%20la%20Patagonia%20Chileno-Argentina&#038;url=https:\/\/radiorevelacionfm.cl\/?p=58744' aria-hidden='false' data-av_icon='\ue8f1' data-av_iconfont='entypo-fontello' title='' data-avia-related-tooltip='Compartir en Twitter' rel=\"noopener\"><span class='avia_hidden_link_text'>Compartir en Twitter<\/span><\/a><\/li><li class='av-share-link av-social-link-whatsapp' ><a target=\"_blank\" aria-label=\"Compartir en Whatsapp\" href='https:\/\/api.whatsapp.com\/send?text=https:\/\/radiorevelacionfm.cl\/?p=58744' aria-hidden='false' data-av_icon='\uf232' data-av_iconfont='entypo-fontello' title='' data-avia-related-tooltip='Compartir en Whatsapp' rel=\"noopener\"><span class='avia_hidden_link_text'>Compartir en Whatsapp<\/span><\/a><\/li><li class='av-share-link av-social-link-linkedin' ><a target=\"_blank\" aria-label=\"Compartir en LinkedIn\" href='https:\/\/linkedin.com\/shareArticle?mini=true&#038;title=Ays%C3%A9n%20fue%20sede%20de%20la%20rueda%20de%20negocios%20tur%C3%ADstica%20m%C3%A1s%20importante%20de%20la%20Patagonia%20Chileno-Argentina&#038;url=https:\/\/radiorevelacionfm.cl\/?p=58744' aria-hidden='false' data-av_icon='\ue8fc' data-av_iconfont='entypo-fontello' title='' data-avia-related-tooltip='Compartir en LinkedIn' rel=\"noopener\"><span class='avia_hidden_link_text'>Compartir en LinkedIn<\/span><\/a><\/li><li class='av-share-link av-social-link-mail' ><a  aria-label=\"Compartir por correo\" href='mailto:?subject=Ays%C3%A9n%20fue%20sede%20de%20la%20rueda%20de%20negocios%20tur%C3%ADstica%20m%C3%A1s%20importante%20de%20la%20Patagonia%20Chileno-Argentina&#038;body=https:\/\/radiorevelacionfm.cl\/?p=58744' aria-hidden='false' data-av_icon='\ue805' data-av_iconfont='entypo-fontello' title='' data-avia-related-tooltip='Compartir por correo'><span class='avia_hidden_link_text'>Compartir por correo<\/span><\/a><\/li><\/ul><\/div><\/div>\n<div  style='height:50px' class='hr hr-invisible   avia-builder-el-8  el_after_av_social_share  el_before_av_comments_list '><span class='hr-inner ' ><span class='hr-inner-style'><\/span><\/span><\/div>\n<div  class='av-buildercomment  av-blog-meta-html-info-disabled av-blog-meta-tag-disabled  '><\/div>\n","protected":false},"excerpt":{"rendered":"","protected":false},"author":1,"featured_media":58745,"comment_status":"closed","ping_status":"closed","sticky":false,"template":"","format":"standard","meta":{"footnotes":""},"categories":[54],"tags":[],"class_list":["post-58744","post","type-post","status-publish","format-standard","has-post-thumbnail","hentry","category-turismo"],"jetpack_featured_media_url":"https:\/\/radiorevelacionfm.cl\/wp-content\/uploads\/2025\/09\/Expolagos-1-1-1.jpeg","_links":{"self":[{"href":"https:\/\/radiorevelacionfm.cl\/index.php?rest_route=\/wp\/v2\/posts\/58744","targetHints":{"allow":["GET"]}}],"collection":[{"href":"https:\/\/radiorevelacionfm.cl\/index.php?rest_route=\/wp\/v2\/posts"}],"about":[{"href":"https:\/\/radiorevelacionfm.cl\/index.php?rest_route=\/wp\/v2\/types\/post"}],"author":[{"embeddable":true,"href":"https:\/\/radiorevelacionfm.cl\/index.php?rest_route=\/wp\/v2\/users\/1"}],"replies":[{"embeddable":true,"href":"https:\/\/radiorevelacionfm.cl\/index.php?rest_route=%2Fwp%2Fv2%2Fcomments&post=58744"}],"version-history":[{"count":2,"href":"https:\/\/radiorevelacionfm.cl\/index.php?rest_route=\/wp\/v2\/posts\/58744\/revisions"}],"predecessor-version":[{"id":58747,"href":"https:\/\/radiorevelacionfm.cl\/index.php?rest_route=\/wp\/v2\/posts\/58744\/revisions\/58747"}],"wp:featuredmedia":[{"embeddable":true,"href":"https:\/\/radiorevelacionfm.cl\/index.php?rest_route=\/wp\/v2\/media\/58745"}],"wp:attachment":[{"href":"https:\/\/radiorevelacionfm.cl\/index.php?rest_route=%2Fwp%2Fv2%2Fmedia&parent=58744"}],"wp:term":[{"taxonomy":"category","embeddable":true,"href":"https:\/\/radiorevelacionfm.cl\/index.php?rest_route=%2Fwp%2Fv2%2Fcategories&post=58744"},{"taxonomy":"post_tag","embeddable":true,"href":"https:\/\/radiorevelacionfm.cl\/index.php?rest_route=%2Fwp%2Fv2%2Ftags&post=58744"}],"curies":[{"name":"wp","href":"https:\/\/api.w.org\/{rel}","templated":true}]}}