{"id":58738,"date":"2025-09-04T11:01:22","date_gmt":"2025-09-04T14:01:22","guid":{"rendered":"https:\/\/radiorevelacionfm.cl\/?p=58738"},"modified":"2025-09-04T11:04:05","modified_gmt":"2025-09-04T14:04:05","slug":"asociacion-regional-de-rodeo-de-aysen-eligio-nueva-directiva-para-el-periodo-2025-2028","status":"publish","type":"post","link":"https:\/\/radiorevelacionfm.cl\/?p=58738","title":{"rendered":"Asociaci\u00f3n Regional de Rodeo de Ays\u00e9n eligi\u00f3 nueva directiva para el periodo 2025-2028"},"content":{"rendered":"<div class=\"flex_column av_one_full  flex_column_div av-zero-column-padding first  avia-builder-el-0  el_before_av_one_full  avia-builder-el-first  \" style='border-radius:0px; '><div  class='avia-image-container  av-styling-    avia-builder-el-1  avia-builder-el-no-sibling  avia-align-center '  itemprop=\"image\" itemscope=\"itemscope\" itemtype=\"https:\/\/schema.org\/ImageObject\"  ><div class='avia-image-container-inner'><div class='avia-image-overlay-wrap'><img decoding=\"async\" class='wp-image-58739 avia-img-lazy-loading-not-58739 avia_image' src=\"https:\/\/radiorevelacionfm.cl\/wp-content\/uploads\/2025\/09\/Directorio-1-1.jpeg\" alt='' title='Directorio (1) (1)' height=\"600\" width=\"873\"  itemprop=\"thumbnailUrl\" srcset=\"https:\/\/radiorevelacionfm.cl\/wp-content\/uploads\/2025\/09\/Directorio-1-1.jpeg 873w, https:\/\/radiorevelacionfm.cl\/wp-content\/uploads\/2025\/09\/Directorio-1-1-300x206.jpeg 300w, https:\/\/radiorevelacionfm.cl\/wp-content\/uploads\/2025\/09\/Directorio-1-1-768x528.jpeg 768w, https:\/\/radiorevelacionfm.cl\/wp-content\/uploads\/2025\/09\/Directorio-1-1-705x485.jpeg 705w, https:\/\/radiorevelacionfm.cl\/wp-content\/uploads\/2025\/09\/Directorio-1-1-450x309.jpeg 450w, https:\/\/radiorevelacionfm.cl\/wp-content\/uploads\/2025\/09\/Directorio-1-1-600x412.jpeg 600w\" sizes=\"(max-width: 873px) 100vw, 873px\" \/><\/div><\/div><\/div><\/div>\n<div class=\"flex_column av_one_full  flex_column_div av-zero-column-padding first  avia-builder-el-2  el_after_av_one_full  el_before_av_one_full  column-top-margin\" style='border-radius:0px; '><section class=\"av_textblock_section \"  itemscope=\"itemscope\" itemtype=\"https:\/\/schema.org\/BlogPosting\" itemprop=\"blogPost\" ><div class='avia_textblock  '   itemprop=\"text\" ><p style=\"text-align: center;\"><strong><span style=\"font-size: 18pt;\">Asociaci\u00f3n Regional de Rodeo de Ays\u00e9n eligi\u00f3 nueva directiva para el periodo 2025-2028<\/span><\/strong><\/p>\n<div id=\"gtx-trans\" style=\"position: absolute; left: -50px; top: 4.31534px;\">\n<div class=\"gtx-trans-icon\"><\/div>\n<\/div>\n<\/div><\/section><\/div>\n<div class=\"flex_column av_one_full  flex_column_div av-zero-column-padding first  avia-builder-el-4  el_after_av_one_full  el_before_av_hr  column-top-margin\" style='border-radius:0px; '><section class=\"av_textblock_section \"  itemscope=\"itemscope\" itemtype=\"https:\/\/schema.org\/BlogPosting\" itemprop=\"blogPost\" ><div class='avia_textblock  '   itemprop=\"text\" ><p style=\"text-align: justify;\">El pasado 30 de agosto, en instalaciones del Club de Rodeo de Coyhaique, la Asociaci\u00f3n Regional de Rodeo de Ays\u00e9n realiz\u00f3 con \u00e9xito el proceso eleccionario para renovar su directiva, la que regir\u00e1 los destinos de la organizaci\u00f3n durante los pr\u00f3ximos tres a\u00f1os.<\/p>\n<p style=\"text-align: justify;\">El proceso dirigido por una Comisi\u00f3n Electoral, fue presidida por don Hern\u00e1n Hidalgo, quien lider\u00f3 con compromiso y rigurosidad cada etapa del proceso con transparencia, participaci\u00f3n democr\u00e1tica y respeto por las tradiciones.<\/p>\n<p style=\"text-align: justify;\">Para celebrar estas elecciones, la asociaci\u00f3n de tradici\u00f3n, implement\u00f3 un novedoso sistema de votaci\u00f3n que permiti\u00f3 a las bases de los 14 clubes de rodeo de la regi\u00f3n, elegir entre un abanico de 14 candidatos. As\u00ed, las urnas fueron abiertas y contabilizadas a viva voz, en presencia de los presidentes y representantes de cada club, adem\u00e1s de los respectivos candidatos, garantizando as\u00ed la legitimidad y confianza en los resultados.<\/p>\n<p style=\"text-align: justify;\">En cuanto a los resultados, la directiva para el periodo 2025-2028 qued\u00f3 conformada por siete representantes, siendo Daniel Alejandro Quintana Prieto, elegido como presidente, Humberto Vidal Pacheco como vicepresidente, Juan Ram\u00f3n Pradenas Escobar como secretario, Jorge Barr\u00eda Paredes como tesorero, adem\u00e1s de los tres directores, Hern\u00e1n Calder\u00f3n Cea, Federico Peede Orellana y Miguel Maripill\u00e1n Quidel; todos ellos, segunda y tercera generaci\u00f3n de huasos de Ays\u00e9n, lo que refleja el profundo traspaso cultural y el apego a la familia y las ra\u00edces del campo chileno.<\/p>\n<p style=\"text-align: justify;\">Este legado vivo fortalece el compromiso de la Asociaci\u00f3n con la identidad regional y la proyecci\u00f3n del rodeo como expresi\u00f3n aut\u00e9ntica de nuestras tradiciones. \u201cLa nueva directiva recibe esta posta dirigencial con el firme prop\u00f3sito de fortalecer el rodeo regional, fomentar la participaci\u00f3n activa de los clubes, junto con preservar el patrimonio cultural que une a las familias huasas de Ays\u00e9n teniendo como pilar fundamental la recuperaci\u00f3n de la camarader\u00eda t\u00edpica de nuestro rodeo, y el fomento a la participaci\u00f3n de j\u00f3venes y mujeres Jinetes y socias, se\u00f1al\u00f3 Daniel Quintana Prieto, presidente de la Asociaci\u00f3n.<\/p>\n<\/div><\/section><\/div><div  style='height:50px' class='hr hr-invisible   avia-builder-el-6  el_after_av_one_full  el_before_av_social_share '><span class='hr-inner ' ><span class='hr-inner-style'><\/span><\/span><\/div><\/p>\n<div  class='av-social-sharing-box  avia-builder-el-7  el_after_av_hr  el_before_av_hr  '><div class='av-share-box'><h5 class='av-share-link-description av-no-toc '>Compartir esta noticia<\/h5><ul class='av-share-box-list noLightbox'><li class='av-share-link av-social-link-facebook' ><a target=\"_blank\" aria-label=\"Compartir en Facebook\" href='https:\/\/www.facebook.com\/sharer.php?u=https:\/\/radiorevelacionfm.cl\/?p=58738&#038;t=Asociaci%C3%B3n%20Regional%20de%20Rodeo%20de%20Ays%C3%A9n%20eligi%C3%B3%20nueva%20directiva%20para%20el%20periodo%202025-2028' aria-hidden='false' data-av_icon='\ue8f3' data-av_iconfont='entypo-fontello' title='' data-avia-related-tooltip='Compartir en Facebook' rel=\"noopener\"><span class='avia_hidden_link_text'>Compartir en Facebook<\/span><\/a><\/li><li class='av-share-link av-social-link-twitter' ><a target=\"_blank\" aria-label=\"Compartir en Twitter\" href='https:\/\/twitter.com\/share?text=Asociaci%C3%B3n%20Regional%20de%20Rodeo%20de%20Ays%C3%A9n%20eligi%C3%B3%20nueva%20directiva%20para%20el%20periodo%202025-2028&#038;url=https:\/\/radiorevelacionfm.cl\/?p=58738' aria-hidden='false' data-av_icon='\ue8f1' data-av_iconfont='entypo-fontello' title='' data-avia-related-tooltip='Compartir en Twitter' rel=\"noopener\"><span class='avia_hidden_link_text'>Compartir en Twitter<\/span><\/a><\/li><li class='av-share-link av-social-link-whatsapp' ><a target=\"_blank\" aria-label=\"Compartir en Whatsapp\" href='https:\/\/api.whatsapp.com\/send?text=https:\/\/radiorevelacionfm.cl\/?p=58738' aria-hidden='false' data-av_icon='\uf232' data-av_iconfont='entypo-fontello' title='' data-avia-related-tooltip='Compartir en Whatsapp' rel=\"noopener\"><span class='avia_hidden_link_text'>Compartir en Whatsapp<\/span><\/a><\/li><li class='av-share-link av-social-link-linkedin' ><a target=\"_blank\" aria-label=\"Compartir en LinkedIn\" href='https:\/\/linkedin.com\/shareArticle?mini=true&#038;title=Asociaci%C3%B3n%20Regional%20de%20Rodeo%20de%20Ays%C3%A9n%20eligi%C3%B3%20nueva%20directiva%20para%20el%20periodo%202025-2028&#038;url=https:\/\/radiorevelacionfm.cl\/?p=58738' aria-hidden='false' data-av_icon='\ue8fc' data-av_iconfont='entypo-fontello' title='' data-avia-related-tooltip='Compartir en LinkedIn' rel=\"noopener\"><span class='avia_hidden_link_text'>Compartir en LinkedIn<\/span><\/a><\/li><li class='av-share-link av-social-link-mail' ><a  aria-label=\"Compartir por correo\" href='mailto:?subject=Asociaci%C3%B3n%20Regional%20de%20Rodeo%20de%20Ays%C3%A9n%20eligi%C3%B3%20nueva%20directiva%20para%20el%20periodo%202025-2028&#038;body=https:\/\/radiorevelacionfm.cl\/?p=58738' aria-hidden='false' data-av_icon='\ue805' data-av_iconfont='entypo-fontello' title='' data-avia-related-tooltip='Compartir por correo'><span class='avia_hidden_link_text'>Compartir por correo<\/span><\/a><\/li><\/ul><\/div><\/div>\n<div  style='height:50px' class='hr hr-invisible   avia-builder-el-8  el_after_av_social_share  el_before_av_comments_list '><span class='hr-inner ' ><span class='hr-inner-style'><\/span><\/span><\/div>\n<div  class='av-buildercomment  av-blog-meta-html-info-disabled av-blog-meta-tag-disabled  '><\/div>\n","protected":false},"excerpt":{"rendered":"","protected":false},"author":1,"featured_media":58739,"comment_status":"closed","ping_status":"closed","sticky":false,"template":"","format":"standard","meta":{"footnotes":""},"categories":[38],"tags":[],"class_list":["post-58738","post","type-post","status-publish","format-standard","has-post-thumbnail","hentry","category-regional"],"jetpack_featured_media_url":"https:\/\/radiorevelacionfm.cl\/wp-content\/uploads\/2025\/09\/Directorio-1-1.jpeg","_links":{"self":[{"href":"https:\/\/radiorevelacionfm.cl\/index.php?rest_route=\/wp\/v2\/posts\/58738","targetHints":{"allow":["GET"]}}],"collection":[{"href":"https:\/\/radiorevelacionfm.cl\/index.php?rest_route=\/wp\/v2\/posts"}],"about":[{"href":"https:\/\/radiorevelacionfm.cl\/index.php?rest_route=\/wp\/v2\/types\/post"}],"author":[{"embeddable":true,"href":"https:\/\/radiorevelacionfm.cl\/index.php?rest_route=\/wp\/v2\/users\/1"}],"replies":[{"embeddable":true,"href":"https:\/\/radiorevelacionfm.cl\/index.php?rest_route=%2Fwp%2Fv2%2Fcomments&post=58738"}],"version-history":[{"count":3,"href":"https:\/\/radiorevelacionfm.cl\/index.php?rest_route=\/wp\/v2\/posts\/58738\/revisions"}],"predecessor-version":[{"id":58741,"href":"https:\/\/radiorevelacionfm.cl\/index.php?rest_route=\/wp\/v2\/posts\/58738\/revisions\/58741"}],"wp:featuredmedia":[{"embeddable":true,"href":"https:\/\/radiorevelacionfm.cl\/index.php?rest_route=\/wp\/v2\/media\/58739"}],"wp:attachment":[{"href":"https:\/\/radiorevelacionfm.cl\/index.php?rest_route=%2Fwp%2Fv2%2Fmedia&parent=58738"}],"wp:term":[{"taxonomy":"category","embeddable":true,"href":"https:\/\/radiorevelacionfm.cl\/index.php?rest_route=%2Fwp%2Fv2%2Fcategories&post=58738"},{"taxonomy":"post_tag","embeddable":true,"href":"https:\/\/radiorevelacionfm.cl\/index.php?rest_route=%2Fwp%2Fv2%2Ftags&post=58738"}],"curies":[{"name":"wp","href":"https:\/\/api.w.org\/{rel}","templated":true}]}}