{"id":58726,"date":"2025-09-03T21:32:28","date_gmt":"2025-09-04T00:32:28","guid":{"rendered":"https:\/\/radiorevelacionfm.cl\/?p=58726"},"modified":"2025-09-13T21:35:57","modified_gmt":"2025-09-14T00:35:57","slug":"candidaturas-en-aysen-por-un-regionalismo-sin-escrupulos","status":"publish","type":"post","link":"https:\/\/radiorevelacionfm.cl\/?p=58726","title":{"rendered":"Candidaturas en Ays\u00e9n: \u00bfPor un regionalismo sin escr\u00fapulos?"},"content":{"rendered":"<div class=\"flex_column av_one_full  flex_column_div av-zero-column-padding first  avia-builder-el-0  el_before_av_one_full  avia-builder-el-first  \" style='border-radius:0px; '><div  class='avia-image-container  av-styling-    avia-builder-el-1  avia-builder-el-no-sibling  avia-align-center '  itemprop=\"image\" itemscope=\"itemscope\" itemtype=\"https:\/\/schema.org\/ImageObject\"  ><div class='avia-image-container-inner'><div class='avia-image-overlay-wrap'><img decoding=\"async\" class='wp-image-55179 avia-img-lazy-loading-not-55179 avia_image' src=\"https:\/\/radiorevelacionfm.cl\/wp-content\/uploads\/2025\/06\/coyhaique_plaza_de_armas_05-1.jpg\" alt='' title='coyhaique_plaza_de_armas_05 (1)' height=\"600\" width=\"800\"  itemprop=\"thumbnailUrl\" srcset=\"https:\/\/radiorevelacionfm.cl\/wp-content\/uploads\/2025\/06\/coyhaique_plaza_de_armas_05-1.jpg 800w, https:\/\/radiorevelacionfm.cl\/wp-content\/uploads\/2025\/06\/coyhaique_plaza_de_armas_05-1-300x225.jpg 300w, https:\/\/radiorevelacionfm.cl\/wp-content\/uploads\/2025\/06\/coyhaique_plaza_de_armas_05-1-768x576.jpg 768w, https:\/\/radiorevelacionfm.cl\/wp-content\/uploads\/2025\/06\/coyhaique_plaza_de_armas_05-1-705x529.jpg 705w, https:\/\/radiorevelacionfm.cl\/wp-content\/uploads\/2025\/06\/coyhaique_plaza_de_armas_05-1-450x338.jpg 450w, https:\/\/radiorevelacionfm.cl\/wp-content\/uploads\/2025\/06\/coyhaique_plaza_de_armas_05-1-600x450.jpg 600w\" sizes=\"(max-width: 800px) 100vw, 800px\" \/><\/div><\/div><\/div><\/div><div class=\"flex_column av_one_full  flex_column_div av-zero-column-padding first  avia-builder-el-2  el_after_av_one_full  el_before_av_one_full  column-top-margin\" style='border-radius:0px; '><section class=\"av_textblock_section \"  itemscope=\"itemscope\" itemtype=\"https:\/\/schema.org\/BlogPosting\" itemprop=\"blogPost\" ><div class='avia_textblock  '   itemprop=\"text\" ><p style=\"text-align: center;\"><span style=\"font-size: 18pt;\"><b><span lang=\"ES-TRAD\">Candidaturas en Ays\u00e9n: \u00bfPor un regionalismo sin escr\u00fapulos?<\/span><\/b><\/span><\/p>\n<div id=\"gtx-trans\" style=\"position: absolute; left: -50px; top: 4.31534px;\">\n<div class=\"gtx-trans-icon\"><\/div>\n<\/div>\n<\/div><\/section><\/div><\/p>\n<div class=\"flex_column av_one_full  flex_column_div av-zero-column-padding first  avia-builder-el-4  el_after_av_one_full  el_before_av_hr  column-top-margin\" style='border-radius:0px; '><section class=\"av_textblock_section \"  itemscope=\"itemscope\" itemtype=\"https:\/\/schema.org\/BlogPosting\" itemprop=\"blogPost\" ><div class='avia_textblock  '   itemprop=\"text\" ><p style=\"font-weight: 400; text-align: justify;\">Escrupuloso viene del lat\u00edn \u201c<em><a href=\"https:\/\/dle.rae.es\/escr%C3%BApulo\" data-saferedirecturl=\"https:\/\/www.google.com\/url?q=https:\/\/dle.rae.es\/escr%25C3%25BApulo&amp;source=gmail&amp;ust=1757022807197000&amp;usg=AOvVaw1xm5HyjM8AKBuoCmbUU0BY\">scrup\u016dlus<\/a><\/em>\u201d: piedrecilla. Pero no una cualquiera, una que nos molesta en el avance en pos de nuestros objetivos, sean \u00e9stos los que sean. Tengan el cariz que tengan. Afecten a quienes afecten.<\/p>\n<p style=\"font-weight: 400; text-align: justify;\">Su origen, seg\u00fan diversas fuentes,\u00a0<a href=\"https:\/\/elhistoriador.com.ar\/la-expresion-piedra-en-el-zapato-dio-origen-al-significado-de-sin-escrupulos\/\" data-saferedirecturl=\"https:\/\/www.google.com\/url?q=https:\/\/elhistoriador.com.ar\/la-expresion-piedra-en-el-zapato-dio-origen-al-significado-de-sin-escrupulos\/&amp;source=gmail&amp;ust=1757022807197000&amp;usg=AOvVaw0pbO2vl1OZ3hE8DyStISLm\">remite a los legionarios romanos<\/a>, reconocidos por sus constantes y extensas marchas en sus campa\u00f1as imperiales. En tales incursiones constantemente se les colaban guijarros en las sandalias, oblig\u00e1ndose a seguir el trayecto sin detenerse, para as\u00ed no retrasar a todo el grupo y exponerse a una sanci\u00f3n. Sintiendo en todo momento esa diminuta, dolorosa, incomodidad.\u00a0 Generales, senadores y tribunos, en cambio, al ir de a caballo, no ten\u00edan ese problema. Ellos, nos dice la historia, no ten\u00edan escr\u00fapulos.<\/p>\n<p style=\"font-weight: 400; text-align: justify;\">Es este relato parte de las reflexiones constantes de la humanidad. La discusi\u00f3n sobre el costo que estamos dispuestos a pagar en pos de cumplir nuestros objetivos. O, incluso en ocasiones, hacerlo pagar al resto. Algo f\u00e1cil: saldar facturas con billeteras ajenas es lo m\u00e1s c\u00f3modo del mundo.<\/p>\n<p style=\"font-weight: 400; text-align: justify;\">Al griego Pirro se le cuelgan las victorias p\u00edrricas. Y al fil\u00f3sofo renacentista Maquiavelo que el fin justifica los medios, aunque, a decir verdad, la frase en el Pr\u00edncipe era menos maquiav\u00e9lica a como suena: la idea era que, dependiendo los objetivos, se deb\u00edan definir las t\u00e1cticas. O cuando el Raskolnikov de Dostoievsky, tras asesinar y robar a la anciana prestamista, reflexionaba -como buen soci\u00f3pata- que ese dinero har\u00eda mayor bien social si estaba en sus manos, joven universitario, que en las de la vieja usurera.<\/p>\n<p style=\"font-weight: 400; text-align: justify;\">En pol\u00edtica es recurrente escuchar que no hay que tener escr\u00fapulos. Que el pragmatismo la lleva, que los objetivos superiores est\u00e1n por sobre otras minucias terrenales. Traicionar convicciones (si es que se las tiene) forma parte de este repertorio.<\/p>\n<p style=\"font-weight: 400; text-align: justify;\">Lo vimos hace poco en la negociaci\u00f3n parlamentaria. Espec\u00edficamente, en la conformaci\u00f3n de listas. Donde el principal protagonista fue el actual diputado independiente Miguel Angel Calisto, ex DC, ex PRI, nuevamente ex DC, pero siempre centroderecha, al fichar por el partido Federaci\u00f3n Regionalista Verde Social (FRVS) con el fin de competir y lograr un cupo en el Senado.<\/p>\n<p style=\"font-weight: 400; text-align: justify;\">Pocos d\u00edas antes de dar el s\u00ed a la tienda controlada (nunca mejor dicho) por el matrimonio compuesto por Flavia Torrealba (su presidenta) y Jaime Mulet (su diputado), Calisto estaba negociando ir por la lista de Chile Vamos, apoyo a la UDI Evelyn Matthei mediante. En un par de d\u00edas, analizando su situaci\u00f3n personal, cambi\u00f3 de aliados pol\u00edticos y se subi\u00f3 a una tienda que apoya al actual gobierno. Con el compromiso de respaldar a la candidata PC Jeannette Jara.<\/p>\n<p style=\"font-weight: 400; text-align: justify;\">Todo en nombre de Ays\u00e9n.<\/p>\n<p style=\"font-weight: 400; text-align: justify;\">Al frente no lo hicieron muy distinto. Pirquineando candidatos por todo Chile con el fin de abultar su incidencia pol\u00edtica y, de plano, no desaparecer por falta de votos, el FRVS abri\u00f3 las puertas a quien quisiera sumarse. S\u00f3lo se ten\u00eda que ser independiente. En t\u00e9rminos formales solamente, es decir ante el Servel. Daba lo mismo la situaci\u00f3n legal, historial de votaci\u00f3n en el Congreso, v\u00ednculos empresariales. Y menos a\u00fan la adhesi\u00f3n a los estatutos partidarios.<\/p>\n<p style=\"font-weight: 400; text-align: justify;\">De ah\u00ed que su lista a la C\u00e1mara Alta en Ays\u00e9n la integran el eterno candidato por Chile Vamos Eugenio Canales, m\u00e1s el independiente ex DC Jorge Abello, quien en los espacios en que ha participado ha operado como oposici\u00f3n.<\/p>\n<p style=\"font-weight: 400; text-align: justify;\">Un partido pol\u00edtico no es un grupo de amigos. Claro que pueden serlo, pero eso no debiera ser lo que les une. Son colectivos de inter\u00e9s p\u00fablico, con procesos reglados y principios rectores. El FRVS tambi\u00e9n los tiene, y \u00e9stos incluyen compromisos con la protecci\u00f3n ambiental. No s\u00f3lo en su nombre, tambi\u00e9n en sus <a href=\"https:\/\/frevs.cl\/wp-content\/uploads\/2018\/12\/ESTATUTOS-FRVS-28122018.pdf\" data-saferedirecturl=\"https:\/\/www.google.com\/url?q=https:\/\/frevs.cl\/wp-content\/uploads\/2018\/12\/ESTATUTOS-FRVS-28122018.pdf&amp;source=gmail&amp;ust=1757022807198000&amp;usg=AOvVaw2c6SVGfAX0U99m-yupm8XM\">idearios<\/a>: \u201c<em>el Partido propicia un modelo de desarrollo socialmente sustentable y particularmente ambientalmente sustentable, buscando legar un pa\u00eds con un medioambiente limpio y preservado de toda degradaci\u00f3n a las generaciones futuras<\/em>\u201d.<\/p>\n<p style=\"font-weight: 400; text-align: justify;\">Al oficialismo le ha molestado el fichaje de Calisto por su zigzagueo en la pol\u00edtica tradicional. Y a parte de la derecha por su desafuero al existir indicios de corrupci\u00f3n.<\/p>\n<p style=\"font-weight: 400; text-align: justify;\">Otros relevan que haya aceptado ir por un partido distinto a su forma de pensar y actuaci\u00f3n: el diputado impulsa proyectos que buscan\u00a0<a href=\"https:\/\/www.biodiversidadla.org\/Noticias\/El-prontuario-que-no-quieren-que-conozcas-del-diputado-salmonero-promotor-de-ley-que-criminaliza-a-defensores-de-la-naturaleza\" data-saferedirecturl=\"https:\/\/www.google.com\/url?q=https:\/\/www.biodiversidadla.org\/Noticias\/El-prontuario-que-no-quieren-que-conozcas-del-diputado-salmonero-promotor-de-ley-que-criminaliza-a-defensores-de-la-naturaleza&amp;source=gmail&amp;ust=1757022807198000&amp;usg=AOvVaw3t46JHYXOtoigCtuODhDrm\">silenciar a las organizaciones de la sociedad civil socioambiental<\/a>, ha apoyado gran parte de los proyectos que\u00a0<a href=\"https:\/\/www.salmonexpert.cl\/aysen-areas-protegidas\/somos-en-principio-contrarios-a-las-restricciones-absolutas-contra-la-acuicultura\/1555006\" data-saferedirecturl=\"https:\/\/www.google.com\/url?q=https:\/\/www.salmonexpert.cl\/aysen-areas-protegidas\/somos-en-principio-contrarios-a-las-restricciones-absolutas-contra-la-acuicultura\/1555006&amp;source=gmail&amp;ust=1757022807198000&amp;usg=AOvVaw2RD7mIuig1qHS5pZiqCPuu\">permiten el desarrollo de la industria del salm\u00f3n en las \u00e1reas protegidas<\/a>, ha\u00a0<a href=\"https:\/\/www.rln.cl\/regional\/125441-calisto-valora-rechazo-de-ecmpo-no-podemos-obstaculizar-el-desarrollo-economico-por-estas-solicitudes\/\" data-saferedirecturl=\"https:\/\/www.google.com\/url?q=https:\/\/www.rln.cl\/regional\/125441-calisto-valora-rechazo-de-ecmpo-no-podemos-obstaculizar-el-desarrollo-economico-por-estas-solicitudes\/&amp;source=gmail&amp;ust=1757022807198000&amp;usg=AOvVaw3ett1k9SRmHyUKCPHP5tcR\">torpedeado la Ley Lafkenche<\/a>. Incluso lleg\u00f3 a decir en un programa que habr\u00eda que \u201c<em>eliminar el Ministerio del Medio Ambiente<\/em>\u201d porque \u201c<em>frena el desarrollo\u201d<\/em>.<\/p>\n<p style=\"font-weight: 400; text-align: justify;\">As\u00ed como para Calisto estar en un partido verde no es una piedra en el zapato, al FRVS tampoco le molesta tener un legislador que opera en contra de sus ideales fundantes. En ambos casos, en nombre de un regionalismo sin bandera. Y cuando aquello ocurre tenemos en un problema.<\/p>\n<p style=\"font-weight: 400; text-align: justify;\">En pol\u00edtica, no todo debiera ser cancha. As\u00ed como Evelyn Matthei se quej\u00f3 del batall\u00f3n de bots ligados a la campa\u00f1a de Jos\u00e9 Antonio Kast que le inventaron patolog\u00edas mentales, debiera incomodar tambi\u00e9n el todo vale para ser electo. Incluso aunque sea al alero de un supuesto regionalismo para el cual todas las micros sirven.<\/p>\n<p style=\"font-weight: 400; text-align: justify;\">Pero a estas alturas no basta con que se conozcan estas incongruencias. Se suma a ello la <a href=\"https:\/\/www.elmostrador.cl\/destacado\/2019\/05\/01\/los-pinera-en-china-que-nos-queda-cuando-la-elite-pierde-la-verguenza\/\" data-saferedirecturl=\"https:\/\/www.google.com\/url?q=https:\/\/www.elmostrador.cl\/destacado\/2019\/05\/01\/los-pinera-en-china-que-nos-queda-cuando-la-elite-pierde-la-verguenza\/&amp;source=gmail&amp;ust=1757022807198000&amp;usg=AOvVaw2WVs6fFkOnp4WNo2yH7XTz\">falta de verg\u00fcenza para asumirlas<\/a> por parte de la \u00e9lite, cuyos integrantes debieran ser los primeros en dar el ejemplo. Tan negativo como un grupo de votantes a los que les da lo mismo la corrupci\u00f3n, la traici\u00f3n y el descaro.<\/p>\n<p style=\"font-weight: 400; text-align: justify;\">Discutir estos temas no es ser escrupuloso. Es fortalecer el sentido de lo p\u00fablico, tan a la baja en d\u00edas de competencia electoral.<\/p>\n<p><em>Por: Patricio Segura Ortiz, periodista<\/em><\/p>\n<\/div><\/section><\/div>\n<div  style='height:50px' class='hr hr-invisible   avia-builder-el-6  el_after_av_one_full  el_before_av_social_share '><span class='hr-inner ' ><span class='hr-inner-style'><\/span><\/span><\/div>\n<div  class='av-social-sharing-box  avia-builder-el-7  el_after_av_hr  el_before_av_hr  '><div class='av-share-box'><h5 class='av-share-link-description av-no-toc '>Compartir esta noticia<\/h5><ul class='av-share-box-list noLightbox'><li class='av-share-link av-social-link-facebook' ><a target=\"_blank\" aria-label=\"Compartir en Facebook\" href='https:\/\/www.facebook.com\/sharer.php?u=https:\/\/radiorevelacionfm.cl\/?p=58726&#038;t=Candidaturas%20en%20Ays%C3%A9n%3A%20%C2%BFPor%20un%20regionalismo%20sin%20escr%C3%BApulos%3F' aria-hidden='false' data-av_icon='\ue8f3' data-av_iconfont='entypo-fontello' title='' data-avia-related-tooltip='Compartir en Facebook' rel=\"noopener\"><span class='avia_hidden_link_text'>Compartir en Facebook<\/span><\/a><\/li><li class='av-share-link av-social-link-twitter' ><a target=\"_blank\" aria-label=\"Compartir en Twitter\" href='https:\/\/twitter.com\/share?text=Candidaturas%20en%20Ays%C3%A9n%3A%20%C2%BFPor%20un%20regionalismo%20sin%20escr%C3%BApulos%3F&#038;url=https:\/\/radiorevelacionfm.cl\/?p=58726' aria-hidden='false' data-av_icon='\ue8f1' data-av_iconfont='entypo-fontello' title='' data-avia-related-tooltip='Compartir en Twitter' rel=\"noopener\"><span class='avia_hidden_link_text'>Compartir en Twitter<\/span><\/a><\/li><li class='av-share-link av-social-link-whatsapp' ><a target=\"_blank\" aria-label=\"Compartir en Whatsapp\" href='https:\/\/api.whatsapp.com\/send?text=https:\/\/radiorevelacionfm.cl\/?p=58726' aria-hidden='false' data-av_icon='\uf232' data-av_iconfont='entypo-fontello' title='' data-avia-related-tooltip='Compartir en Whatsapp' rel=\"noopener\"><span class='avia_hidden_link_text'>Compartir en Whatsapp<\/span><\/a><\/li><li class='av-share-link av-social-link-linkedin' ><a target=\"_blank\" aria-label=\"Compartir en LinkedIn\" href='https:\/\/linkedin.com\/shareArticle?mini=true&#038;title=Candidaturas%20en%20Ays%C3%A9n%3A%20%C2%BFPor%20un%20regionalismo%20sin%20escr%C3%BApulos%3F&#038;url=https:\/\/radiorevelacionfm.cl\/?p=58726' aria-hidden='false' data-av_icon='\ue8fc' data-av_iconfont='entypo-fontello' title='' data-avia-related-tooltip='Compartir en LinkedIn' rel=\"noopener\"><span class='avia_hidden_link_text'>Compartir en LinkedIn<\/span><\/a><\/li><li class='av-share-link av-social-link-mail' ><a  aria-label=\"Compartir por correo\" href='mailto:?subject=Candidaturas%20en%20Ays%C3%A9n%3A%20%C2%BFPor%20un%20regionalismo%20sin%20escr%C3%BApulos%3F&#038;body=https:\/\/radiorevelacionfm.cl\/?p=58726' aria-hidden='false' data-av_icon='\ue805' data-av_iconfont='entypo-fontello' title='' data-avia-related-tooltip='Compartir por correo'><span class='avia_hidden_link_text'>Compartir por correo<\/span><\/a><\/li><\/ul><\/div><\/div>\n<div  style='height:50px' class='hr hr-invisible   avia-builder-el-8  el_after_av_social_share  el_before_av_comments_list '><span class='hr-inner ' ><span class='hr-inner-style'><\/span><\/span><\/div>\n<div  class='av-buildercomment  av-blog-meta-html-info-disabled av-blog-meta-tag-disabled  '><\/div>\n","protected":false},"excerpt":{"rendered":"","protected":false},"author":1,"featured_media":55179,"comment_status":"closed","ping_status":"closed","sticky":false,"template":"","format":"standard","meta":{"footnotes":""},"categories":[50],"tags":[],"class_list":["post-58726","post","type-post","status-publish","format-standard","has-post-thumbnail","hentry","category-cartas-y-opinion"],"jetpack_featured_media_url":"https:\/\/radiorevelacionfm.cl\/wp-content\/uploads\/2025\/06\/coyhaique_plaza_de_armas_05-1.jpg","_links":{"self":[{"href":"https:\/\/radiorevelacionfm.cl\/index.php?rest_route=\/wp\/v2\/posts\/58726","targetHints":{"allow":["GET"]}}],"collection":[{"href":"https:\/\/radiorevelacionfm.cl\/index.php?rest_route=\/wp\/v2\/posts"}],"about":[{"href":"https:\/\/radiorevelacionfm.cl\/index.php?rest_route=\/wp\/v2\/types\/post"}],"author":[{"embeddable":true,"href":"https:\/\/radiorevelacionfm.cl\/index.php?rest_route=\/wp\/v2\/users\/1"}],"replies":[{"embeddable":true,"href":"https:\/\/radiorevelacionfm.cl\/index.php?rest_route=%2Fwp%2Fv2%2Fcomments&post=58726"}],"version-history":[{"count":3,"href":"https:\/\/radiorevelacionfm.cl\/index.php?rest_route=\/wp\/v2\/posts\/58726\/revisions"}],"predecessor-version":[{"id":59171,"href":"https:\/\/radiorevelacionfm.cl\/index.php?rest_route=\/wp\/v2\/posts\/58726\/revisions\/59171"}],"wp:featuredmedia":[{"embeddable":true,"href":"https:\/\/radiorevelacionfm.cl\/index.php?rest_route=\/wp\/v2\/media\/55179"}],"wp:attachment":[{"href":"https:\/\/radiorevelacionfm.cl\/index.php?rest_route=%2Fwp%2Fv2%2Fmedia&parent=58726"}],"wp:term":[{"taxonomy":"category","embeddable":true,"href":"https:\/\/radiorevelacionfm.cl\/index.php?rest_route=%2Fwp%2Fv2%2Fcategories&post=58726"},{"taxonomy":"post_tag","embeddable":true,"href":"https:\/\/radiorevelacionfm.cl\/index.php?rest_route=%2Fwp%2Fv2%2Ftags&post=58726"}],"curies":[{"name":"wp","href":"https:\/\/api.w.org\/{rel}","templated":true}]}}