{"id":58721,"date":"2025-09-03T20:20:58","date_gmt":"2025-09-03T23:20:58","guid":{"rendered":"https:\/\/radiorevelacionfm.cl\/?p=58721"},"modified":"2025-09-03T20:20:58","modified_gmt":"2025-09-03T23:20:58","slug":"concurso-nacional-de-pintura-homenaje-al-teniente-hernan-merino-a-traves-del-arte","status":"publish","type":"post","link":"https:\/\/radiorevelacionfm.cl\/?p=58721","title":{"rendered":"Concurso Nacional de Pintura: Homenaje al Teniente Hern\u00e1n Merino a trav\u00e9s del arte"},"content":{"rendered":"<div class=\"flex_column av_one_full  flex_column_div av-zero-column-padding first  avia-builder-el-0  el_before_av_one_full  avia-builder-el-first  \" style='border-radius:0px; '><div  class='avia-image-container  av-styling-    avia-builder-el-1  avia-builder-el-no-sibling  avia-align-center '  itemprop=\"image\" itemscope=\"itemscope\" itemtype=\"https:\/\/schema.org\/ImageObject\"  ><div class='avia-image-container-inner'><div class='avia-image-overlay-wrap'><img decoding=\"async\" class='wp-image-58722 avia-img-lazy-loading-not-58722 avia_image' src=\"https:\/\/radiorevelacionfm.cl\/wp-content\/uploads\/2025\/09\/1756131371_teniente-merino-1_optimized-1-1.jpg\" alt='' title='1756131371_teniente-merino-(1)_optimized (1) (1)' height=\"600\" width=\"1200\"  itemprop=\"thumbnailUrl\" srcset=\"https:\/\/radiorevelacionfm.cl\/wp-content\/uploads\/2025\/09\/1756131371_teniente-merino-1_optimized-1-1.jpg 1200w, https:\/\/radiorevelacionfm.cl\/wp-content\/uploads\/2025\/09\/1756131371_teniente-merino-1_optimized-1-1-300x150.jpg 300w, https:\/\/radiorevelacionfm.cl\/wp-content\/uploads\/2025\/09\/1756131371_teniente-merino-1_optimized-1-1-1030x515.jpg 1030w, https:\/\/radiorevelacionfm.cl\/wp-content\/uploads\/2025\/09\/1756131371_teniente-merino-1_optimized-1-1-768x384.jpg 768w, https:\/\/radiorevelacionfm.cl\/wp-content\/uploads\/2025\/09\/1756131371_teniente-merino-1_optimized-1-1-705x353.jpg 705w, https:\/\/radiorevelacionfm.cl\/wp-content\/uploads\/2025\/09\/1756131371_teniente-merino-1_optimized-1-1-450x225.jpg 450w, https:\/\/radiorevelacionfm.cl\/wp-content\/uploads\/2025\/09\/1756131371_teniente-merino-1_optimized-1-1-600x300.jpg 600w\" sizes=\"(max-width: 1200px) 100vw, 1200px\" \/><\/div><\/div><\/div><\/div><div class=\"flex_column av_one_full  flex_column_div av-zero-column-padding first  avia-builder-el-2  el_after_av_one_full  el_before_av_one_full  column-top-margin\" style='border-radius:0px; '><section class=\"av_textblock_section \"  itemscope=\"itemscope\" itemtype=\"https:\/\/schema.org\/BlogPosting\" itemprop=\"blogPost\" ><div class='avia_textblock  '   itemprop=\"text\" ><p style=\"text-align: center;\"><strong><span style=\"font-size: 18pt;\">Concurso Nacional de Pintura: Homenaje al Teniente Hern\u00e1n Merino a trav\u00e9s del arte<\/span><\/strong><\/p>\n<div id=\"gtx-trans\" style=\"position: absolute; left: -50px; top: 4.31534px;\">\n<div class=\"gtx-trans-icon\"><\/div>\n<\/div>\n<\/div><\/section><\/div><div class=\"flex_column av_one_full  flex_column_div av-zero-column-padding first  avia-builder-el-4  el_after_av_one_full  el_before_av_hr  column-top-margin\" style='border-radius:0px; '><section class=\"av_textblock_section \"  itemscope=\"itemscope\" itemtype=\"https:\/\/schema.org\/BlogPosting\" itemprop=\"blogPost\" ><div class='avia_textblock  '   itemprop=\"text\" ><p dir=\"ltr\" style=\"text-align: justify;\">Carabineros de Chile, a trav\u00e9s del Museo Hist\u00f3rico y Centro Cultural junto a la Cooperativa de Carabineros de Chile, invita a todos los artistas pl\u00e1sticos, autodidactas o profesionales mayores de 18 a\u00f1os, a participar en el Concurso Nacional de Pintura Hern\u00e1n Merino Correa: Trazos de valor, cuya convocatoria se extender\u00e1 hasta el 30 de septiembre de 2025.<\/p>\n<p dir=\"ltr\" style=\"text-align: justify;\">Esta iniciativa se enmarca en la conmemoraci\u00f3n del sexag\u00e9simo aniversario del fallecimiento del Teniente Hern\u00e1n Merino Correa, el 6 de noviembre de 1965. Por ello, las obras participantes deber\u00e1n abordar, a trav\u00e9s de la expresi\u00f3n pl\u00e1stica, su figura y legado a la patria. Las propuestas podr\u00e1n desarrollarse mediante representaciones figurativas o abstractas, acciones o met\u00e1foras visuales, abordando estilos como: figurativo tradicional, realismo, hiperrealismo, expresionismo, impresionismo, cubismo, arte abstracto y arte pop.<\/p>\n<p dir=\"ltr\" style=\"text-align: justify;\">En cuanto a las t\u00e9cnicas, se aceptar\u00e1n obras ejecutadas en \u00f3leo, acr\u00edlico o t\u00e9cnicas mixtas sobre tela o madera (formato bidimensional), en los siguientes tama\u00f1os (sin enmarcar): 70 x 100 cm; 100 x 100 cm o 90 x 120 cm.<\/p>\n<p dir=\"ltr\" style=\"text-align: justify;\"><b>Recepci\u00f3n de obras:<\/b><\/p>\n<p dir=\"ltr\" style=\"text-align: justify;\">Las obras se recepcionar\u00e1n correctamente embaladas entre el 1 de agosto y el 30 de septiembre de 2025, en el Museo Hist\u00f3rico y Centro Cultural Carabineros de Chile (Vasconia 1523, Providencia), de lunes a viernes, entre las 9:00 y las 16:00 horas.<\/p>\n<p dir=\"ltr\" style=\"text-align: justify;\">Para mayor informaci\u00f3n, se pueden descargar las bases <a href=\"https:\/\/museocarabineros.cl\/web\/storage\/articles_pdf\/1756131270_1753974774_Bases%20Concurso%20Pintura%20Teniente%20Merino%2017%20de%20julio.pdf\" target=\"_blank\" rel=\"noopener\" data-saferedirecturl=\"https:\/\/www.google.com\/url?q=https:\/\/museocarabineros.cl\/web\/storage\/articles_pdf\/1756131270_1753974774_Bases%2520Concurso%2520Pintura%2520Teniente%2520Merino%252017%2520de%2520julio.pdf&amp;source=gmail&amp;ust=1757021073299000&amp;usg=AOvVaw0O1dYljtVI6cPmx-lgY2xe\">aqu\u00ed\u00a0<\/a>\u00a0o escribir al correo:\u00a0<a href=\"mailto:educacion@museocarabineros.cl\" target=\"_blank\" rel=\"noopener\">educacion@museocarabineros.cl<\/a><\/p>\n<p dir=\"ltr\" style=\"text-align: justify;\">Bases aqu\u00ed<\/p>\n<p dir=\"ltr\" style=\"text-align: justify;\"><a href=\"https:\/\/museocarabineros.cl\/web\/storage\/articles_pdf\/1756131270_1753974774_Bases%20Concurso%20Pintura%20Teniente%20Merino%2017%20de%20julio.pdf\" target=\"_blank\" rel=\"noopener\" data-saferedirecturl=\"https:\/\/www.google.com\/url?q=https:\/\/museocarabineros.cl\/web\/storage\/articles_pdf\/1756131270_1753974774_Bases%2520Concurso%2520Pintura%2520Teniente%2520Merino%252017%2520de%2520julio.pdf&amp;source=gmail&amp;ust=1757021073299000&amp;usg=AOvVaw0O1dYljtVI6cPmx-lgY2xe\">https:\/\/museocarabineros.cl\/<wbr \/>web\/storage\/articles_pdf\/<wbr \/>1756131270_1753974774_Bases%<wbr \/>20Concurso%20Pintura%<wbr \/>20Teniente%20Merino%2017%20de%<wbr \/>20julio.pdf<\/a><\/p>\n<div class=\"yj6qo\" style=\"text-align: justify;\"><\/div>\n<div class=\"adL\" style=\"text-align: justify;\"><\/div>\n<\/div><\/section><\/div><div  style='height:50px' class='hr hr-invisible   avia-builder-el-6  el_after_av_one_full  el_before_av_social_share '><span class='hr-inner ' ><span class='hr-inner-style'><\/span><\/span><\/div><\/p>\n<div  class='av-social-sharing-box  avia-builder-el-7  el_after_av_hr  el_before_av_hr  '><div class='av-share-box'><h5 class='av-share-link-description av-no-toc '>Compartir esta noticia<\/h5><ul class='av-share-box-list noLightbox'><li class='av-share-link av-social-link-facebook' ><a target=\"_blank\" aria-label=\"Compartir en Facebook\" href='https:\/\/www.facebook.com\/sharer.php?u=https:\/\/radiorevelacionfm.cl\/?p=58721&#038;t=Concurso%20Nacional%20de%20Pintura%3A%20Homenaje%20al%20Teniente%20Hern%C3%A1n%20Merino%20a%20trav%C3%A9s%20del%20arte' aria-hidden='false' data-av_icon='\ue8f3' data-av_iconfont='entypo-fontello' title='' data-avia-related-tooltip='Compartir en Facebook' rel=\"noopener\"><span class='avia_hidden_link_text'>Compartir en Facebook<\/span><\/a><\/li><li class='av-share-link av-social-link-twitter' ><a target=\"_blank\" aria-label=\"Compartir en Twitter\" href='https:\/\/twitter.com\/share?text=Concurso%20Nacional%20de%20Pintura%3A%20Homenaje%20al%20Teniente%20Hern%C3%A1n%20Merino%20a%20trav%C3%A9s%20del%20arte&#038;url=https:\/\/radiorevelacionfm.cl\/?p=58721' aria-hidden='false' data-av_icon='\ue8f1' data-av_iconfont='entypo-fontello' title='' data-avia-related-tooltip='Compartir en Twitter' rel=\"noopener\"><span class='avia_hidden_link_text'>Compartir en Twitter<\/span><\/a><\/li><li class='av-share-link av-social-link-whatsapp' ><a target=\"_blank\" aria-label=\"Compartir en Whatsapp\" href='https:\/\/api.whatsapp.com\/send?text=https:\/\/radiorevelacionfm.cl\/?p=58721' aria-hidden='false' data-av_icon='\uf232' data-av_iconfont='entypo-fontello' title='' data-avia-related-tooltip='Compartir en Whatsapp' rel=\"noopener\"><span class='avia_hidden_link_text'>Compartir en Whatsapp<\/span><\/a><\/li><li class='av-share-link av-social-link-linkedin' ><a target=\"_blank\" aria-label=\"Compartir en LinkedIn\" href='https:\/\/linkedin.com\/shareArticle?mini=true&#038;title=Concurso%20Nacional%20de%20Pintura%3A%20Homenaje%20al%20Teniente%20Hern%C3%A1n%20Merino%20a%20trav%C3%A9s%20del%20arte&#038;url=https:\/\/radiorevelacionfm.cl\/?p=58721' aria-hidden='false' data-av_icon='\ue8fc' data-av_iconfont='entypo-fontello' title='' data-avia-related-tooltip='Compartir en LinkedIn' rel=\"noopener\"><span class='avia_hidden_link_text'>Compartir en LinkedIn<\/span><\/a><\/li><li class='av-share-link av-social-link-mail' ><a  aria-label=\"Compartir por correo\" href='mailto:?subject=Concurso%20Nacional%20de%20Pintura%3A%20Homenaje%20al%20Teniente%20Hern%C3%A1n%20Merino%20a%20trav%C3%A9s%20del%20arte&#038;body=https:\/\/radiorevelacionfm.cl\/?p=58721' aria-hidden='false' data-av_icon='\ue805' data-av_iconfont='entypo-fontello' title='' data-avia-related-tooltip='Compartir por correo'><span class='avia_hidden_link_text'>Compartir por correo<\/span><\/a><\/li><\/ul><\/div><\/div>\n<div  style='height:50px' class='hr hr-invisible   avia-builder-el-8  el_after_av_social_share  el_before_av_comments_list '><span class='hr-inner ' ><span class='hr-inner-style'><\/span><\/span><\/div>\n<div  class='av-buildercomment  av-blog-meta-html-info-disabled av-blog-meta-tag-disabled  '><\/div>\n","protected":false},"excerpt":{"rendered":"","protected":false},"author":1,"featured_media":58722,"comment_status":"closed","ping_status":"closed","sticky":false,"template":"","format":"standard","meta":{"footnotes":""},"categories":[61],"tags":[],"class_list":["post-58721","post","type-post","status-publish","format-standard","has-post-thumbnail","hentry","category-nacional"],"jetpack_featured_media_url":"https:\/\/radiorevelacionfm.cl\/wp-content\/uploads\/2025\/09\/1756131371_teniente-merino-1_optimized-1-1.jpg","_links":{"self":[{"href":"https:\/\/radiorevelacionfm.cl\/index.php?rest_route=\/wp\/v2\/posts\/58721","targetHints":{"allow":["GET"]}}],"collection":[{"href":"https:\/\/radiorevelacionfm.cl\/index.php?rest_route=\/wp\/v2\/posts"}],"about":[{"href":"https:\/\/radiorevelacionfm.cl\/index.php?rest_route=\/wp\/v2\/types\/post"}],"author":[{"embeddable":true,"href":"https:\/\/radiorevelacionfm.cl\/index.php?rest_route=\/wp\/v2\/users\/1"}],"replies":[{"embeddable":true,"href":"https:\/\/radiorevelacionfm.cl\/index.php?rest_route=%2Fwp%2Fv2%2Fcomments&post=58721"}],"version-history":[{"count":2,"href":"https:\/\/radiorevelacionfm.cl\/index.php?rest_route=\/wp\/v2\/posts\/58721\/revisions"}],"predecessor-version":[{"id":58725,"href":"https:\/\/radiorevelacionfm.cl\/index.php?rest_route=\/wp\/v2\/posts\/58721\/revisions\/58725"}],"wp:featuredmedia":[{"embeddable":true,"href":"https:\/\/radiorevelacionfm.cl\/index.php?rest_route=\/wp\/v2\/media\/58722"}],"wp:attachment":[{"href":"https:\/\/radiorevelacionfm.cl\/index.php?rest_route=%2Fwp%2Fv2%2Fmedia&parent=58721"}],"wp:term":[{"taxonomy":"category","embeddable":true,"href":"https:\/\/radiorevelacionfm.cl\/index.php?rest_route=%2Fwp%2Fv2%2Fcategories&post=58721"},{"taxonomy":"post_tag","embeddable":true,"href":"https:\/\/radiorevelacionfm.cl\/index.php?rest_route=%2Fwp%2Fv2%2Ftags&post=58721"}],"curies":[{"name":"wp","href":"https:\/\/api.w.org\/{rel}","templated":true}]}}