{"id":5872,"date":"2021-07-02T18:45:55","date_gmt":"2021-07-02T21:45:55","guid":{"rendered":"https:\/\/radiorevelacionfm.cl\/?p=5872"},"modified":"2021-07-02T19:20:13","modified_gmt":"2021-07-02T22:20:13","slug":"carabineros-del-o-s-7-en-conjunto-con-la-fiscalia-realizan-inedito-operativo-antidrogas-en-puerto-gala","status":"publish","type":"post","link":"https:\/\/radiorevelacionfm.cl\/?p=5872","title":{"rendered":"Carabineros del O.S.7 en conjunto con la Fiscal\u00eda realizan in\u00e9dito operativo antidrogas en Puerto Gala"},"content":{"rendered":"<div class=\"flex_column av_one_full  flex_column_div av-zero-column-padding first  avia-builder-el-0  el_before_av_one_full  avia-builder-el-first  \" style='border-radius:0px; '><div  class='avia-image-container  av-styling-    avia-builder-el-1  avia-builder-el-no-sibling  avia-align-center '  itemprop=\"image\" itemscope=\"itemscope\" itemtype=\"https:\/\/schema.org\/ImageObject\"  ><div class='avia-image-container-inner'><div class='avia-image-overlay-wrap'><img decoding=\"async\" class='wp-image-0 avia-img-lazy-loading-not-0 avia_image' src=\"https:\/\/radiorevelacionfm.cl\/wp-content\/uploads\/2021\/07\/OS7.0-1.jpg\" alt='' title=''   itemprop=\"thumbnailUrl\"  \/><\/div><\/div><\/div><\/div><div class=\"flex_column av_one_full  flex_column_div av-zero-column-padding first  avia-builder-el-2  el_after_av_one_full  el_before_av_one_full  column-top-margin\" style='border-radius:0px; '><section class=\"av_textblock_section \"  itemscope=\"itemscope\" itemtype=\"https:\/\/schema.org\/BlogPosting\" itemprop=\"blogPost\" ><div class='avia_textblock  '   itemprop=\"text\" ><p style=\"text-align: center;\"><strong><span style=\"font-size: 18pt;\">Carabineros del O.S.7 en conjunto con la Fiscal\u00eda realizan in\u00e9dito operativo antidrogas en Puerto Gala<\/span><\/strong><\/p>\n<div id=\"gtx-trans\" style=\"position: absolute; left: -50px; top: 4.31534px;\">\n<div class=\"gtx-trans-icon\"><\/div>\n<\/div>\n<\/div><\/section><\/div><\/p>\n<div class=\"flex_column av_one_full  flex_column_div av-zero-column-padding first  avia-builder-el-4  el_after_av_one_full  el_before_av_hr  column-top-margin\" style='border-radius:0px; '><section class=\"av_textblock_section \"  itemscope=\"itemscope\" itemtype=\"https:\/\/schema.org\/BlogPosting\" itemprop=\"blogPost\" ><div class='avia_textblock  '   itemprop=\"text\" ><p class=\"v1MsoNormal\" style=\"text-align: justify;\">Carabineros de la Secci\u00f3n O.S.7 con apoyo del Grupo de Operaciones Policiales Especiales (GOPE) y la Gobernaci\u00f3n Mar\u00edtima de Ays\u00e9n \u2013en un trabajo coordinado con la Fiscal\u00eda Local de Puerto Ays\u00e9n, llev\u00f3 a efecto un operativo antidrogas in\u00e9dito en la localidad de Puerto Gala, siendo detenidos a dos infractores a la Ley 20.000 de Drogas.<\/p>\n<p class=\"v1MsoNormal\" style=\"text-align: justify;\">Luego de 3 horas de navegaci\u00f3n, el personal \u2013una vez en el lugar- realiz\u00f3 una entrada y registro m\u00faltiple a cuatro inmuebles, algunos de los cuales se encontraban ocupados por personas ajenas a la localidad, logrando el personal de O.S.7 -en virtud de diversas t\u00e9cnicas de investigaci\u00f3n- establecer que dichas personas estaban dedicadas al microtr\u00e1fico y cultivo ilegal de drogas en la isla.<\/p>\n<p class=\"v1MsoNormal\" style=\"text-align: justify;\">A trav\u00e9s de este operativo Carabineros ha podido dar respuesta eficiente a las denuncias e inquietudes por parte de la comunidad frente a esta materia, permitiendo reforzar la presencia institucional y la seguridad tanto en el litoral como a lo largo y ancho de la regi\u00f3n de Ays\u00e9n, en tanto que los antecedentes del procedimiento fueron puestos en conocimiento de la Fiscal\u00eda que dirige investigaci\u00f3n por este hecho.<\/p>\n<p class=\"v1MsoNormal\" style=\"text-align: justify;\">El Mayor Patricio Bustos, Comisario de Puerto Ays\u00e9n inst\u00f3 a la comunidad a denunciar este tipo de hechos, con la finalidad de iniciar los procesos investigativos y derivar los antecedentes a los tribunales respectivos.<\/p>\n<p class=\"v1MsoNormal\" style=\"text-align: justify;\">\u00abHacemos el llamado a la ciudadan\u00eda a realizar las denuncias \u2013en particular al fono drogas 135- que es un n\u00famero telef\u00f3nico gratuito, al cual pueden realizar la denuncia an\u00f3nima, las cuales van a ser respondidas por personal especializado de la Secci\u00f3n O.S.7, por lo tanto, esta informaci\u00f3n va a ser canalizada bajo reserva a los tribunales de justicia\u00bb, expres\u00f3 el Comisario de Puerto Ays\u00e9n.<\/p>\n<p class=\"v1MsoNormal\" style=\"text-align: justify;\">El Oficial a\u00f1adi\u00f3 que Carabineros de Chile reafirma su trabajo y compromiso con la comunidad, a\u00f1adiendo que el accionar est\u00e1 orientado a detectar y sacar de circulaci\u00f3n toda sustancia il\u00edcita que afecta f\u00edsica y psicol\u00f3gicamente a la comunidad.<\/p>\n<\/div><\/section><\/div><div  style='height:50px' class='hr hr-invisible   avia-builder-el-6  el_after_av_one_full  el_before_av_social_share '><span class='hr-inner ' ><span class='hr-inner-style'><\/span><\/span><\/div><\/p>\n<div  class='av-social-sharing-box  avia-builder-el-7  el_after_av_hr  el_before_av_hr  '><div class='av-share-box'><h5 class='av-share-link-description av-no-toc '>Compartir esta noticia<\/h5><ul class='av-share-box-list noLightbox'><li class='av-share-link av-social-link-facebook' ><a target=\"_blank\" aria-label=\"Compartir en Facebook\" href='https:\/\/www.facebook.com\/sharer.php?u=https:\/\/radiorevelacionfm.cl\/?p=5872&#038;t=Carabineros%20del%20O.S.7%20en%20conjunto%20con%20la%20Fiscal%C3%ADa%20realizan%20in%C3%A9dito%20operativo%20antidrogas%20en%20Puerto%20Gala' aria-hidden='false' data-av_icon='\ue8f3' data-av_iconfont='entypo-fontello' title='' data-avia-related-tooltip='Compartir en Facebook' rel=\"noopener\"><span class='avia_hidden_link_text'>Compartir en Facebook<\/span><\/a><\/li><li class='av-share-link av-social-link-twitter' ><a target=\"_blank\" aria-label=\"Compartir en Twitter\" href='https:\/\/twitter.com\/share?text=Carabineros%20del%20O.S.7%20en%20conjunto%20con%20la%20Fiscal%C3%ADa%20realizan%20in%C3%A9dito%20operativo%20antidrogas%20en%20Puerto%20Gala&#038;url=https:\/\/radiorevelacionfm.cl\/?p=5872' aria-hidden='false' data-av_icon='\ue8f1' data-av_iconfont='entypo-fontello' title='' data-avia-related-tooltip='Compartir en Twitter' rel=\"noopener\"><span class='avia_hidden_link_text'>Compartir en Twitter<\/span><\/a><\/li><li class='av-share-link av-social-link-whatsapp' ><a target=\"_blank\" aria-label=\"Compartir en Whatsapp\" href='https:\/\/api.whatsapp.com\/send?text=https:\/\/radiorevelacionfm.cl\/?p=5872' aria-hidden='false' data-av_icon='\uf232' data-av_iconfont='entypo-fontello' title='' data-avia-related-tooltip='Compartir en Whatsapp' rel=\"noopener\"><span class='avia_hidden_link_text'>Compartir en Whatsapp<\/span><\/a><\/li><li class='av-share-link av-social-link-linkedin' ><a target=\"_blank\" aria-label=\"Compartir en LinkedIn\" href='https:\/\/linkedin.com\/shareArticle?mini=true&#038;title=Carabineros%20del%20O.S.7%20en%20conjunto%20con%20la%20Fiscal%C3%ADa%20realizan%20in%C3%A9dito%20operativo%20antidrogas%20en%20Puerto%20Gala&#038;url=https:\/\/radiorevelacionfm.cl\/?p=5872' aria-hidden='false' data-av_icon='\ue8fc' data-av_iconfont='entypo-fontello' title='' data-avia-related-tooltip='Compartir en LinkedIn' rel=\"noopener\"><span class='avia_hidden_link_text'>Compartir en LinkedIn<\/span><\/a><\/li><li class='av-share-link av-social-link-mail' ><a  aria-label=\"Compartir por correo\" href='mailto:?subject=Carabineros%20del%20O.S.7%20en%20conjunto%20con%20la%20Fiscal%C3%ADa%20realizan%20in%C3%A9dito%20operativo%20antidrogas%20en%20Puerto%20Gala&#038;body=https:\/\/radiorevelacionfm.cl\/?p=5872' aria-hidden='false' data-av_icon='\ue805' data-av_iconfont='entypo-fontello' title='' data-avia-related-tooltip='Compartir por correo'><span class='avia_hidden_link_text'>Compartir por correo<\/span><\/a><\/li><\/ul><\/div><\/div>\n<div  style='height:50px' class='hr hr-invisible   avia-builder-el-8  el_after_av_social_share  el_before_av_comments_list '><span class='hr-inner ' ><span class='hr-inner-style'><\/span><\/span><\/div>\n<div  class='av-buildercomment  av-blog-meta-html-info-disabled av-blog-meta-tag-disabled  '><\/div>\n","protected":false},"excerpt":{"rendered":"","protected":false},"author":1,"featured_media":5877,"comment_status":"open","ping_status":"open","sticky":false,"template":"","format":"standard","meta":{"footnotes":""},"categories":[36],"tags":[],"class_list":["post-5872","post","type-post","status-publish","format-standard","has-post-thumbnail","hentry","category-policial"],"jetpack_featured_media_url":"https:\/\/radiorevelacionfm.cl\/wp-content\/uploads\/2021\/07\/OS7.00-1-1.jpg","_links":{"self":[{"href":"https:\/\/radiorevelacionfm.cl\/index.php?rest_route=\/wp\/v2\/posts\/5872","targetHints":{"allow":["GET"]}}],"collection":[{"href":"https:\/\/radiorevelacionfm.cl\/index.php?rest_route=\/wp\/v2\/posts"}],"about":[{"href":"https:\/\/radiorevelacionfm.cl\/index.php?rest_route=\/wp\/v2\/types\/post"}],"author":[{"embeddable":true,"href":"https:\/\/radiorevelacionfm.cl\/index.php?rest_route=\/wp\/v2\/users\/1"}],"replies":[{"embeddable":true,"href":"https:\/\/radiorevelacionfm.cl\/index.php?rest_route=%2Fwp%2Fv2%2Fcomments&post=5872"}],"version-history":[{"count":4,"href":"https:\/\/radiorevelacionfm.cl\/index.php?rest_route=\/wp\/v2\/posts\/5872\/revisions"}],"predecessor-version":[{"id":5880,"href":"https:\/\/radiorevelacionfm.cl\/index.php?rest_route=\/wp\/v2\/posts\/5872\/revisions\/5880"}],"wp:featuredmedia":[{"embeddable":true,"href":"https:\/\/radiorevelacionfm.cl\/index.php?rest_route=\/wp\/v2\/media\/5877"}],"wp:attachment":[{"href":"https:\/\/radiorevelacionfm.cl\/index.php?rest_route=%2Fwp%2Fv2%2Fmedia&parent=5872"}],"wp:term":[{"taxonomy":"category","embeddable":true,"href":"https:\/\/radiorevelacionfm.cl\/index.php?rest_route=%2Fwp%2Fv2%2Fcategories&post=5872"},{"taxonomy":"post_tag","embeddable":true,"href":"https:\/\/radiorevelacionfm.cl\/index.php?rest_route=%2Fwp%2Fv2%2Ftags&post=5872"}],"curies":[{"name":"wp","href":"https:\/\/api.w.org\/{rel}","templated":true}]}}