{"id":58717,"date":"2025-09-03T21:11:06","date_gmt":"2025-09-04T00:11:06","guid":{"rendered":"https:\/\/radiorevelacionfm.cl\/?p=58717"},"modified":"2025-09-03T21:11:06","modified_gmt":"2025-09-04T00:11:06","slug":"aguinaldo-de-fiestas-patrias-mas-de-12-mil-pensionadas-y-pensionados-recibiran-el-beneficio-en-aysen","status":"publish","type":"post","link":"https:\/\/radiorevelacionfm.cl\/?p=58717","title":{"rendered":"Aguinaldo de Fiestas Patrias: M\u00e1s de 12 mil pensionadas y pensionados recibir\u00e1n el beneficio en Ays\u00e9n"},"content":{"rendered":"<div class=\"flex_column av_one_full  flex_column_div av-zero-column-padding first  avia-builder-el-0  el_before_av_one_full  avia-builder-el-first  \" style='border-radius:0px; '><div  class='avia-image-container  av-styling-    avia-builder-el-1  avia-builder-el-no-sibling  avia-align-center '  itemprop=\"image\" itemscope=\"itemscope\" itemtype=\"https:\/\/schema.org\/ImageObject\"  ><div class='avia-image-container-inner'><div class='avia-image-overlay-wrap'><img decoding=\"async\" class='wp-image-58718 avia-img-lazy-loading-not-58718 avia_image' src=\"https:\/\/radiorevelacionfm.cl\/wp-content\/uploads\/2025\/09\/pensionadas_coyhaique-2-1_optimized-1.jpeg\" alt='' title='pensionadas_coyhaique-2-(1)_optimized (1)' height=\"605\" width=\"800\"  itemprop=\"thumbnailUrl\" srcset=\"https:\/\/radiorevelacionfm.cl\/wp-content\/uploads\/2025\/09\/pensionadas_coyhaique-2-1_optimized-1.jpeg 800w, https:\/\/radiorevelacionfm.cl\/wp-content\/uploads\/2025\/09\/pensionadas_coyhaique-2-1_optimized-1-300x227.jpeg 300w, https:\/\/radiorevelacionfm.cl\/wp-content\/uploads\/2025\/09\/pensionadas_coyhaique-2-1_optimized-1-768x581.jpeg 768w, https:\/\/radiorevelacionfm.cl\/wp-content\/uploads\/2025\/09\/pensionadas_coyhaique-2-1_optimized-1-705x533.jpeg 705w, https:\/\/radiorevelacionfm.cl\/wp-content\/uploads\/2025\/09\/pensionadas_coyhaique-2-1_optimized-1-450x340.jpeg 450w, https:\/\/radiorevelacionfm.cl\/wp-content\/uploads\/2025\/09\/pensionadas_coyhaique-2-1_optimized-1-600x454.jpeg 600w\" sizes=\"(max-width: 800px) 100vw, 800px\" \/><\/div><\/div><\/div><\/div><div class=\"flex_column av_one_full  flex_column_div av-zero-column-padding first  avia-builder-el-2  el_after_av_one_full  el_before_av_one_full  column-top-margin\" style='border-radius:0px; '><section class=\"av_textblock_section \"  itemscope=\"itemscope\" itemtype=\"https:\/\/schema.org\/BlogPosting\" itemprop=\"blogPost\" ><div class='avia_textblock  '   itemprop=\"text\" ><p style=\"text-align: center;\"><span style=\"font-size: 18pt;\"><b>Aguinaldo de Fiestas Patrias: M\u00e1s de 12 mil pensionadas y pensionados recibir\u00e1n el beneficio en Ays\u00e9n<\/b><\/span><\/p>\n<div id=\"gtx-trans\" style=\"position: absolute; left: -50px; top: 4.31534px;\">\n<div class=\"gtx-trans-icon\"><\/div>\n<\/div>\n<\/div><\/section><\/div><div class=\"flex_column av_one_full  flex_column_div av-zero-column-padding first  avia-builder-el-4  el_after_av_one_full  el_before_av_hr  column-top-margin\" style='border-radius:0px; '><section class=\"av_textblock_section \"  itemscope=\"itemscope\" itemtype=\"https:\/\/schema.org\/BlogPosting\" itemprop=\"blogPost\" ><div class='avia_textblock  '   itemprop=\"text\" ><p style=\"font-weight: 400; text-align: justify;\"><strong>Ya se inici\u00f3 el pago del tradicional aguinaldo de Fiestas Patrias, que este a\u00f1o corresponde a 25 mil 280 pesos y llegar\u00e1 a m\u00e1s de 12 mil personas ayseninos y ayseninas.<\/strong><\/p>\n<p style=\"font-weight: 400; text-align: justify;\">Durante septiembre, el Estado a trav\u00e9s del Instituto de Previsi\u00f3n Social, IPS ChileAtiende entregar\u00e1 el Aguinaldo de Fiestas Patrias, correspondiente a $25.280, que tambi\u00e9n llega a quienes tienen PGU, entre otros grupos de pensionados que cumplen los requisitos.<\/p>\n<p style=\"font-weight: 400; text-align: justify;\">Al respecto, el Seremi(s) de Trabajo y Previsi\u00f3n Social y Director regional del IPS, Rodrigo D\u00edaz Cordaro afirm\u00f3, \u201cLes tengo una muy buena noticia, se comienza a pagar el aguinaldo de Fiestas Patrias para todos los pensionados y pensionadas. Vamos a tratar que se pague antes de las fiestas y en la regi\u00f3n son m\u00e1s de 12.000 los beneficiados y beneficiadas. El monto del aguinaldo es de $25.280 pesos y adem\u00e1s por cada carga, $12.969. Las personas no deben hacer ning\u00fan tr\u00e1mite, esto se va a pagar de manera autom\u00e1tica\u201d.<\/p>\n<p style=\"font-weight: 400; text-align: justify;\">Los beneficios se cobrar\u00e1n seg\u00fan la modalidad habitual de pago a trav\u00e9s de los proveedores contratados por el IPS, ya sea por dep\u00f3sito o presencialmente en Caja Los H\u00e9roes o BancoEstado, seg\u00fan corresponda a cada persona.\u00a0 Es decir, no se debe hacer ning\u00fan tr\u00e1mite adicional para estos cobros.<\/p>\n<p style=\"font-weight: 400; text-align: justify;\">La autoridad previsional a\u00f1adi\u00f3 sobre las posibles estafas que circulan habitualmente en esta \u00e9poca del a\u00f1o, \u201cLes pedimos que tengan cuidado con las estafas telef\u00f3nicas, el Instituto de Previsi\u00f3n social no les va a pedir ning\u00fan dato por tel\u00e9fono, ni por whatsapp, ni por mail, ninguna clave, ni enviar\u00e1 enlaces. Cualquier duda, los invito a que se acerquen a las sucursales del IPS ChileAtiende en Cochrane, Chile Chico, Puerto Cisnes, Puerto Ays\u00e9n y Coyhaique o llamen al 101\u201d, mencion\u00f3 Rodrigo D\u00edaz Cordaro.<\/p>\n<p style=\"font-weight: 400; text-align: justify;\">Cabe mencionar que de acuerdo con la gradualidad prevista en la Reforma de Pensiones, desde este mes adem\u00e1s comienza el incremento del pago de la Pensi\u00f3n Garantizada Universal, PGU. A partir de este mes, se beneficiar\u00e1n con el aumento de la PGU las personas de 82 y m\u00e1s a\u00f1os; el a\u00f1o 2026 corresponder\u00e1 el incremento para quienes tengan 75 o m\u00e1s a\u00f1os; y el 2027 para las personas de 65 y m\u00e1s a\u00f1os.<\/p>\n<p style=\"font-weight: 400; text-align: justify;\"><strong><u>\u00bfQui\u00e9nes recibir\u00e1n el Aguinaldo de\u00a0Fiestas Patrias?<\/u><\/strong><\/p>\n<p style=\"font-weight: 400; text-align: justify;\">Obtendr\u00e1 el aguinaldo quienes al\u00a031 de agosto de 2025 pertenecen a uno de los siguientes grupos:<\/p>\n<ul style=\"font-weight: 400; text-align: justify;\">\n<li>Pensionada o pensionado del Instituto de Previsi\u00f3n Social (IPS) que tengan una\u00a0Pensi\u00f3n Garantizada Universal (PGU)\u00a0o una\u00a0Pensi\u00f3n B\u00e1sica Solidaria de Invalidez (PBSI).<\/li>\n<li>Pensionada o pensionado de las excajas de previsi\u00f3n y ex Servicio de Seguro Social (actualmente IPS).<\/li>\n<li>Pensionada o pensionado del Instituto de Seguridad Laboral (ISL).<\/li>\n<li>Pensionada o pensionado de las leyes de Exonerados Pol\u00edticos,\u00a0Ley N\u00ba 19.234.<\/li>\n<li>Pensionada o pensionado de las Mutualidades de Empleadores de la\u00a0Ley N\u00ba 16.744.<\/li>\n<li>Pensionados de la Direcci\u00f3n de Previsi\u00f3n de Carabineros de Chile (Dipreca) y Caja de Previsi\u00f3n de la Defensa Nacional (Capredena).<\/li>\n<li>Pensionada o pensionado de reparaci\u00f3n:\u00a0Ley N\u00ba 19.123 (Rettig)\u00a0y\u00a0Ley N\u00ba 19.992 (Valech).<\/li>\n<li>Pensionada o pensionado de AFP o compa\u00f1\u00edas de seguro que reciben el beneficio de la PGU, el Aporte Previsional Solidario (de Vejez\u00a0o\u00a0de Invalidez) o pensiones m\u00ednimas con Garant\u00eda Estatal.<\/li>\n<li>Beneficiaria y beneficiario del\u00a0Subsidio de Discapacidad.<\/li>\n<\/ul>\n<\/div><\/section><\/div><div  style='height:50px' class='hr hr-invisible   avia-builder-el-6  el_after_av_one_full  el_before_av_social_share '><span class='hr-inner ' ><span class='hr-inner-style'><\/span><\/span><\/div><\/p>\n<div  class='av-social-sharing-box  avia-builder-el-7  el_after_av_hr  el_before_av_hr  '><div class='av-share-box'><h5 class='av-share-link-description av-no-toc '>Compartir esta noticia<\/h5><ul class='av-share-box-list noLightbox'><li class='av-share-link av-social-link-facebook' ><a target=\"_blank\" aria-label=\"Compartir en Facebook\" href='https:\/\/www.facebook.com\/sharer.php?u=https:\/\/radiorevelacionfm.cl\/?p=58717&#038;t=Aguinaldo%20de%20Fiestas%20Patrias%3A%20M%C3%A1s%20de%2012%20mil%20pensionadas%20y%20pensionados%20recibir%C3%A1n%20el%20beneficio%20en%20Ays%C3%A9n' aria-hidden='false' data-av_icon='\ue8f3' data-av_iconfont='entypo-fontello' title='' data-avia-related-tooltip='Compartir en Facebook' rel=\"noopener\"><span class='avia_hidden_link_text'>Compartir en Facebook<\/span><\/a><\/li><li class='av-share-link av-social-link-twitter' ><a target=\"_blank\" aria-label=\"Compartir en Twitter\" href='https:\/\/twitter.com\/share?text=Aguinaldo%20de%20Fiestas%20Patrias%3A%20M%C3%A1s%20de%2012%20mil%20pensionadas%20y%20pensionados%20recibir%C3%A1n%20el%20beneficio%20en%20Ays%C3%A9n&#038;url=https:\/\/radiorevelacionfm.cl\/?p=58717' aria-hidden='false' data-av_icon='\ue8f1' data-av_iconfont='entypo-fontello' title='' data-avia-related-tooltip='Compartir en Twitter' rel=\"noopener\"><span class='avia_hidden_link_text'>Compartir en Twitter<\/span><\/a><\/li><li class='av-share-link av-social-link-whatsapp' ><a target=\"_blank\" aria-label=\"Compartir en Whatsapp\" href='https:\/\/api.whatsapp.com\/send?text=https:\/\/radiorevelacionfm.cl\/?p=58717' aria-hidden='false' data-av_icon='\uf232' data-av_iconfont='entypo-fontello' title='' data-avia-related-tooltip='Compartir en Whatsapp' rel=\"noopener\"><span class='avia_hidden_link_text'>Compartir en Whatsapp<\/span><\/a><\/li><li class='av-share-link av-social-link-linkedin' ><a target=\"_blank\" aria-label=\"Compartir en LinkedIn\" href='https:\/\/linkedin.com\/shareArticle?mini=true&#038;title=Aguinaldo%20de%20Fiestas%20Patrias%3A%20M%C3%A1s%20de%2012%20mil%20pensionadas%20y%20pensionados%20recibir%C3%A1n%20el%20beneficio%20en%20Ays%C3%A9n&#038;url=https:\/\/radiorevelacionfm.cl\/?p=58717' aria-hidden='false' data-av_icon='\ue8fc' data-av_iconfont='entypo-fontello' title='' data-avia-related-tooltip='Compartir en LinkedIn' rel=\"noopener\"><span class='avia_hidden_link_text'>Compartir en LinkedIn<\/span><\/a><\/li><li class='av-share-link av-social-link-mail' ><a  aria-label=\"Compartir por correo\" href='mailto:?subject=Aguinaldo%20de%20Fiestas%20Patrias%3A%20M%C3%A1s%20de%2012%20mil%20pensionadas%20y%20pensionados%20recibir%C3%A1n%20el%20beneficio%20en%20Ays%C3%A9n&#038;body=https:\/\/radiorevelacionfm.cl\/?p=58717' aria-hidden='false' data-av_icon='\ue805' data-av_iconfont='entypo-fontello' title='' data-avia-related-tooltip='Compartir por correo'><span class='avia_hidden_link_text'>Compartir por correo<\/span><\/a><\/li><\/ul><\/div><\/div>\n<div  style='height:50px' class='hr hr-invisible   avia-builder-el-8  el_after_av_social_share  el_before_av_comments_list '><span class='hr-inner ' ><span class='hr-inner-style'><\/span><\/span><\/div>\n<div  class='av-buildercomment  av-blog-meta-html-info-disabled av-blog-meta-tag-disabled  '><\/div>\n","protected":false},"excerpt":{"rendered":"","protected":false},"author":1,"featured_media":58718,"comment_status":"closed","ping_status":"closed","sticky":false,"template":"","format":"standard","meta":{"footnotes":""},"categories":[38],"tags":[],"class_list":["post-58717","post","type-post","status-publish","format-standard","has-post-thumbnail","hentry","category-regional"],"jetpack_featured_media_url":"https:\/\/radiorevelacionfm.cl\/wp-content\/uploads\/2025\/09\/pensionadas_coyhaique-2-1_optimized-1.jpeg","_links":{"self":[{"href":"https:\/\/radiorevelacionfm.cl\/index.php?rest_route=\/wp\/v2\/posts\/58717","targetHints":{"allow":["GET"]}}],"collection":[{"href":"https:\/\/radiorevelacionfm.cl\/index.php?rest_route=\/wp\/v2\/posts"}],"about":[{"href":"https:\/\/radiorevelacionfm.cl\/index.php?rest_route=\/wp\/v2\/types\/post"}],"author":[{"embeddable":true,"href":"https:\/\/radiorevelacionfm.cl\/index.php?rest_route=\/wp\/v2\/users\/1"}],"replies":[{"embeddable":true,"href":"https:\/\/radiorevelacionfm.cl\/index.php?rest_route=%2Fwp%2Fv2%2Fcomments&post=58717"}],"version-history":[{"count":2,"href":"https:\/\/radiorevelacionfm.cl\/index.php?rest_route=\/wp\/v2\/posts\/58717\/revisions"}],"predecessor-version":[{"id":58731,"href":"https:\/\/radiorevelacionfm.cl\/index.php?rest_route=\/wp\/v2\/posts\/58717\/revisions\/58731"}],"wp:featuredmedia":[{"embeddable":true,"href":"https:\/\/radiorevelacionfm.cl\/index.php?rest_route=\/wp\/v2\/media\/58718"}],"wp:attachment":[{"href":"https:\/\/radiorevelacionfm.cl\/index.php?rest_route=%2Fwp%2Fv2%2Fmedia&parent=58717"}],"wp:term":[{"taxonomy":"category","embeddable":true,"href":"https:\/\/radiorevelacionfm.cl\/index.php?rest_route=%2Fwp%2Fv2%2Fcategories&post=58717"},{"taxonomy":"post_tag","embeddable":true,"href":"https:\/\/radiorevelacionfm.cl\/index.php?rest_route=%2Fwp%2Fv2%2Ftags&post=58717"}],"curies":[{"name":"wp","href":"https:\/\/api.w.org\/{rel}","templated":true}]}}