{"id":58714,"date":"2025-09-04T11:39:56","date_gmt":"2025-09-04T14:39:56","guid":{"rendered":"https:\/\/radiorevelacionfm.cl\/?p=58714"},"modified":"2025-09-04T11:39:56","modified_gmt":"2025-09-04T14:39:56","slug":"servicio-de-reinsercion-social-juvenil-lanza-primera-consulta-ciudadana-participativa","status":"publish","type":"post","link":"https:\/\/radiorevelacionfm.cl\/?p=58714","title":{"rendered":"Servicio de Reinserci\u00f3n Social Juvenil lanza primera Consulta Ciudadana Participativa"},"content":{"rendered":"<div class=\"flex_column av_one_full  flex_column_div av-zero-column-padding first  avia-builder-el-0  el_before_av_one_full  avia-builder-el-first  \" style='border-radius:0px; '><div  class='avia-image-container  av-styling-    avia-builder-el-1  avia-builder-el-no-sibling  avia-align-center '  itemprop=\"image\" itemscope=\"itemscope\" itemtype=\"https:\/\/schema.org\/ImageObject\"  ><div class='avia-image-container-inner'><div class='avia-image-overlay-wrap'><img decoding=\"async\" class='wp-image-58715 avia-img-lazy-loading-not-58715 avia_image' src=\"https:\/\/radiorevelacionfm.cl\/wp-content\/uploads\/2025\/09\/consulta-ciudadana-1-1_optimized-1_optimized-1.jpg\" alt='' title='consulta-ciudadana-(1)-(1)_optimized-(1)_optimized (1)' height=\"1000\" width=\"800\"  itemprop=\"thumbnailUrl\" srcset=\"https:\/\/radiorevelacionfm.cl\/wp-content\/uploads\/2025\/09\/consulta-ciudadana-1-1_optimized-1_optimized-1.jpg 800w, https:\/\/radiorevelacionfm.cl\/wp-content\/uploads\/2025\/09\/consulta-ciudadana-1-1_optimized-1_optimized-1-240x300.jpg 240w, https:\/\/radiorevelacionfm.cl\/wp-content\/uploads\/2025\/09\/consulta-ciudadana-1-1_optimized-1_optimized-1-768x960.jpg 768w, https:\/\/radiorevelacionfm.cl\/wp-content\/uploads\/2025\/09\/consulta-ciudadana-1-1_optimized-1_optimized-1-564x705.jpg 564w, https:\/\/radiorevelacionfm.cl\/wp-content\/uploads\/2025\/09\/consulta-ciudadana-1-1_optimized-1_optimized-1-450x563.jpg 450w, https:\/\/radiorevelacionfm.cl\/wp-content\/uploads\/2025\/09\/consulta-ciudadana-1-1_optimized-1_optimized-1-600x750.jpg 600w\" sizes=\"(max-width: 800px) 100vw, 800px\" \/><\/div><\/div><\/div><\/div><div class=\"flex_column av_one_full  flex_column_div av-zero-column-padding first  avia-builder-el-2  el_after_av_one_full  el_before_av_one_full  column-top-margin\" style='border-radius:0px; '><section class=\"av_textblock_section \"  itemscope=\"itemscope\" itemtype=\"https:\/\/schema.org\/BlogPosting\" itemprop=\"blogPost\" ><div class='avia_textblock  '   itemprop=\"text\" ><p style=\"text-align: center;\"><strong><span style=\"font-size: 18pt;\">Servicio de Reinserci\u00f3n Social Juvenil lanza primera Consulta Ciudadana Participativa<\/span><\/strong><\/p>\n<div id=\"gtx-trans\" style=\"position: absolute; left: -50px; top: 4.31534px;\">\n<div class=\"gtx-trans-icon\"><\/div>\n<\/div>\n<\/div><\/section><\/div><div class=\"flex_column av_one_full  flex_column_div av-zero-column-padding first  avia-builder-el-4  el_after_av_one_full  el_before_av_hr  column-top-margin\" style='border-radius:0px; '><section class=\"av_textblock_section \"  itemscope=\"itemscope\" itemtype=\"https:\/\/schema.org\/BlogPosting\" itemprop=\"blogPost\" ><div class='avia_textblock  '   itemprop=\"text\" ><p style=\"text-align: justify;\"><em>Se extender\u00e1 hasta el 18 de septiembre y busca recoger opiniones, percepciones y propuestas de la ciudadan\u00eda para fortalecer las pol\u00edticas p\u00fablicas en materia de reinserci\u00f3n social juvenil.<\/em><\/p>\n<p style=\"text-align: justify;\">La convocatoria est\u00e1 dirigida a personas desde los 14 a\u00f1os, con el prop\u00f3sito de fomentar la transparencia institucional e incorporar a la ciudadan\u00eda como un actor activo en la construcci\u00f3n, evaluaci\u00f3n y fiscalizaci\u00f3n de las pol\u00edticas p\u00fablicas.<\/p>\n<p style=\"text-align: justify;\">Entre los temas que abordar\u00e1 la consulta destacan: la nueva pol\u00edtica de intervenci\u00f3n especializada, la coordinaci\u00f3n entre instituciones p\u00fablicas y la orientaci\u00f3n de la gesti\u00f3n hacia los j\u00f3venes atendidos, con miras a favorecer su reinserci\u00f3n social.<\/p>\n<p style=\"text-align: justify;\">El director regional del servicio, Israel Villavicencio, destac\u00f3 la relevancia de este proceso. \u201cCon esta consulta queremos generar un espacio abierto y transparente de di\u00e1logo, que permita a la ciudadan\u00eda aportar de manera directa en la construcci\u00f3n de la pol\u00edtica p\u00fablica en materia de reinserci\u00f3n social juvenil. Nos interesa escuchar diversas voces \u2014del mundo acad\u00e9mico, la sociedad civil, el sector privado, los equipos institucionales y, por supuesto, de los propios j\u00f3venes\u2014 porque estamos convencidos de que la reinserci\u00f3n es un desaf\u00edo compartido, que requiere el compromiso de todos y todas. Invitamos a sumarse activamente a este proceso participativo, que busca fortalecer nuestra labor y abrir mejores oportunidades para adolescentes y j\u00f3venes en nuestro pa\u00eds.\u201d<\/p>\n<p style=\"text-align: justify;\">La Consulta Ciudadana estar\u00e1 disponible en l\u00ednea hasta el 18 de septiembre en el sitio web <strong>reinsercionjuvenil.gob.cl<\/strong>.<\/p>\n<\/div><\/section><\/div><div  style='height:50px' class='hr hr-invisible   avia-builder-el-6  el_after_av_one_full  el_before_av_social_share '><span class='hr-inner ' ><span class='hr-inner-style'><\/span><\/span><\/div><\/p>\n<div  class='av-social-sharing-box  avia-builder-el-7  el_after_av_hr  el_before_av_hr  '><div class='av-share-box'><h5 class='av-share-link-description av-no-toc '>Compartir esta noticia<\/h5><ul class='av-share-box-list noLightbox'><li class='av-share-link av-social-link-facebook' ><a target=\"_blank\" aria-label=\"Compartir en Facebook\" href='https:\/\/www.facebook.com\/sharer.php?u=https:\/\/radiorevelacionfm.cl\/?p=58714&#038;t=Servicio%20de%20Reinserci%C3%B3n%20Social%20Juvenil%20lanza%20primera%20Consulta%20Ciudadana%20Participativa' aria-hidden='false' data-av_icon='\ue8f3' data-av_iconfont='entypo-fontello' title='' data-avia-related-tooltip='Compartir en Facebook' rel=\"noopener\"><span class='avia_hidden_link_text'>Compartir en Facebook<\/span><\/a><\/li><li class='av-share-link av-social-link-twitter' ><a target=\"_blank\" aria-label=\"Compartir en Twitter\" href='https:\/\/twitter.com\/share?text=Servicio%20de%20Reinserci%C3%B3n%20Social%20Juvenil%20lanza%20primera%20Consulta%20Ciudadana%20Participativa&#038;url=https:\/\/radiorevelacionfm.cl\/?p=58714' aria-hidden='false' data-av_icon='\ue8f1' data-av_iconfont='entypo-fontello' title='' data-avia-related-tooltip='Compartir en Twitter' rel=\"noopener\"><span class='avia_hidden_link_text'>Compartir en Twitter<\/span><\/a><\/li><li class='av-share-link av-social-link-whatsapp' ><a target=\"_blank\" aria-label=\"Compartir en Whatsapp\" href='https:\/\/api.whatsapp.com\/send?text=https:\/\/radiorevelacionfm.cl\/?p=58714' aria-hidden='false' data-av_icon='\uf232' data-av_iconfont='entypo-fontello' title='' data-avia-related-tooltip='Compartir en Whatsapp' rel=\"noopener\"><span class='avia_hidden_link_text'>Compartir en Whatsapp<\/span><\/a><\/li><li class='av-share-link av-social-link-linkedin' ><a target=\"_blank\" aria-label=\"Compartir en LinkedIn\" href='https:\/\/linkedin.com\/shareArticle?mini=true&#038;title=Servicio%20de%20Reinserci%C3%B3n%20Social%20Juvenil%20lanza%20primera%20Consulta%20Ciudadana%20Participativa&#038;url=https:\/\/radiorevelacionfm.cl\/?p=58714' aria-hidden='false' data-av_icon='\ue8fc' data-av_iconfont='entypo-fontello' title='' data-avia-related-tooltip='Compartir en LinkedIn' rel=\"noopener\"><span class='avia_hidden_link_text'>Compartir en LinkedIn<\/span><\/a><\/li><li class='av-share-link av-social-link-mail' ><a  aria-label=\"Compartir por correo\" href='mailto:?subject=Servicio%20de%20Reinserci%C3%B3n%20Social%20Juvenil%20lanza%20primera%20Consulta%20Ciudadana%20Participativa&#038;body=https:\/\/radiorevelacionfm.cl\/?p=58714' aria-hidden='false' data-av_icon='\ue805' data-av_iconfont='entypo-fontello' title='' data-avia-related-tooltip='Compartir por correo'><span class='avia_hidden_link_text'>Compartir por correo<\/span><\/a><\/li><\/ul><\/div><\/div>\n<div  style='height:50px' class='hr hr-invisible   avia-builder-el-8  el_after_av_social_share  el_before_av_comments_list '><span class='hr-inner ' ><span class='hr-inner-style'><\/span><\/span><\/div>\n<div  class='av-buildercomment  av-blog-meta-html-info-disabled av-blog-meta-tag-disabled  '><\/div>\n","protected":false},"excerpt":{"rendered":"","protected":false},"author":1,"featured_media":58715,"comment_status":"closed","ping_status":"closed","sticky":false,"template":"","format":"standard","meta":{"footnotes":""},"categories":[55],"tags":[],"class_list":["post-58714","post","type-post","status-publish","format-standard","has-post-thumbnail","hentry","category-justicia"],"jetpack_featured_media_url":"https:\/\/radiorevelacionfm.cl\/wp-content\/uploads\/2025\/09\/consulta-ciudadana-1-1_optimized-1_optimized-1.jpg","_links":{"self":[{"href":"https:\/\/radiorevelacionfm.cl\/index.php?rest_route=\/wp\/v2\/posts\/58714","targetHints":{"allow":["GET"]}}],"collection":[{"href":"https:\/\/radiorevelacionfm.cl\/index.php?rest_route=\/wp\/v2\/posts"}],"about":[{"href":"https:\/\/radiorevelacionfm.cl\/index.php?rest_route=\/wp\/v2\/types\/post"}],"author":[{"embeddable":true,"href":"https:\/\/radiorevelacionfm.cl\/index.php?rest_route=\/wp\/v2\/users\/1"}],"replies":[{"embeddable":true,"href":"https:\/\/radiorevelacionfm.cl\/index.php?rest_route=%2Fwp%2Fv2%2Fcomments&post=58714"}],"version-history":[{"count":2,"href":"https:\/\/radiorevelacionfm.cl\/index.php?rest_route=\/wp\/v2\/posts\/58714\/revisions"}],"predecessor-version":[{"id":58743,"href":"https:\/\/radiorevelacionfm.cl\/index.php?rest_route=\/wp\/v2\/posts\/58714\/revisions\/58743"}],"wp:featuredmedia":[{"embeddable":true,"href":"https:\/\/radiorevelacionfm.cl\/index.php?rest_route=\/wp\/v2\/media\/58715"}],"wp:attachment":[{"href":"https:\/\/radiorevelacionfm.cl\/index.php?rest_route=%2Fwp%2Fv2%2Fmedia&parent=58714"}],"wp:term":[{"taxonomy":"category","embeddable":true,"href":"https:\/\/radiorevelacionfm.cl\/index.php?rest_route=%2Fwp%2Fv2%2Fcategories&post=58714"},{"taxonomy":"post_tag","embeddable":true,"href":"https:\/\/radiorevelacionfm.cl\/index.php?rest_route=%2Fwp%2Fv2%2Ftags&post=58714"}],"curies":[{"name":"wp","href":"https:\/\/api.w.org\/{rel}","templated":true}]}}