{"id":58710,"date":"2025-09-03T18:01:21","date_gmt":"2025-09-03T21:01:21","guid":{"rendered":"https:\/\/radiorevelacionfm.cl\/?p=58710"},"modified":"2025-09-03T18:01:21","modified_gmt":"2025-09-03T21:01:21","slug":"encuentro-regional-de-cultura-fortalecio-redes-y-colaboracion-en-la-region-de-aysen","status":"publish","type":"post","link":"https:\/\/radiorevelacionfm.cl\/?p=58710","title":{"rendered":"Encuentro Regional de Cultura fortaleci\u00f3 redes y colaboraci\u00f3n en la Regi\u00f3n de Ays\u00e9n"},"content":{"rendered":"<div class=\"flex_column av_one_full  flex_column_div av-zero-column-padding first  avia-builder-el-0  el_before_av_one_full  avia-builder-el-first  \" style='border-radius:0px; '><div  class='avia-image-container  av-styling-    avia-builder-el-1  avia-builder-el-no-sibling  avia-align-center '  itemprop=\"image\" itemscope=\"itemscope\" itemtype=\"https:\/\/schema.org\/ImageObject\"  ><div class='avia-image-container-inner'><div class='avia-image-overlay-wrap'><img decoding=\"async\" class='wp-image-58711 avia-img-lazy-loading-not-58711 avia_image' src=\"https:\/\/radiorevelacionfm.cl\/wp-content\/uploads\/2025\/09\/encuentro-regional-con-identidad-6-1_optimized.jpeg\" alt='' title='encuentro-regional-con-identidad-(6)-(1)_optimized' height=\"600\" width=\"800\"  itemprop=\"thumbnailUrl\" srcset=\"https:\/\/radiorevelacionfm.cl\/wp-content\/uploads\/2025\/09\/encuentro-regional-con-identidad-6-1_optimized.jpeg 800w, https:\/\/radiorevelacionfm.cl\/wp-content\/uploads\/2025\/09\/encuentro-regional-con-identidad-6-1_optimized-300x225.jpeg 300w, https:\/\/radiorevelacionfm.cl\/wp-content\/uploads\/2025\/09\/encuentro-regional-con-identidad-6-1_optimized-768x576.jpeg 768w, https:\/\/radiorevelacionfm.cl\/wp-content\/uploads\/2025\/09\/encuentro-regional-con-identidad-6-1_optimized-705x529.jpeg 705w, https:\/\/radiorevelacionfm.cl\/wp-content\/uploads\/2025\/09\/encuentro-regional-con-identidad-6-1_optimized-450x338.jpeg 450w, https:\/\/radiorevelacionfm.cl\/wp-content\/uploads\/2025\/09\/encuentro-regional-con-identidad-6-1_optimized-600x450.jpeg 600w\" sizes=\"(max-width: 800px) 100vw, 800px\" \/><\/div><\/div><\/div><\/div><div class=\"flex_column av_one_full  flex_column_div av-zero-column-padding first  avia-builder-el-2  el_after_av_one_full  el_before_av_one_full  column-top-margin\" style='border-radius:0px; '><section class=\"av_textblock_section \"  itemscope=\"itemscope\" itemtype=\"https:\/\/schema.org\/BlogPosting\" itemprop=\"blogPost\" ><div class='avia_textblock  '   itemprop=\"text\" ><p style=\"text-align: center;\"><strong><span style=\"font-size: 18pt;\">Encuentro Regional de Cultura fortaleci\u00f3 redes y colaboraci\u00f3n en la Regi\u00f3n de Ays\u00e9n<\/span><\/strong><\/p>\n<div id=\"gtx-trans\" style=\"position: absolute; left: -50px; top: 4.31534px;\">\n<div class=\"gtx-trans-icon\"><\/div>\n<\/div>\n<\/div><\/section><\/div><div class=\"flex_column av_one_full  flex_column_div av-zero-column-padding first  avia-builder-el-4  el_after_av_one_full  el_before_av_hr  column-top-margin\" style='border-radius:0px; '><section class=\"av_textblock_section \"  itemscope=\"itemscope\" itemtype=\"https:\/\/schema.org\/BlogPosting\" itemprop=\"blogPost\" ><div class='avia_textblock  '   itemprop=\"text\" ><p style=\"text-align: justify;\">Con la participaci\u00f3n de encargados de cultura de cinco municipios de la regi\u00f3n (Coyhaique, Ays\u00e9n, Cisnes, Ib\u00e1\u00f1ez y O\u2019Higgins) representantes de Puntos de Cultura Comunitaria, espacios culturales autogestionados y gestores y gestoras culturales, se desarroll\u00f3 el IV Encuentro Regional con Identidad, instancia que permiti\u00f3 reforzar v\u00ednculos, compartir experiencias y proyectar nuevas acciones conjuntas para el fortalecimiento de la cultura local en Ays\u00e9n.<\/p>\n<p style=\"text-align: justify;\">El encuentro se configur\u00f3 como un espacio de reflexi\u00f3n, capacitaci\u00f3n y articulaci\u00f3n, donde se abordaron temas clave para el desarrollo cultural en la regi\u00f3n. Entre ellos, la construcci\u00f3n de indicadores para medir el impacto de la gesti\u00f3n cultural comunitaria, la incorporaci\u00f3n de los derechos econ\u00f3micos, sociales y culturales (DESCA) como marco de acci\u00f3n y la socializaci\u00f3n del Plan de Trabajo de la Red de Activaci\u00f3n, elaborado con metodolog\u00edas participativas que aseguran la voz activa de los territorios.<\/p>\n<p style=\"text-align: justify;\">La jornada cont\u00f3 con la participaci\u00f3n de destacados expositores y especialistas: Ricardo Catal\u00e1n Gonz\u00e1lez, de\u00a0Evento Medido; Jos\u00e9 Ignacio Olivares, Coordinador de Ciudadan\u00eda Cultural de la Regi\u00f3n de \u00d1uble; Javier Neira, Director de Difusi\u00f3n Art\u00edstica y Patrimonio de la Municipalidad de Los Lagos; Edgardo Tram\u00f3n, soci\u00f3logo a cargo del Plan de Gesti\u00f3n de la Red de Activaci\u00f3n; y Joaqu\u00edn Bizama, Director del Instituto Nacional de Derechos Humanos (INDH) en la Regi\u00f3n de Ays\u00e9n. Sus intervenciones enriquecieron la discusi\u00f3n, entregaron herramientas pr\u00e1cticas y proyectaron l\u00edneas de acci\u00f3n que conectan la gesti\u00f3n cultural comunitaria con los marcos de derechos humanos y el desarrollo territorial.<\/p>\n<p style=\"text-align: justify;\">Ros\u00edo Ruiz, encargada de Cultura de la Municipalidad de R\u00edo Ib\u00e1\u00f1ez, valor\u00f3 la jornada:\u00a0\u201cFue una experiencia muy enriquecedora, que me permiti\u00f3 acercarme a los Puntos de Cultura de mi comuna, conocer sus intereses y generar v\u00ednculos que ser\u00e1n importantes para futuras actividades\u201d.\u00a0Por su parte, el SEREMI de las Culturas, las Artes y el Patrimonio, Felipe Quiroz, destac\u00f3 el sentido pol\u00edtico y territorial del espacio:\u00a0\u201cTal como lo ha se\u00f1alado el Presidente Gabriel Boric, la cultura es un derecho que dignifica la vida de las personas y fortalece nuestra democracia. El IV Encuentro Regional con Identidad es una expresi\u00f3n concreta de esa visi\u00f3n, porque re\u00fane a municipios, comunidades y agentes culturales en torno a una tarea com\u00fan: construir una pol\u00edtica cultural con identidad, descentralizada y profundamente participativa\u201d.<\/p>\n<p style=\"text-align: justify;\">El encuentro se proyecta como un paso m\u00e1s en la consolidaci\u00f3n de un trabajo colaborativo entre municipios, comunidades y el Ministerio de las Culturas, garantizando que los procesos culturales en la regi\u00f3n tengan sostenibilidad, pertinencia territorial y legitimidad social.<\/p>\n<p style=\"text-align: justify;\">La jornada culmin\u00f3 con un evento cultural abierto a la comunidad, que incluy\u00f3 m\u00fasica en vivo, danza y expresiones propias de la regi\u00f3n y de la comuna anfitriona. Sobre el escenario se presentaron la Academia de Danza Flamenco de la Patagonia, Star Dance, la escuela de danzas polin\u00e9sicas Mata o te Vahine, adem\u00e1s de los m\u00fasicos Claudio \u00c1lvarez y Sandunga de Pioneros. Este cierre permiti\u00f3 dar visibilidad al talento local y reafirmar la importancia de que la formaci\u00f3n y reflexi\u00f3n cultural se complementen con instancias de encuentro ciudadano, donde el arte se viva como un derecho y una herramienta de cohesi\u00f3n social.<\/p>\n<\/div><\/section><\/div><div  style='height:50px' class='hr hr-invisible   avia-builder-el-6  el_after_av_one_full  el_before_av_social_share '><span class='hr-inner ' ><span class='hr-inner-style'><\/span><\/span><\/div><\/p>\n<div  class='av-social-sharing-box  avia-builder-el-7  el_after_av_hr  el_before_av_hr  '><div class='av-share-box'><h5 class='av-share-link-description av-no-toc '>Compartir esta noticia<\/h5><ul class='av-share-box-list noLightbox'><li class='av-share-link av-social-link-facebook' ><a target=\"_blank\" aria-label=\"Compartir en Facebook\" href='https:\/\/www.facebook.com\/sharer.php?u=https:\/\/radiorevelacionfm.cl\/?p=58710&#038;t=Encuentro%20Regional%20de%20Cultura%20fortaleci%C3%B3%20redes%20y%20colaboraci%C3%B3n%20en%20la%20Regi%C3%B3n%20de%20Ays%C3%A9n' aria-hidden='false' data-av_icon='\ue8f3' data-av_iconfont='entypo-fontello' title='' data-avia-related-tooltip='Compartir en Facebook' rel=\"noopener\"><span class='avia_hidden_link_text'>Compartir en Facebook<\/span><\/a><\/li><li class='av-share-link av-social-link-twitter' ><a target=\"_blank\" aria-label=\"Compartir en Twitter\" href='https:\/\/twitter.com\/share?text=Encuentro%20Regional%20de%20Cultura%20fortaleci%C3%B3%20redes%20y%20colaboraci%C3%B3n%20en%20la%20Regi%C3%B3n%20de%20Ays%C3%A9n&#038;url=https:\/\/radiorevelacionfm.cl\/?p=58710' aria-hidden='false' data-av_icon='\ue8f1' data-av_iconfont='entypo-fontello' title='' data-avia-related-tooltip='Compartir en Twitter' rel=\"noopener\"><span class='avia_hidden_link_text'>Compartir en Twitter<\/span><\/a><\/li><li class='av-share-link av-social-link-whatsapp' ><a target=\"_blank\" aria-label=\"Compartir en Whatsapp\" href='https:\/\/api.whatsapp.com\/send?text=https:\/\/radiorevelacionfm.cl\/?p=58710' aria-hidden='false' data-av_icon='\uf232' data-av_iconfont='entypo-fontello' title='' data-avia-related-tooltip='Compartir en Whatsapp' rel=\"noopener\"><span class='avia_hidden_link_text'>Compartir en Whatsapp<\/span><\/a><\/li><li class='av-share-link av-social-link-linkedin' ><a target=\"_blank\" aria-label=\"Compartir en LinkedIn\" href='https:\/\/linkedin.com\/shareArticle?mini=true&#038;title=Encuentro%20Regional%20de%20Cultura%20fortaleci%C3%B3%20redes%20y%20colaboraci%C3%B3n%20en%20la%20Regi%C3%B3n%20de%20Ays%C3%A9n&#038;url=https:\/\/radiorevelacionfm.cl\/?p=58710' aria-hidden='false' data-av_icon='\ue8fc' data-av_iconfont='entypo-fontello' title='' data-avia-related-tooltip='Compartir en LinkedIn' rel=\"noopener\"><span class='avia_hidden_link_text'>Compartir en LinkedIn<\/span><\/a><\/li><li class='av-share-link av-social-link-mail' ><a  aria-label=\"Compartir por correo\" href='mailto:?subject=Encuentro%20Regional%20de%20Cultura%20fortaleci%C3%B3%20redes%20y%20colaboraci%C3%B3n%20en%20la%20Regi%C3%B3n%20de%20Ays%C3%A9n&#038;body=https:\/\/radiorevelacionfm.cl\/?p=58710' aria-hidden='false' data-av_icon='\ue805' data-av_iconfont='entypo-fontello' title='' data-avia-related-tooltip='Compartir por correo'><span class='avia_hidden_link_text'>Compartir por correo<\/span><\/a><\/li><\/ul><\/div><\/div>\n<div  style='height:50px' class='hr hr-invisible   avia-builder-el-8  el_after_av_social_share  el_before_av_comments_list '><span class='hr-inner ' ><span class='hr-inner-style'><\/span><\/span><\/div>\n<div  class='av-buildercomment  av-blog-meta-html-info-disabled av-blog-meta-tag-disabled  '><\/div>\n","protected":false},"excerpt":{"rendered":"","protected":false},"author":1,"featured_media":58711,"comment_status":"closed","ping_status":"closed","sticky":false,"template":"","format":"standard","meta":{"footnotes":""},"categories":[52],"tags":[],"class_list":["post-58710","post","type-post","status-publish","format-standard","has-post-thumbnail","hentry","category-cultura"],"jetpack_featured_media_url":"https:\/\/radiorevelacionfm.cl\/wp-content\/uploads\/2025\/09\/encuentro-regional-con-identidad-6-1_optimized.jpeg","_links":{"self":[{"href":"https:\/\/radiorevelacionfm.cl\/index.php?rest_route=\/wp\/v2\/posts\/58710","targetHints":{"allow":["GET"]}}],"collection":[{"href":"https:\/\/radiorevelacionfm.cl\/index.php?rest_route=\/wp\/v2\/posts"}],"about":[{"href":"https:\/\/radiorevelacionfm.cl\/index.php?rest_route=\/wp\/v2\/types\/post"}],"author":[{"embeddable":true,"href":"https:\/\/radiorevelacionfm.cl\/index.php?rest_route=\/wp\/v2\/users\/1"}],"replies":[{"embeddable":true,"href":"https:\/\/radiorevelacionfm.cl\/index.php?rest_route=%2Fwp%2Fv2%2Fcomments&post=58710"}],"version-history":[{"count":2,"href":"https:\/\/radiorevelacionfm.cl\/index.php?rest_route=\/wp\/v2\/posts\/58710\/revisions"}],"predecessor-version":[{"id":58720,"href":"https:\/\/radiorevelacionfm.cl\/index.php?rest_route=\/wp\/v2\/posts\/58710\/revisions\/58720"}],"wp:featuredmedia":[{"embeddable":true,"href":"https:\/\/radiorevelacionfm.cl\/index.php?rest_route=\/wp\/v2\/media\/58711"}],"wp:attachment":[{"href":"https:\/\/radiorevelacionfm.cl\/index.php?rest_route=%2Fwp%2Fv2%2Fmedia&parent=58710"}],"wp:term":[{"taxonomy":"category","embeddable":true,"href":"https:\/\/radiorevelacionfm.cl\/index.php?rest_route=%2Fwp%2Fv2%2Fcategories&post=58710"},{"taxonomy":"post_tag","embeddable":true,"href":"https:\/\/radiorevelacionfm.cl\/index.php?rest_route=%2Fwp%2Fv2%2Ftags&post=58710"}],"curies":[{"name":"wp","href":"https:\/\/api.w.org\/{rel}","templated":true}]}}