{"id":58707,"date":"2025-09-04T15:20:10","date_gmt":"2025-09-04T18:20:10","guid":{"rendered":"https:\/\/radiorevelacionfm.cl\/?p=58707"},"modified":"2025-09-04T15:20:10","modified_gmt":"2025-09-04T18:20:10","slug":"guillermo-perez-quiero-llevar-la-voz-de-los-patagones-al-congreso","status":"publish","type":"post","link":"https:\/\/radiorevelacionfm.cl\/?p=58707","title":{"rendered":"Guillermo P\u00e9rez: \u201cQuiero llevar la voz de los patagones al Congreso\u201d"},"content":{"rendered":"<div class=\"flex_column av_one_full  flex_column_div av-zero-column-padding first  avia-builder-el-0  el_before_av_one_full  avia-builder-el-first  \" style='border-radius:0px; '><div  class='avia-image-container  av-styling-    avia-builder-el-1  avia-builder-el-no-sibling  avia-align-center '  itemprop=\"image\" itemscope=\"itemscope\" itemtype=\"https:\/\/schema.org\/ImageObject\"  ><div class='avia-image-container-inner'><div class='avia-image-overlay-wrap'><img decoding=\"async\" class='wp-image-58708 avia-img-lazy-loading-not-58708 avia_image' src=\"https:\/\/radiorevelacionfm.cl\/wp-content\/uploads\/2025\/09\/GUILLERMO-001-1-1.jpeg\" alt='' title='GUILLERMO 001 (1) (1)' height=\"600\" width=\"927\"  itemprop=\"thumbnailUrl\" srcset=\"https:\/\/radiorevelacionfm.cl\/wp-content\/uploads\/2025\/09\/GUILLERMO-001-1-1.jpeg 927w, https:\/\/radiorevelacionfm.cl\/wp-content\/uploads\/2025\/09\/GUILLERMO-001-1-1-300x194.jpeg 300w, https:\/\/radiorevelacionfm.cl\/wp-content\/uploads\/2025\/09\/GUILLERMO-001-1-1-768x497.jpeg 768w, https:\/\/radiorevelacionfm.cl\/wp-content\/uploads\/2025\/09\/GUILLERMO-001-1-1-705x456.jpeg 705w, https:\/\/radiorevelacionfm.cl\/wp-content\/uploads\/2025\/09\/GUILLERMO-001-1-1-450x291.jpeg 450w, https:\/\/radiorevelacionfm.cl\/wp-content\/uploads\/2025\/09\/GUILLERMO-001-1-1-600x388.jpeg 600w\" sizes=\"(max-width: 927px) 100vw, 927px\" \/><\/div><\/div><\/div><\/div><div class=\"flex_column av_one_full  flex_column_div av-zero-column-padding first  avia-builder-el-2  el_after_av_one_full  el_before_av_one_full  column-top-margin\" style='border-radius:0px; '><section class=\"av_textblock_section \"  itemscope=\"itemscope\" itemtype=\"https:\/\/schema.org\/BlogPosting\" itemprop=\"blogPost\" ><div class='avia_textblock  '   itemprop=\"text\" ><p style=\"text-align: center;\"><strong><span style=\"font-size: 18pt;\">Guillermo P\u00e9rez: \u201cQuiero llevar la voz de los patagones al Congreso\u201d<\/span><\/strong><\/p>\n<div id=\"gtx-trans\" style=\"position: absolute; left: -50px; top: 4.31534px;\">\n<div class=\"gtx-trans-icon\"><\/div>\n<\/div>\n<\/div><\/section><\/div><div class=\"flex_column av_one_full  flex_column_div av-zero-column-padding first  avia-builder-el-4  el_after_av_one_full  el_before_av_hr  column-top-margin\" style='border-radius:0px; '><section class=\"av_textblock_section \"  itemscope=\"itemscope\" itemtype=\"https:\/\/schema.org\/BlogPosting\" itemprop=\"blogPost\" ><div class='avia_textblock  '   itemprop=\"text\" ><p style=\"text-align: justify;\">Con un fuerte sentido de pertenencia y compromiso con su tierra, el joven patag\u00f3n Guillermo P\u00e9rez, candidato a Diputado por Dem\u00f3cratas, inicia con energ\u00eda su camino al Parlamento, decidido a representar a Ays\u00e9n y a su gente en cada discusi\u00f3n y decisi\u00f3n que se tome en Chile.<\/p>\n<p style=\"text-align: justify;\">Proveniente de una familia de clase media, Guillermo es fruto del esfuerzo y sacrificio de sus padres y del suyo propio. Se form\u00f3 como profesional y, lejos de buscar oportunidades fuera de la regi\u00f3n, eligi\u00f3 volver a su Patagonia para entregar sus conocimientos y apoyar a la comunidad, muchas veces de manera gratuita. Esa convicci\u00f3n lo ha llevado a ser parte activa de juntas de vecinos, gremios de pymes y organizaciones solidarias, construyendo desde el terreno soluciones y apoyo real para las familias de la regi\u00f3n.<\/p>\n<p style=\"text-align: justify;\">\u201cSoy patag\u00f3n, hijo de esta tierra. Aqu\u00ed crec\u00ed, aqu\u00ed me eduqu\u00e9 y aqu\u00ed aprend\u00ed que nada se logra sin sacrificio. Haber vivido en comunas como Coyhaique, Puerto Ays\u00e9n, Puerto Ib\u00e1\u00f1ez y Chile Chico me permiti\u00f3 conocer la diversidad y tambi\u00e9n las dificultades de nuestra regi\u00f3n. S\u00e9 de primera mano lo que vive cada familia porque yo tambi\u00e9n lo he vivido. No me desconecto de la realidad, la vivo todos los d\u00edas\u201d, afirm\u00f3 Guillermo P\u00e9rez.<\/p>\n<p style=\"text-align: justify;\">Su candidatura se inspira en una idea clara: que la Patagonia necesita m\u00e1s que nunca una voz fuerte y aut\u00e9ntica en el Congreso, una voz que entienda las desigualdades territoriales, la falta de oportunidades y las particularidades de cada localidad.<\/p>\n<p style=\"text-align: justify;\">Recientemente, Guillermo sostuvo una reuni\u00f3n con la ex Primera Dama Cecilia Morel, con quien comparti\u00f3 reflexiones sobre el futuro de la regi\u00f3n y la importancia de impulsar pol\u00edticas p\u00fablicas que fortalezcan a las familias, la solidaridad y el desarrollo social en territorios apartados como Ays\u00e9n.<\/p>\n<p style=\"text-align: justify;\">\u201cLos patagones sabemos lo que es luchar con esfuerzo, lo que es salir adelante a pesar de las distancias y las dificultades. Yo quiero ser ese puente entre nuestra realidad y las decisiones que se toman en Santiago. Quiero que cada voz de nuestra tierra se escuche y que nunca m\u00e1s seamos una regi\u00f3n olvidada\u201d, concluy\u00f3 el candidato.<\/p>\n<p style=\"text-align: justify;\">Con ra\u00edces profundas en toda la regi\u00f3n \u2014desde Coyhaique hasta Chile Chico, pasando por Ib\u00e1\u00f1ez, Ma\u00f1ihuales y Puerto Ays\u00e9n\u2014, Guillermo P\u00e9rez levanta su candidatura como una esperanza para Ays\u00e9n, con la convicci\u00f3n de que es hora de que la Patagonia tenga la representaci\u00f3n que merece.<\/p>\n<\/div><\/section><\/div><div  style='height:50px' class='hr hr-invisible   avia-builder-el-6  el_after_av_one_full  el_before_av_social_share '><span class='hr-inner ' ><span class='hr-inner-style'><\/span><\/span><\/div><\/p>\n<div  class='av-social-sharing-box  avia-builder-el-7  el_after_av_hr  el_before_av_hr  '><div class='av-share-box'><h5 class='av-share-link-description av-no-toc '>Compartir esta noticia<\/h5><ul class='av-share-box-list noLightbox'><li class='av-share-link av-social-link-facebook' ><a target=\"_blank\" aria-label=\"Compartir en Facebook\" href='https:\/\/www.facebook.com\/sharer.php?u=https:\/\/radiorevelacionfm.cl\/?p=58707&#038;t=Guillermo%20P%C3%A9rez%3A%20%E2%80%9CQuiero%20llevar%20la%20voz%20de%20los%20patagones%20al%20Congreso%E2%80%9D' aria-hidden='false' data-av_icon='\ue8f3' data-av_iconfont='entypo-fontello' title='' data-avia-related-tooltip='Compartir en Facebook' rel=\"noopener\"><span class='avia_hidden_link_text'>Compartir en Facebook<\/span><\/a><\/li><li class='av-share-link av-social-link-twitter' ><a target=\"_blank\" aria-label=\"Compartir en Twitter\" href='https:\/\/twitter.com\/share?text=Guillermo%20P%C3%A9rez%3A%20%E2%80%9CQuiero%20llevar%20la%20voz%20de%20los%20patagones%20al%20Congreso%E2%80%9D&#038;url=https:\/\/radiorevelacionfm.cl\/?p=58707' aria-hidden='false' data-av_icon='\ue8f1' data-av_iconfont='entypo-fontello' title='' data-avia-related-tooltip='Compartir en Twitter' rel=\"noopener\"><span class='avia_hidden_link_text'>Compartir en Twitter<\/span><\/a><\/li><li class='av-share-link av-social-link-whatsapp' ><a target=\"_blank\" aria-label=\"Compartir en Whatsapp\" href='https:\/\/api.whatsapp.com\/send?text=https:\/\/radiorevelacionfm.cl\/?p=58707' aria-hidden='false' data-av_icon='\uf232' data-av_iconfont='entypo-fontello' title='' data-avia-related-tooltip='Compartir en Whatsapp' rel=\"noopener\"><span class='avia_hidden_link_text'>Compartir en Whatsapp<\/span><\/a><\/li><li class='av-share-link av-social-link-linkedin' ><a target=\"_blank\" aria-label=\"Compartir en LinkedIn\" href='https:\/\/linkedin.com\/shareArticle?mini=true&#038;title=Guillermo%20P%C3%A9rez%3A%20%E2%80%9CQuiero%20llevar%20la%20voz%20de%20los%20patagones%20al%20Congreso%E2%80%9D&#038;url=https:\/\/radiorevelacionfm.cl\/?p=58707' aria-hidden='false' data-av_icon='\ue8fc' data-av_iconfont='entypo-fontello' title='' data-avia-related-tooltip='Compartir en LinkedIn' rel=\"noopener\"><span class='avia_hidden_link_text'>Compartir en LinkedIn<\/span><\/a><\/li><li class='av-share-link av-social-link-mail' ><a  aria-label=\"Compartir por correo\" href='mailto:?subject=Guillermo%20P%C3%A9rez%3A%20%E2%80%9CQuiero%20llevar%20la%20voz%20de%20los%20patagones%20al%20Congreso%E2%80%9D&#038;body=https:\/\/radiorevelacionfm.cl\/?p=58707' aria-hidden='false' data-av_icon='\ue805' data-av_iconfont='entypo-fontello' title='' data-avia-related-tooltip='Compartir por correo'><span class='avia_hidden_link_text'>Compartir por correo<\/span><\/a><\/li><\/ul><\/div><\/div>\n<div  style='height:50px' class='hr hr-invisible   avia-builder-el-8  el_after_av_social_share  el_before_av_comments_list '><span class='hr-inner ' ><span class='hr-inner-style'><\/span><\/span><\/div>\n<div  class='av-buildercomment  av-blog-meta-html-info-disabled av-blog-meta-tag-disabled  '><\/div>\n","protected":false},"excerpt":{"rendered":"","protected":false},"author":1,"featured_media":58708,"comment_status":"closed","ping_status":"closed","sticky":false,"template":"","format":"standard","meta":{"footnotes":""},"categories":[35],"tags":[],"class_list":["post-58707","post","type-post","status-publish","format-standard","has-post-thumbnail","hentry","category-politica"],"jetpack_featured_media_url":"https:\/\/radiorevelacionfm.cl\/wp-content\/uploads\/2025\/09\/GUILLERMO-001-1-1.jpeg","_links":{"self":[{"href":"https:\/\/radiorevelacionfm.cl\/index.php?rest_route=\/wp\/v2\/posts\/58707","targetHints":{"allow":["GET"]}}],"collection":[{"href":"https:\/\/radiorevelacionfm.cl\/index.php?rest_route=\/wp\/v2\/posts"}],"about":[{"href":"https:\/\/radiorevelacionfm.cl\/index.php?rest_route=\/wp\/v2\/types\/post"}],"author":[{"embeddable":true,"href":"https:\/\/radiorevelacionfm.cl\/index.php?rest_route=\/wp\/v2\/users\/1"}],"replies":[{"embeddable":true,"href":"https:\/\/radiorevelacionfm.cl\/index.php?rest_route=%2Fwp%2Fv2%2Fcomments&post=58707"}],"version-history":[{"count":2,"href":"https:\/\/radiorevelacionfm.cl\/index.php?rest_route=\/wp\/v2\/posts\/58707\/revisions"}],"predecessor-version":[{"id":58751,"href":"https:\/\/radiorevelacionfm.cl\/index.php?rest_route=\/wp\/v2\/posts\/58707\/revisions\/58751"}],"wp:featuredmedia":[{"embeddable":true,"href":"https:\/\/radiorevelacionfm.cl\/index.php?rest_route=\/wp\/v2\/media\/58708"}],"wp:attachment":[{"href":"https:\/\/radiorevelacionfm.cl\/index.php?rest_route=%2Fwp%2Fv2%2Fmedia&parent=58707"}],"wp:term":[{"taxonomy":"category","embeddable":true,"href":"https:\/\/radiorevelacionfm.cl\/index.php?rest_route=%2Fwp%2Fv2%2Fcategories&post=58707"},{"taxonomy":"post_tag","embeddable":true,"href":"https:\/\/radiorevelacionfm.cl\/index.php?rest_route=%2Fwp%2Fv2%2Ftags&post=58707"}],"curies":[{"name":"wp","href":"https:\/\/api.w.org\/{rel}","templated":true}]}}