{"id":58704,"date":"2025-09-03T20:18:16","date_gmt":"2025-09-03T23:18:16","guid":{"rendered":"https:\/\/radiorevelacionfm.cl\/?p=58704"},"modified":"2025-09-03T20:18:16","modified_gmt":"2025-09-03T23:18:16","slug":"calisto-apoya-transportistas-de-aysen-y-pide-subsidio-para-enfrentar-crisis-de-conectividad","status":"publish","type":"post","link":"https:\/\/radiorevelacionfm.cl\/?p=58704","title":{"rendered":"Calisto apoya transportistas de Ays\u00e9n y pide subsidio para enfrentar crisis de conectividad"},"content":{"rendered":"<div class=\"flex_column av_one_full  flex_column_div av-zero-column-padding first  avia-builder-el-0  el_before_av_one_full  avia-builder-el-first  \" style='border-radius:0px; '><div  class='avia-image-container  av-styling-    avia-builder-el-1  avia-builder-el-no-sibling  avia-align-center '  itemprop=\"image\" itemscope=\"itemscope\" itemtype=\"https:\/\/schema.org\/ImageObject\"  ><div class='avia-image-container-inner'><div class='avia-image-overlay-wrap'><img decoding=\"async\" class='wp-image-58705 avia-img-lazy-loading-not-58705 avia_image' src=\"https:\/\/radiorevelacionfm.cl\/wp-content\/uploads\/2025\/09\/foto-transportistas-1_optimized-1.jpg\" alt='' title='foto-transportistas-(1)_optimized (1)' height=\"600\" width=\"1067\"  itemprop=\"thumbnailUrl\" srcset=\"https:\/\/radiorevelacionfm.cl\/wp-content\/uploads\/2025\/09\/foto-transportistas-1_optimized-1.jpg 1067w, https:\/\/radiorevelacionfm.cl\/wp-content\/uploads\/2025\/09\/foto-transportistas-1_optimized-1-300x169.jpg 300w, https:\/\/radiorevelacionfm.cl\/wp-content\/uploads\/2025\/09\/foto-transportistas-1_optimized-1-1030x579.jpg 1030w, https:\/\/radiorevelacionfm.cl\/wp-content\/uploads\/2025\/09\/foto-transportistas-1_optimized-1-768x432.jpg 768w, https:\/\/radiorevelacionfm.cl\/wp-content\/uploads\/2025\/09\/foto-transportistas-1_optimized-1-705x396.jpg 705w, https:\/\/radiorevelacionfm.cl\/wp-content\/uploads\/2025\/09\/foto-transportistas-1_optimized-1-450x253.jpg 450w, https:\/\/radiorevelacionfm.cl\/wp-content\/uploads\/2025\/09\/foto-transportistas-1_optimized-1-600x337.jpg 600w\" sizes=\"(max-width: 1067px) 100vw, 1067px\" \/><\/div><\/div><\/div><\/div><div class=\"flex_column av_one_full  flex_column_div av-zero-column-padding first  avia-builder-el-2  el_after_av_one_full  el_before_av_one_full  column-top-margin\" style='border-radius:0px; '><section class=\"av_textblock_section \"  itemscope=\"itemscope\" itemtype=\"https:\/\/schema.org\/BlogPosting\" itemprop=\"blogPost\" ><div class='avia_textblock  '   itemprop=\"text\" ><p style=\"text-align: center;\"><strong><span style=\"font-size: 18pt;\">Calisto apoya transportistas de Ays\u00e9n y pide subsidio para enfrentar crisis de conectividad<\/span><\/strong><\/p>\n<div id=\"gtx-trans\" style=\"position: absolute; left: -50px; top: 4.31534px;\">\n<div class=\"gtx-trans-icon\"><\/div>\n<\/div>\n<\/div><\/section><\/div><div class=\"flex_column av_one_full  flex_column_div av-zero-column-padding first  avia-builder-el-4  el_after_av_one_full  el_before_av_hr  column-top-margin\" style='border-radius:0px; '><section class=\"av_textblock_section \"  itemscope=\"itemscope\" itemtype=\"https:\/\/schema.org\/BlogPosting\" itemprop=\"blogPost\" ><div class='avia_textblock  '   itemprop=\"text\" ><p style=\"font-weight: 400; text-align: justify;\"><em>Actualmente existen restricciones de tonelaje en el puente El Yelcho en la regi\u00f3n de Los Lagos, lo que encarecer\u00e1 el costo del transporte de mercader\u00eda a la regi\u00f3n.<\/em><\/p>\n<p style=\"font-weight: 400; text-align: justify;\">El diputado Miguel \u00c1ngel Calisto manifest\u00f3 su profunda preocupaci\u00f3n por crisis de conectividad que afecta a la regi\u00f3n de Ays\u00e9n, la cual amenaza con encarecer la canasta b\u00e1sica familiar. La situaci\u00f3n se agudiz\u00f3 tras las restricciones de tonelaje impuestas en el <strong>puente El Yelcho<\/strong>, en la regi\u00f3n de Los Lagos, debido a la rotura de uno de sus tirantes.<\/p>\n<p style=\"font-weight: 400; text-align: justify;\">Las limitaciones de peso en el puente impiden el paso de camiones de carga que abastecen a Ays\u00e9n, obligando a los transportistas a buscar alternativas m\u00e1s costosas, como el transporte mar\u00edtimo.<\/p>\n<p style=\"font-weight: 400; text-align: justify;\">El diputado Calisto, junto a dirigentes del gremio de camioneros, se reuni\u00f3 con el Ministro de Transportes y Telecomunicaciones, Juan Carlos Mu\u00f1oz, para solicitar una subvenci\u00f3n urgente por parte del Gobierno Central o Regional. Esta medida permitir\u00eda aumentar la frecuencia del transporte mar\u00edtimo desde Puerto Chacabuco y mitigar as\u00ed el impacto econ\u00f3mico en la regi\u00f3n.<\/p>\n<p style=\"font-weight: 400; text-align: justify;\">\u201cEstamos muy preocupados por la situaci\u00f3n que nos han planteado los transportistas, porque esta restricci\u00f3n afecta directamente al abastecimiento de productos de nuestra regi\u00f3n\u201d, se\u00f1al\u00f3 el diputado Calisto. \u201cLo que est\u00e1n pidiendo los transportistas es una subvenci\u00f3n para poder aumentar la frecuencia del transporte mar\u00edtimo desde Puerto Chacabuco y as\u00ed sostener la restricci\u00f3n que tiene el uso del puente El Yelcho\u201d.<\/p>\n<p style=\"font-weight: 400; text-align: justify;\">\u201cEsta es una situaci\u00f3n grave, porque muestra la debilidad de nuestra regi\u00f3n en materia de conectividad y, sobre todo, la vulnerabilidad en el abastecimiento. Si no existe un subsidio para los transportistas, ese costo se le va a traspasar a las personas que consumimos productos de nuestra regi\u00f3n y se va a encarecer a\u00fan m\u00e1s la canasta b\u00e1sica. Por eso es tan importante que exista una subvenci\u00f3n por parte del Estado para que ese costo no se traspase a las familias de Ays\u00e9n\u201d, enfatiz\u00f3 el diputado.<\/p>\n<p style=\"font-weight: 400; text-align: justify;\"><strong>Camioneros alertan sobre impacto directo en el bolsillo de los ayseninos<\/strong><\/p>\n<p style=\"font-weight: 400; text-align: justify;\">El presidente de la Asociaci\u00f3n Gremial de Camioneros Ays\u00e9n Chacabuco, Conrado Redlich, se sum\u00f3 a las declaraciones del diputado Calisto, alertando sobre el inminente aumento de precios para los habitantes de la regi\u00f3n. Redlich explic\u00f3 que la restricci\u00f3n en el puente El Yelcho, que limita el paso a 32.000 kilos, hace inviable econ\u00f3micamente los viajes de abastecimiento.<\/p>\n<p style=\"font-weight: 400; text-align: justify;\">\u201cHoy d\u00eda tenemos un problema que nos aqueja a todos como regi\u00f3n. El corte de un tensor en el puente Yelcho nos ha limitado para pasar con nuestros equipos de carga que hacen el abastecimiento para la regi\u00f3n con 32.000 kilos\u201d, indic\u00f3 Redlich. \u201cEso va a incurrir en un gran problema para nuestra regi\u00f3n, porque con esa cantidad de kilos, obviamente, no se sustenta un viaje\u201d.<\/p>\n<p style=\"font-weight: 400; text-align: justify;\">El dirigente gremial recalc\u00f3 que, sin un subsidio, el gremio no tendr\u00e1 otra opci\u00f3n que cargar ese costo a sus clientes, quienes a su vez lo traspasar\u00e1n a los habitantes de Ays\u00e9n. \u201cAl final nosotros vamos a tener que cargarle la cuenta a nuestros clientes y, a su vez, los clientes a los habitantes de esta regi\u00f3n\u201d, afirm\u00f3 Redlich, quien destac\u00f3 que la \u00fanica soluci\u00f3n viable es un subsidio a trav\u00e9s del Ministerio de Transportes.<\/p>\n<\/div><\/section><\/div><div  style='height:50px' class='hr hr-invisible   avia-builder-el-6  el_after_av_one_full  el_before_av_social_share '><span class='hr-inner ' ><span class='hr-inner-style'><\/span><\/span><\/div><\/p>\n<div  class='av-social-sharing-box  avia-builder-el-7  el_after_av_hr  el_before_av_hr  '><div class='av-share-box'><h5 class='av-share-link-description av-no-toc '>Compartir esta noticia<\/h5><ul class='av-share-box-list noLightbox'><li class='av-share-link av-social-link-facebook' ><a target=\"_blank\" aria-label=\"Compartir en Facebook\" href='https:\/\/www.facebook.com\/sharer.php?u=https:\/\/radiorevelacionfm.cl\/?p=58704&#038;t=Calisto%20apoya%20transportistas%20de%20Ays%C3%A9n%20y%20pide%20subsidio%20para%20enfrentar%20crisis%20de%20conectividad' aria-hidden='false' data-av_icon='\ue8f3' data-av_iconfont='entypo-fontello' title='' data-avia-related-tooltip='Compartir en Facebook' rel=\"noopener\"><span class='avia_hidden_link_text'>Compartir en Facebook<\/span><\/a><\/li><li class='av-share-link av-social-link-twitter' ><a target=\"_blank\" aria-label=\"Compartir en Twitter\" href='https:\/\/twitter.com\/share?text=Calisto%20apoya%20transportistas%20de%20Ays%C3%A9n%20y%20pide%20subsidio%20para%20enfrentar%20crisis%20de%20conectividad&#038;url=https:\/\/radiorevelacionfm.cl\/?p=58704' aria-hidden='false' data-av_icon='\ue8f1' data-av_iconfont='entypo-fontello' title='' data-avia-related-tooltip='Compartir en Twitter' rel=\"noopener\"><span class='avia_hidden_link_text'>Compartir en Twitter<\/span><\/a><\/li><li class='av-share-link av-social-link-whatsapp' ><a target=\"_blank\" aria-label=\"Compartir en Whatsapp\" href='https:\/\/api.whatsapp.com\/send?text=https:\/\/radiorevelacionfm.cl\/?p=58704' aria-hidden='false' data-av_icon='\uf232' data-av_iconfont='entypo-fontello' title='' data-avia-related-tooltip='Compartir en Whatsapp' rel=\"noopener\"><span class='avia_hidden_link_text'>Compartir en Whatsapp<\/span><\/a><\/li><li class='av-share-link av-social-link-linkedin' ><a target=\"_blank\" aria-label=\"Compartir en LinkedIn\" href='https:\/\/linkedin.com\/shareArticle?mini=true&#038;title=Calisto%20apoya%20transportistas%20de%20Ays%C3%A9n%20y%20pide%20subsidio%20para%20enfrentar%20crisis%20de%20conectividad&#038;url=https:\/\/radiorevelacionfm.cl\/?p=58704' aria-hidden='false' data-av_icon='\ue8fc' data-av_iconfont='entypo-fontello' title='' data-avia-related-tooltip='Compartir en LinkedIn' rel=\"noopener\"><span class='avia_hidden_link_text'>Compartir en LinkedIn<\/span><\/a><\/li><li class='av-share-link av-social-link-mail' ><a  aria-label=\"Compartir por correo\" href='mailto:?subject=Calisto%20apoya%20transportistas%20de%20Ays%C3%A9n%20y%20pide%20subsidio%20para%20enfrentar%20crisis%20de%20conectividad&#038;body=https:\/\/radiorevelacionfm.cl\/?p=58704' aria-hidden='false' data-av_icon='\ue805' data-av_iconfont='entypo-fontello' title='' data-avia-related-tooltip='Compartir por correo'><span class='avia_hidden_link_text'>Compartir por correo<\/span><\/a><\/li><\/ul><\/div><\/div>\n<div  style='height:50px' class='hr hr-invisible   avia-builder-el-8  el_after_av_social_share  el_before_av_comments_list '><span class='hr-inner ' ><span class='hr-inner-style'><\/span><\/span><\/div>\n<div  class='av-buildercomment  av-blog-meta-html-info-disabled av-blog-meta-tag-disabled  '><\/div>\n","protected":false},"excerpt":{"rendered":"","protected":false},"author":1,"featured_media":58705,"comment_status":"closed","ping_status":"closed","sticky":false,"template":"","format":"standard","meta":{"footnotes":""},"categories":[35],"tags":[],"class_list":["post-58704","post","type-post","status-publish","format-standard","has-post-thumbnail","hentry","category-politica"],"jetpack_featured_media_url":"https:\/\/radiorevelacionfm.cl\/wp-content\/uploads\/2025\/09\/foto-transportistas-1_optimized-1.jpg","_links":{"self":[{"href":"https:\/\/radiorevelacionfm.cl\/index.php?rest_route=\/wp\/v2\/posts\/58704","targetHints":{"allow":["GET"]}}],"collection":[{"href":"https:\/\/radiorevelacionfm.cl\/index.php?rest_route=\/wp\/v2\/posts"}],"about":[{"href":"https:\/\/radiorevelacionfm.cl\/index.php?rest_route=\/wp\/v2\/types\/post"}],"author":[{"embeddable":true,"href":"https:\/\/radiorevelacionfm.cl\/index.php?rest_route=\/wp\/v2\/users\/1"}],"replies":[{"embeddable":true,"href":"https:\/\/radiorevelacionfm.cl\/index.php?rest_route=%2Fwp%2Fv2%2Fcomments&post=58704"}],"version-history":[{"count":2,"href":"https:\/\/radiorevelacionfm.cl\/index.php?rest_route=\/wp\/v2\/posts\/58704\/revisions"}],"predecessor-version":[{"id":58724,"href":"https:\/\/radiorevelacionfm.cl\/index.php?rest_route=\/wp\/v2\/posts\/58704\/revisions\/58724"}],"wp:featuredmedia":[{"embeddable":true,"href":"https:\/\/radiorevelacionfm.cl\/index.php?rest_route=\/wp\/v2\/media\/58705"}],"wp:attachment":[{"href":"https:\/\/radiorevelacionfm.cl\/index.php?rest_route=%2Fwp%2Fv2%2Fmedia&parent=58704"}],"wp:term":[{"taxonomy":"category","embeddable":true,"href":"https:\/\/radiorevelacionfm.cl\/index.php?rest_route=%2Fwp%2Fv2%2Fcategories&post=58704"},{"taxonomy":"post_tag","embeddable":true,"href":"https:\/\/radiorevelacionfm.cl\/index.php?rest_route=%2Fwp%2Fv2%2Ftags&post=58704"}],"curies":[{"name":"wp","href":"https:\/\/api.w.org\/{rel}","templated":true}]}}