{"id":58694,"date":"2025-09-03T16:04:13","date_gmt":"2025-09-03T19:04:13","guid":{"rendered":"https:\/\/radiorevelacionfm.cl\/?p=58694"},"modified":"2025-09-03T16:04:13","modified_gmt":"2025-09-03T19:04:13","slug":"cerca-de-30-mujeres-participaron-del-taller-de-lideresas-en-caleta-tortel","status":"publish","type":"post","link":"https:\/\/radiorevelacionfm.cl\/?p=58694","title":{"rendered":"Cerca de 30 mujeres participaron del Taller de Lideresas en Caleta Tortel"},"content":{"rendered":"<div class=\"flex_column av_one_full  flex_column_div av-zero-column-padding first  avia-builder-el-0  el_before_av_one_full  avia-builder-el-first  \" style='border-radius:0px; '><div  class='avia-image-container  av-styling-    avia-builder-el-1  avia-builder-el-no-sibling  avia-align-center '  itemprop=\"image\" itemscope=\"itemscope\" itemtype=\"https:\/\/schema.org\/ImageObject\"  ><div class='avia-image-container-inner'><div class='avia-image-overlay-wrap'><img decoding=\"async\" class='wp-image-58695 avia-img-lazy-loading-not-58695 avia_image' src=\"https:\/\/radiorevelacionfm.cl\/wp-content\/uploads\/2025\/09\/foto-grupal-final-1_optimized-1.jpeg\" alt='' title='foto-grupal-final-(1)_optimized (1)' height=\"600\" width=\"983\"  itemprop=\"thumbnailUrl\" srcset=\"https:\/\/radiorevelacionfm.cl\/wp-content\/uploads\/2025\/09\/foto-grupal-final-1_optimized-1.jpeg 983w, https:\/\/radiorevelacionfm.cl\/wp-content\/uploads\/2025\/09\/foto-grupal-final-1_optimized-1-300x183.jpeg 300w, https:\/\/radiorevelacionfm.cl\/wp-content\/uploads\/2025\/09\/foto-grupal-final-1_optimized-1-768x469.jpeg 768w, https:\/\/radiorevelacionfm.cl\/wp-content\/uploads\/2025\/09\/foto-grupal-final-1_optimized-1-705x430.jpeg 705w, https:\/\/radiorevelacionfm.cl\/wp-content\/uploads\/2025\/09\/foto-grupal-final-1_optimized-1-450x275.jpeg 450w, https:\/\/radiorevelacionfm.cl\/wp-content\/uploads\/2025\/09\/foto-grupal-final-1_optimized-1-600x366.jpeg 600w\" sizes=\"(max-width: 983px) 100vw, 983px\" \/><\/div><\/div><\/div><\/div><div class=\"flex_column av_one_full  flex_column_div av-zero-column-padding first  avia-builder-el-2  el_after_av_one_full  el_before_av_one_full  column-top-margin\" style='border-radius:0px; '><section class=\"av_textblock_section \"  itemscope=\"itemscope\" itemtype=\"https:\/\/schema.org\/BlogPosting\" itemprop=\"blogPost\" ><div class='avia_textblock  '   itemprop=\"text\" ><p style=\"text-align: center;\"><strong><span style=\"font-size: 18pt;\">Cerca de 30 mujeres participaron del Taller de Lideresas en Caleta Tortel <\/span><\/strong><\/p>\n<div id=\"gtx-trans\" style=\"position: absolute; left: -50px; top: 4.31534px;\">\n<div class=\"gtx-trans-icon\"><\/div>\n<\/div>\n<\/div><\/section><\/div><div class=\"flex_column av_one_full  flex_column_div av-zero-column-padding first  avia-builder-el-4  el_after_av_one_full  el_before_av_hr  column-top-margin\" style='border-radius:0px; '><section class=\"av_textblock_section \"  itemscope=\"itemscope\" itemtype=\"https:\/\/schema.org\/BlogPosting\" itemprop=\"blogPost\" ><div class='avia_textblock  '   itemprop=\"text\" ><p style=\"text-align: justify;\"><em>La iniciativa realizada por la Seremi de la Mujer y la Equidad de G\u00e9nero, cont\u00f3 con el apoyo del Municipio de Tortel y la Delegaci\u00f3n Presidencial Provincial.<\/em><\/p>\n<p style=\"text-align: justify;\">Cerca de 30 mujeres llegaron el pasado mi\u00e9rcoles 27 de agosto, hasta el Quincho Municipal de Caleta de Tortel para participar del \u201cTaller de Lideresas\u201d, dictado por Lenka Gatica Sandoval, profesional de apoyo de la Secretar\u00eda Regional Ministerial de la Mujer y la Equidad de G\u00e9nero en la regi\u00f3n de Ays\u00e9n.<\/p>\n<p style=\"text-align: justify;\">Durante la jornada se abordaron tem\u00e1ticas como la participaci\u00f3n ciudadana, democracia, autonom\u00eda en la toma de decisiones y representatividad femenina. Adem\u00e1s, un juego de roles, todas las participantes se transformaron en Diputadas de la Rep\u00fablica, simulando estar participando de una comisi\u00f3n de trabajo, en donde consensuaron levantar iniciativas que mejorar\u00edan la calidad de vida de las mujeres de Tortel, las que tuvieron que exponer en un pleno y que se llev\u00f3 a votaci\u00f3n. Algunas de las iniciativas presentadas fueron las siguientes:<\/p>\n<ul style=\"text-align: justify;\">\n<li>Que las mujeres puedan dar a luz en su comuna y as\u00ed proteger la pertenencia y procedencia de sus hijos e hijas.<\/li>\n<li>Tener acompa\u00f1amiento psicol\u00f3gico en los procesos vitales como la menopausia, que son dif\u00edciles e implican muchos cambios.<\/li>\n<li>Disponer de un d\u00eda libre cuando menstr\u00faan, dado que para muchas mujeres esos d\u00edas del mes son muy complicados tanto en su estado f\u00edsico como sicol\u00f3gico.<\/li>\n<\/ul>\n<p style=\"text-align: justify;\">Marisela Jim\u00e9nez Cruces, alcaldesa de Tortel, valor\u00f3 la jornada y la posibilidad de que la Seremi de la Mujer pueda ir hasta la comuna y reunirse con las mujeres en una enriquecedora jornada, agregando que: \u201cComo primera alcaldesa de la provincia de Capit\u00e1n Prat y de la comuna de Tortel para mi es super importante relevar el trabajo de la mujer tortelina, de la mujer tortelina dirigenta, que tambi\u00e9n se puedan otorgar todas las herramientas para que puedan liderar como yo el concejo y tambi\u00e9n la alcald\u00eda. \u00bfPor qu\u00e9 no?\u201d.<\/p>\n<p style=\"text-align: justify;\">En esta misma l\u00ednea, Diana Mu\u00f1oz Vargas, una de las participantes del taller y oriunda de Tortel, destac\u00f3 la importancia de la participaci\u00f3n y los derechos de las mujeres manifestando lo siguiente: \u201cNosotros tenemos que trabajar para que en las pol\u00edticas p\u00fablicas haya m\u00e1s mujeres y eso se va logrando d\u00eda a d\u00eda, pero todav\u00eda nos falta. Es importante que se realicen este tipo de actividades para que las mujeres nos convenzamos de que tenemos capacidades iguales que los hombres. (&#8230;) Estas cosas nos sirven porque a nosotros como mujeres nos hace ver que nosotras podemos y que somos capaces de lograr grandes cosas\u201d.<\/p>\n<p style=\"text-align: justify;\">Marta Montiel Alarc\u00f3n, relev\u00f3 el rol de las mujeres en los diversos aspectos de la acci\u00f3n comunitario y el trabajo articulado con las instituciones p\u00fablicas, se\u00f1alando: \u201cNos encontramos ac\u00e1 cumpliendo los compromisos asumidos hace no m\u00e1s de dos meses y viendo tambi\u00e9n los avances que hemos mostrado en otras partes de la regi\u00f3n y ac\u00e1 en la Provincia de Capit\u00e1n destacando todo lo que hemos avanzado en materia legislativa en favor de las mujeres\u201d.<\/p>\n<p style=\"text-align: justify;\">Por su parte la Seremi de la Mujer y la Equidad de G\u00e9nero, Isidora Gacit\u00faa Goles, reafirm\u00f3 que se encuentran cumpliendo compromisos en los territorios y a\u00f1adi\u00f3: \u201cHemos tenido una nutrida agenda en la zona sur de la regi\u00f3n, particularmente en Tortel hemos cumplido un compromiso asumido con la Alcaldesa, Maricela Jim\u00e9nez Cruces y la Delegada Presidencial, Marta Montiel Alarc\u00f3n de poder realizar este taller de lideresas, el que adem\u00e1s cont\u00f3 con una gran participaci\u00f3n de mujeres que participaron activamente. El presidente de Rep\u00fablica, Gabriel Boric Font, nos ha mandatado a seguir desplegados en todos los rincones de Chile, seguiremos trabajando hasta el \u00faltimo d\u00eda para tener un pa\u00eds m\u00e1s justo y equitativo para todas\u201d.<\/p>\n<p style=\"text-align: justify;\">Esta iniciativa es parte de los metas y objetivos ministeriales que la Seremi de la Mujer y la Equidad de G\u00e9nero de Ays\u00e9n se encuentra trabajando con las mujeres de distintas localidades y comunas de la regi\u00f3n. Bas\u00e1ndose en la importancia de que las pol\u00edticas p\u00fablicas tengan en consideraci\u00f3n los m\u00faltiples roles que llevan a cabo las mujeres y que muchas veces les hacen complejo la participaci\u00f3n de la discusi\u00f3n pol\u00edtica, por lo que es importante poder resguardar los derechos conquistados para seguir avanzando, para que todas las ni\u00f1as que nazcan en nuestro pa\u00eds, lo hagan sabiendo que las mujeres pueden llegar a ocupar todos los espacios al igual que los hombres.<\/p>\n<\/div><\/section><\/div><div  style='height:50px' class='hr hr-invisible   avia-builder-el-6  el_after_av_one_full  el_before_av_social_share '><span class='hr-inner ' ><span class='hr-inner-style'><\/span><\/span><\/div><\/p>\n<div  class='av-social-sharing-box  avia-builder-el-7  el_after_av_hr  el_before_av_hr  '><div class='av-share-box'><h5 class='av-share-link-description av-no-toc '>Compartir esta noticia<\/h5><ul class='av-share-box-list noLightbox'><li class='av-share-link av-social-link-facebook' ><a target=\"_blank\" aria-label=\"Compartir en Facebook\" href='https:\/\/www.facebook.com\/sharer.php?u=https:\/\/radiorevelacionfm.cl\/?p=58694&#038;t=Cerca%20de%2030%20mujeres%20participaron%20del%20Taller%20de%20Lideresas%20en%20Caleta%20Tortel' aria-hidden='false' data-av_icon='\ue8f3' data-av_iconfont='entypo-fontello' title='' data-avia-related-tooltip='Compartir en Facebook' rel=\"noopener\"><span class='avia_hidden_link_text'>Compartir en Facebook<\/span><\/a><\/li><li class='av-share-link av-social-link-twitter' ><a target=\"_blank\" aria-label=\"Compartir en Twitter\" href='https:\/\/twitter.com\/share?text=Cerca%20de%2030%20mujeres%20participaron%20del%20Taller%20de%20Lideresas%20en%20Caleta%20Tortel&#038;url=https:\/\/radiorevelacionfm.cl\/?p=58694' aria-hidden='false' data-av_icon='\ue8f1' data-av_iconfont='entypo-fontello' title='' data-avia-related-tooltip='Compartir en Twitter' rel=\"noopener\"><span class='avia_hidden_link_text'>Compartir en Twitter<\/span><\/a><\/li><li class='av-share-link av-social-link-whatsapp' ><a target=\"_blank\" aria-label=\"Compartir en Whatsapp\" href='https:\/\/api.whatsapp.com\/send?text=https:\/\/radiorevelacionfm.cl\/?p=58694' aria-hidden='false' data-av_icon='\uf232' data-av_iconfont='entypo-fontello' title='' data-avia-related-tooltip='Compartir en Whatsapp' rel=\"noopener\"><span class='avia_hidden_link_text'>Compartir en Whatsapp<\/span><\/a><\/li><li class='av-share-link av-social-link-linkedin' ><a target=\"_blank\" aria-label=\"Compartir en LinkedIn\" href='https:\/\/linkedin.com\/shareArticle?mini=true&#038;title=Cerca%20de%2030%20mujeres%20participaron%20del%20Taller%20de%20Lideresas%20en%20Caleta%20Tortel&#038;url=https:\/\/radiorevelacionfm.cl\/?p=58694' aria-hidden='false' data-av_icon='\ue8fc' data-av_iconfont='entypo-fontello' title='' data-avia-related-tooltip='Compartir en LinkedIn' rel=\"noopener\"><span class='avia_hidden_link_text'>Compartir en LinkedIn<\/span><\/a><\/li><li class='av-share-link av-social-link-mail' ><a  aria-label=\"Compartir por correo\" href='mailto:?subject=Cerca%20de%2030%20mujeres%20participaron%20del%20Taller%20de%20Lideresas%20en%20Caleta%20Tortel&#038;body=https:\/\/radiorevelacionfm.cl\/?p=58694' aria-hidden='false' data-av_icon='\ue805' data-av_iconfont='entypo-fontello' title='' data-avia-related-tooltip='Compartir por correo'><span class='avia_hidden_link_text'>Compartir por correo<\/span><\/a><\/li><\/ul><\/div><\/div>\n<div  style='height:50px' class='hr hr-invisible   avia-builder-el-8  el_after_av_social_share  el_before_av_comments_list '><span class='hr-inner ' ><span class='hr-inner-style'><\/span><\/span><\/div>\n<div  class='av-buildercomment  av-blog-meta-html-info-disabled av-blog-meta-tag-disabled  '><\/div>\n","protected":false},"excerpt":{"rendered":"","protected":false},"author":1,"featured_media":58695,"comment_status":"closed","ping_status":"closed","sticky":false,"template":"","format":"standard","meta":{"footnotes":""},"categories":[38],"tags":[],"class_list":["post-58694","post","type-post","status-publish","format-standard","has-post-thumbnail","hentry","category-regional"],"jetpack_featured_media_url":"https:\/\/radiorevelacionfm.cl\/wp-content\/uploads\/2025\/09\/foto-grupal-final-1_optimized-1.jpeg","_links":{"self":[{"href":"https:\/\/radiorevelacionfm.cl\/index.php?rest_route=\/wp\/v2\/posts\/58694","targetHints":{"allow":["GET"]}}],"collection":[{"href":"https:\/\/radiorevelacionfm.cl\/index.php?rest_route=\/wp\/v2\/posts"}],"about":[{"href":"https:\/\/radiorevelacionfm.cl\/index.php?rest_route=\/wp\/v2\/types\/post"}],"author":[{"embeddable":true,"href":"https:\/\/radiorevelacionfm.cl\/index.php?rest_route=\/wp\/v2\/users\/1"}],"replies":[{"embeddable":true,"href":"https:\/\/radiorevelacionfm.cl\/index.php?rest_route=%2Fwp%2Fv2%2Fcomments&post=58694"}],"version-history":[{"count":2,"href":"https:\/\/radiorevelacionfm.cl\/index.php?rest_route=\/wp\/v2\/posts\/58694\/revisions"}],"predecessor-version":[{"id":58703,"href":"https:\/\/radiorevelacionfm.cl\/index.php?rest_route=\/wp\/v2\/posts\/58694\/revisions\/58703"}],"wp:featuredmedia":[{"embeddable":true,"href":"https:\/\/radiorevelacionfm.cl\/index.php?rest_route=\/wp\/v2\/media\/58695"}],"wp:attachment":[{"href":"https:\/\/radiorevelacionfm.cl\/index.php?rest_route=%2Fwp%2Fv2%2Fmedia&parent=58694"}],"wp:term":[{"taxonomy":"category","embeddable":true,"href":"https:\/\/radiorevelacionfm.cl\/index.php?rest_route=%2Fwp%2Fv2%2Fcategories&post=58694"},{"taxonomy":"post_tag","embeddable":true,"href":"https:\/\/radiorevelacionfm.cl\/index.php?rest_route=%2Fwp%2Fv2%2Ftags&post=58694"}],"curies":[{"name":"wp","href":"https:\/\/api.w.org\/{rel}","templated":true}]}}