{"id":58691,"date":"2025-09-03T14:43:55","date_gmt":"2025-09-03T17:43:55","guid":{"rendered":"https:\/\/radiorevelacionfm.cl\/?p=58691"},"modified":"2025-09-03T14:43:55","modified_gmt":"2025-09-03T17:43:55","slug":"subsecretaria-gabriela-elgueta-inicio-actividades-en-la-region-recorriendo-construccion-de-101-viviendas-en-balmaceda","status":"publish","type":"post","link":"https:\/\/radiorevelacionfm.cl\/?p=58691","title":{"rendered":"Subsecretaria Gabriela Elgueta inici\u00f3 actividades en la regi\u00f3n recorriendo construcci\u00f3n de 101 viviendas en Balmaceda"},"content":{"rendered":"<div class=\"flex_column av_one_full  flex_column_div av-zero-column-padding first  avia-builder-el-0  el_before_av_one_full  avia-builder-el-first  \" style='border-radius:0px; '><div  class='avia-image-container  av-styling-    avia-builder-el-1  avia-builder-el-no-sibling  avia-align-center '  itemprop=\"image\" itemscope=\"itemscope\" itemtype=\"https:\/\/schema.org\/ImageObject\"  ><div class='avia-image-container-inner'><div class='avia-image-overlay-wrap'><img decoding=\"async\" class='wp-image-58692 avia-img-lazy-loading-not-58692 avia_image' src=\"https:\/\/radiorevelacionfm.cl\/wp-content\/uploads\/2025\/09\/obras-construccion-101-viviendas-balmaceda-1-1_optimized-1.jpeg\" alt='' title='obras-construcci\u00f3n-101-viviendas-balmaceda-(1)-(1)_optimized (1)' height=\"600\" width=\"1026\"  itemprop=\"thumbnailUrl\" srcset=\"https:\/\/radiorevelacionfm.cl\/wp-content\/uploads\/2025\/09\/obras-construccion-101-viviendas-balmaceda-1-1_optimized-1.jpeg 1026w, https:\/\/radiorevelacionfm.cl\/wp-content\/uploads\/2025\/09\/obras-construccion-101-viviendas-balmaceda-1-1_optimized-1-300x175.jpeg 300w, https:\/\/radiorevelacionfm.cl\/wp-content\/uploads\/2025\/09\/obras-construccion-101-viviendas-balmaceda-1-1_optimized-1-768x449.jpeg 768w, https:\/\/radiorevelacionfm.cl\/wp-content\/uploads\/2025\/09\/obras-construccion-101-viviendas-balmaceda-1-1_optimized-1-705x412.jpeg 705w, https:\/\/radiorevelacionfm.cl\/wp-content\/uploads\/2025\/09\/obras-construccion-101-viviendas-balmaceda-1-1_optimized-1-450x263.jpeg 450w, https:\/\/radiorevelacionfm.cl\/wp-content\/uploads\/2025\/09\/obras-construccion-101-viviendas-balmaceda-1-1_optimized-1-600x351.jpeg 600w\" sizes=\"(max-width: 1026px) 100vw, 1026px\" \/><\/div><\/div><\/div><\/div><div class=\"flex_column av_one_full  flex_column_div av-zero-column-padding first  avia-builder-el-2  el_after_av_one_full  el_before_av_one_full  column-top-margin\" style='border-radius:0px; '><section class=\"av_textblock_section \"  itemscope=\"itemscope\" itemtype=\"https:\/\/schema.org\/BlogPosting\" itemprop=\"blogPost\" ><div class='avia_textblock  '   itemprop=\"text\" ><p style=\"text-align: center;\"><strong><span style=\"font-size: 18pt;\">Subsecretaria Gabriela Elgueta inici\u00f3 actividades en la regi\u00f3n recorriendo construcci\u00f3n de 101 viviendas en Balmaceda<\/span><\/strong><\/p>\n<div id=\"gtx-trans\" style=\"position: absolute; left: -50px; top: 4.31534px;\">\n<div class=\"gtx-trans-icon\"><\/div>\n<\/div>\n<\/div><\/section><\/div><div class=\"flex_column av_one_full  flex_column_div av-zero-column-padding first  avia-builder-el-4  el_after_av_one_full  el_before_av_hr  column-top-margin\" style='border-radius:0px; '><section class=\"av_textblock_section \"  itemscope=\"itemscope\" itemtype=\"https:\/\/schema.org\/BlogPosting\" itemprop=\"blogPost\" ><div class='avia_textblock  '   itemprop=\"text\" ><p style=\"text-align: justify;\">Con un recorrido para constatar el avance en la construcci\u00f3n de 101 viviendas para el comit\u00e9 \u201cUni\u00f3n y Esperanza\u201d de Balmaceda, la Subsecretaria de Vivienda y Urbanismo, Gabriela Elgueta Poblete, inici\u00f3 este mi\u00e9rcoles una visita de dos d\u00edas a la regi\u00f3n de Ays\u00e9n. La autoridad nacional estuvo acompa\u00f1ada por la Seremi de Vivienda, Paulina Ruz; la directora (S) de Serviu, Giovanna G\u00f3mez; adem\u00e1s de dirigentes y algunos beneficiarios.<\/p>\n<p style=\"text-align: justify;\">En el nuevo conjunto habitacional vivir\u00e1n familias de Coyhaique y de Balmaceda, quienes han sido asesorados por la entidad patrocinante Dalco Limitada, la que elabor\u00f3 el proyecto y concret\u00f3 la postulaci\u00f3n al programa Fondo Solidario de Elecci\u00f3n de Vivienda, donde los beneficiarios solo deben aportar con un ahorro de diez unidades de fomento (unos 390 mil pesos, aproximadamente) para recibir su soluci\u00f3n habitacional, quedando sin ning\u00fan tipo de deuda.<\/p>\n<p style=\"text-align: justify;\">Record\u00f3 la Seremi Paulina Ruz que las obras est\u00e1n siendo ejecutadas desde abril de este a\u00f1o por la empresa L y D Limitada, en terrenos que en su momento fueron traspasados al comit\u00e9 de vivienda por el Serviu regional.<\/p>\n<p style=\"text-align: justify;\">\u201cA comienzos de abril nos reunimos con estas familias para concretar la entrega de los certificados de subsidio y ahora, junto a nuestra Subsecretaria podemos apreciar que las obras ya est\u00e1n en marcha y avanzan de acuerdo a lo programado. Hay que recordar que solo considerando los subsidios estamos haciendo aqu\u00ed una inversi\u00f3n que bordea los diez mil millones de pesos, lo que garantiza viviendas de gran calidad y un alto est\u00e1ndar de seguridad, materialidad y aislaci\u00f3n, tal como exige la norma que estamos aplicando en toda la regi\u00f3n. Por otra parte, este es un proyecto especial, ya que por primera vez y con el apoyo de la empresa Dalco se est\u00e1n incluyendo mirillas en las puertas de acceso a las viviendas, lo que era una petici\u00f3n que naci\u00f3 de la misma comunidad y que aportar\u00e1 a una mayor seguridad para cada una de las familias\u201d, precis\u00f3.<\/p>\n<p style=\"text-align: justify;\">La ejecuci\u00f3n del proyecto fue valorada por las familias y dirigentes, tal como se\u00f1al\u00f3 el Presidente del Comit\u00e9 de Uni\u00f3n Esperanza, Francisco Sandoval. \u201cHoy nos encontramos aqu\u00ed realizando lo que es una visita a terreno donde van a hacer el emplazamiento nuestras casas y en general mi impresi\u00f3n personal es que estamos muy contentos porque se ve avance, se ve trabajo, la gente que est\u00e1 trabajando ac\u00e1 nos dio muy buenas explicaciones de c\u00f3mo va a ser todo el proceso y contentos porque se ve, se ve avance\u201d, afirm\u00f3.<\/p>\n<p style=\"text-align: justify;\">Por su parte, la Subsecretaria de Vivienda y Urbanismo, Gabriela Elgueta Poblete, enfatiz\u00f3 en que todas estas obras forman parte de la gesti\u00f3n Ministerial realizada en el marco del Plan de Emergencia Habitacional del Gobierno, el cual ya presenta la meta regional cumplida, tal como indica el \u00faltimo informe oficial emanado desde el Minvu en el pasado mes de julio.<\/p>\n<p style=\"text-align: justify;\">\u201cLa meta regional era alcanzar las mil 293 viviendas entregadas durante los 4 a\u00f1os de gesti\u00f3n del Gobierno y podemos decir con satisfacci\u00f3n que ya sobrepasamos esa cifra. En julio contamos mil 306 viviendas entregadas, por lo que alcanzamos un 101 por ciento de la meta, la cual como hemos dicho en ocasiones anteriores es solo un piso, ya que tenemos a la fecha 880 viviendas en plena ejecuci\u00f3n, donde se incluyen estas viviendas en Balmaceda, y otras 653 en proyectos que se deben empezar a ejecutar en los pr\u00f3ximos meses. Entonces, si bien este logro nos llena de orgullo, es sobre todo una motivaci\u00f3n m\u00e1s para seguir adelante con muchos otros proyectos que vienen o que ya est\u00e1n en marcha para cambiar la vida a las familias de toda la regi\u00f3n de Ays\u00e9n\u201d, afirm\u00f3.<\/p>\n<p style=\"text-align: justify;\">La autoridad nacional precis\u00f3 que, considerando solo los \u00faltimos cuatro a\u00f1os, se han entregado tres conjuntos habitacionales en Balmaceda, sumando 214 nuevas viviendas que marcan un aumento considerable de la poblaci\u00f3n, aportando desarrollo social y urbano, pero imponiendo a la vez nuevos desaf\u00edos para atender las crecientes necesidades de la comunidad.<\/p>\n<p style=\"text-align: justify;\">Durante su primera jornada de trabajo, la Subsecretaria Gabriela Elgueta encabez\u00f3 tambi\u00e9n dos ceremonias, una para destacar el cumplimiento de la meta de entregar 7 mil subsidios t\u00e9rmicos en el marco de la aplicaci\u00f3n del Plan de Descontaminaci\u00f3n Atmosf\u00e9rica de Coyhaique y otra para destacar el cumplimiento de la meta regional de entregar al menos mil 293 viviendas durante la actual administraci\u00f3n, esto en el marco del Plan de Emergencia habitacional del Gobierno.<\/p>\n<p style=\"text-align: justify;\">Entre las actividades que contempla la autoridad para este jueves, destacan una visita al beneficiario de la vivienda numero mil 293, en Villa Frei y la Ceremonia de inicio de obras del primer Centro Comunitario de Cuidados de Coyhaique, actividad que se desarrollar\u00e1 al medio d\u00eda en el barrio Quebrada la Cruz, sector alto de la capital regional.<\/p>\n<\/div><\/section><\/div><div  style='height:50px' class='hr hr-invisible   avia-builder-el-6  el_after_av_one_full  el_before_av_social_share '><span class='hr-inner ' ><span class='hr-inner-style'><\/span><\/span><\/div><\/p>\n<div  class='av-social-sharing-box  avia-builder-el-7  el_after_av_hr  el_before_av_hr  '><div class='av-share-box'><h5 class='av-share-link-description av-no-toc '>Compartir esta noticia<\/h5><ul class='av-share-box-list noLightbox'><li class='av-share-link av-social-link-facebook' ><a target=\"_blank\" aria-label=\"Compartir en Facebook\" href='https:\/\/www.facebook.com\/sharer.php?u=https:\/\/radiorevelacionfm.cl\/?p=58691&#038;t=Subsecretaria%20Gabriela%20Elgueta%20inici%C3%B3%20actividades%20en%20la%20regi%C3%B3n%20recorriendo%20construcci%C3%B3n%20de%20101%20viviendas%20en%20Balmaceda' aria-hidden='false' data-av_icon='\ue8f3' data-av_iconfont='entypo-fontello' title='' data-avia-related-tooltip='Compartir en Facebook' rel=\"noopener\"><span class='avia_hidden_link_text'>Compartir en Facebook<\/span><\/a><\/li><li class='av-share-link av-social-link-twitter' ><a target=\"_blank\" aria-label=\"Compartir en Twitter\" href='https:\/\/twitter.com\/share?text=Subsecretaria%20Gabriela%20Elgueta%20inici%C3%B3%20actividades%20en%20la%20regi%C3%B3n%20recorriendo%20construcci%C3%B3n%20de%20101%20viviendas%20en%20Balmaceda&#038;url=https:\/\/radiorevelacionfm.cl\/?p=58691' aria-hidden='false' data-av_icon='\ue8f1' data-av_iconfont='entypo-fontello' title='' data-avia-related-tooltip='Compartir en Twitter' rel=\"noopener\"><span class='avia_hidden_link_text'>Compartir en Twitter<\/span><\/a><\/li><li class='av-share-link av-social-link-whatsapp' ><a target=\"_blank\" aria-label=\"Compartir en Whatsapp\" href='https:\/\/api.whatsapp.com\/send?text=https:\/\/radiorevelacionfm.cl\/?p=58691' aria-hidden='false' data-av_icon='\uf232' data-av_iconfont='entypo-fontello' title='' data-avia-related-tooltip='Compartir en Whatsapp' rel=\"noopener\"><span class='avia_hidden_link_text'>Compartir en Whatsapp<\/span><\/a><\/li><li class='av-share-link av-social-link-linkedin' ><a target=\"_blank\" aria-label=\"Compartir en LinkedIn\" href='https:\/\/linkedin.com\/shareArticle?mini=true&#038;title=Subsecretaria%20Gabriela%20Elgueta%20inici%C3%B3%20actividades%20en%20la%20regi%C3%B3n%20recorriendo%20construcci%C3%B3n%20de%20101%20viviendas%20en%20Balmaceda&#038;url=https:\/\/radiorevelacionfm.cl\/?p=58691' aria-hidden='false' data-av_icon='\ue8fc' data-av_iconfont='entypo-fontello' title='' data-avia-related-tooltip='Compartir en LinkedIn' rel=\"noopener\"><span class='avia_hidden_link_text'>Compartir en LinkedIn<\/span><\/a><\/li><li class='av-share-link av-social-link-mail' ><a  aria-label=\"Compartir por correo\" href='mailto:?subject=Subsecretaria%20Gabriela%20Elgueta%20inici%C3%B3%20actividades%20en%20la%20regi%C3%B3n%20recorriendo%20construcci%C3%B3n%20de%20101%20viviendas%20en%20Balmaceda&#038;body=https:\/\/radiorevelacionfm.cl\/?p=58691' aria-hidden='false' data-av_icon='\ue805' data-av_iconfont='entypo-fontello' title='' data-avia-related-tooltip='Compartir por correo'><span class='avia_hidden_link_text'>Compartir por correo<\/span><\/a><\/li><\/ul><\/div><\/div>\n<div  style='height:50px' class='hr hr-invisible   avia-builder-el-8  el_after_av_social_share  el_before_av_comments_list '><span class='hr-inner ' ><span class='hr-inner-style'><\/span><\/span><\/div>\n<div  class='av-buildercomment  av-blog-meta-html-info-disabled av-blog-meta-tag-disabled  '><\/div>\n","protected":false},"excerpt":{"rendered":"","protected":false},"author":1,"featured_media":58692,"comment_status":"closed","ping_status":"closed","sticky":false,"template":"","format":"standard","meta":{"footnotes":""},"categories":[57],"tags":[],"class_list":["post-58691","post","type-post","status-publish","format-standard","has-post-thumbnail","hentry","category-vivienda"],"jetpack_featured_media_url":"https:\/\/radiorevelacionfm.cl\/wp-content\/uploads\/2025\/09\/obras-construccion-101-viviendas-balmaceda-1-1_optimized-1.jpeg","_links":{"self":[{"href":"https:\/\/radiorevelacionfm.cl\/index.php?rest_route=\/wp\/v2\/posts\/58691","targetHints":{"allow":["GET"]}}],"collection":[{"href":"https:\/\/radiorevelacionfm.cl\/index.php?rest_route=\/wp\/v2\/posts"}],"about":[{"href":"https:\/\/radiorevelacionfm.cl\/index.php?rest_route=\/wp\/v2\/types\/post"}],"author":[{"embeddable":true,"href":"https:\/\/radiorevelacionfm.cl\/index.php?rest_route=\/wp\/v2\/users\/1"}],"replies":[{"embeddable":true,"href":"https:\/\/radiorevelacionfm.cl\/index.php?rest_route=%2Fwp%2Fv2%2Fcomments&post=58691"}],"version-history":[{"count":2,"href":"https:\/\/radiorevelacionfm.cl\/index.php?rest_route=\/wp\/v2\/posts\/58691\/revisions"}],"predecessor-version":[{"id":58700,"href":"https:\/\/radiorevelacionfm.cl\/index.php?rest_route=\/wp\/v2\/posts\/58691\/revisions\/58700"}],"wp:featuredmedia":[{"embeddable":true,"href":"https:\/\/radiorevelacionfm.cl\/index.php?rest_route=\/wp\/v2\/media\/58692"}],"wp:attachment":[{"href":"https:\/\/radiorevelacionfm.cl\/index.php?rest_route=%2Fwp%2Fv2%2Fmedia&parent=58691"}],"wp:term":[{"taxonomy":"category","embeddable":true,"href":"https:\/\/radiorevelacionfm.cl\/index.php?rest_route=%2Fwp%2Fv2%2Fcategories&post=58691"},{"taxonomy":"post_tag","embeddable":true,"href":"https:\/\/radiorevelacionfm.cl\/index.php?rest_route=%2Fwp%2Fv2%2Ftags&post=58691"}],"curies":[{"name":"wp","href":"https:\/\/api.w.org\/{rel}","templated":true}]}}