{"id":58686,"date":"2025-09-03T13:17:54","date_gmt":"2025-09-03T16:17:54","guid":{"rendered":"https:\/\/radiorevelacionfm.cl\/?p=58686"},"modified":"2025-09-03T13:17:54","modified_gmt":"2025-09-03T16:17:54","slug":"decretan-arraigo-de-exalcalde-y-exconcejales-imputados-por-malversacion-de-caudales-publicos","status":"publish","type":"post","link":"https:\/\/radiorevelacionfm.cl\/?p=58686","title":{"rendered":"Decretan arraigo de exalcalde y exconcejales imputados por malversaci\u00f3n de caudales p\u00fablicos"},"content":{"rendered":"<div class=\"flex_column av_one_full  flex_column_div av-zero-column-padding first  avia-builder-el-0  el_before_av_one_full  avia-builder-el-first  \" style='border-radius:0px; '><div  class='avia-image-container  av-styling-    avia-builder-el-1  avia-builder-el-no-sibling  avia-align-center '  itemprop=\"image\" itemscope=\"itemscope\" itemtype=\"https:\/\/schema.org\/ImageObject\"  ><div class='avia-image-container-inner'><div class='avia-image-overlay-wrap'><img decoding=\"async\" class='wp-image-58687 avia-img-lazy-loading-not-58687 avia_image' src=\"https:\/\/radiorevelacionfm.cl\/wp-content\/uploads\/2025\/09\/Foto-audiencia-garantia-1-1-1.jpg\" alt='' title='Foto audiencia garantia 1 (1) (1)' height=\"600\" width=\"894\"  itemprop=\"thumbnailUrl\" srcset=\"https:\/\/radiorevelacionfm.cl\/wp-content\/uploads\/2025\/09\/Foto-audiencia-garantia-1-1-1.jpg 894w, https:\/\/radiorevelacionfm.cl\/wp-content\/uploads\/2025\/09\/Foto-audiencia-garantia-1-1-1-300x201.jpg 300w, https:\/\/radiorevelacionfm.cl\/wp-content\/uploads\/2025\/09\/Foto-audiencia-garantia-1-1-1-768x515.jpg 768w, https:\/\/radiorevelacionfm.cl\/wp-content\/uploads\/2025\/09\/Foto-audiencia-garantia-1-1-1-705x473.jpg 705w, https:\/\/radiorevelacionfm.cl\/wp-content\/uploads\/2025\/09\/Foto-audiencia-garantia-1-1-1-450x302.jpg 450w, https:\/\/radiorevelacionfm.cl\/wp-content\/uploads\/2025\/09\/Foto-audiencia-garantia-1-1-1-600x403.jpg 600w\" sizes=\"(max-width: 894px) 100vw, 894px\" \/><\/div><\/div><\/div><\/div><div class=\"flex_column av_one_full  flex_column_div av-zero-column-padding first  avia-builder-el-2  el_after_av_one_full  el_before_av_one_full  column-top-margin\" style='border-radius:0px; '><section class=\"av_textblock_section \"  itemscope=\"itemscope\" itemtype=\"https:\/\/schema.org\/BlogPosting\" itemprop=\"blogPost\" ><div class='avia_textblock  '   itemprop=\"text\" ><p style=\"text-align: center;\"><strong><span style=\"font-size: 18pt;\">Decretan arraigo de exalcalde y exconcejales imputados por malversaci\u00f3n de caudales p\u00fablicos <\/span><\/strong><\/p>\n<div id=\"gtx-trans\" style=\"position: absolute; left: -50px; top: 4.31534px;\">\n<div class=\"gtx-trans-icon\"><\/div>\n<\/div>\n<\/div><\/section><\/div><div class=\"flex_column av_one_full  flex_column_div av-zero-column-padding first  avia-builder-el-4  el_after_av_one_full  el_before_av_hr  column-top-margin\" style='border-radius:0px; '><section class=\"av_textblock_section \"  itemscope=\"itemscope\" itemtype=\"https:\/\/schema.org\/BlogPosting\" itemprop=\"blogPost\" ><div class='avia_textblock  '   itemprop=\"text\" ><p style=\"font-weight: 400; text-align: justify;\">El Juzgado de Garant\u00eda de Coyhaique dej\u00f3 hoy \u2013mi\u00e9rcoles 3 de septiembre\u2013 sujetos a la medida cautelar de arraigo nacional al exalcalde de la comuna, R.A.H.C.; los exconcejales D.X.C.H., R.P.A.O. y G.C.V.; el actual concejal R.C.B.; y el exasesor jur\u00eddico municipal W.A.S.Q., imputados por el Ministerio P\u00fablico como autores del delito de malversaci\u00f3n de caudales p\u00fablicos.<\/p>\n<p style=\"font-weight: 400; text-align: justify;\">En la audiencia de formalizaci\u00f3n (causa rol 2112-2021), la magistrada Luisa Cornejo acogi\u00f3 la solicitud respecto a la medida cautelar de arraigo nacional, presentada por el Ministerio P\u00fablico, el Consejo de Defensa del Estado y la Municipalidad de Coyhaique, que act\u00faa como querellante, fijando adem\u00e1s un plazo de 120 d\u00edas para la investigaci\u00f3n.<\/p>\n<p style=\"font-weight: 400; text-align: justify;\">Seg\u00fan el ente persecutor, durante la administraci\u00f3n municipal encabezada por el exalcalde R.A.H.C., entre los a\u00f1os 2018 y 2023, junto al concejo comunal, se habr\u00edan aprobado y materializado pagos de bonos a asistentes de la educaci\u00f3n sin sustento legal. Esto pese a que la Contralor\u00eda General de la Rep\u00fablica hab\u00eda determinado que la \u201cbonificaci\u00f3n compensatoria\u201d prevista en la Ley 20.717 no correspond\u00eda a los asistentes de la educaci\u00f3n afectos al C\u00f3digo del Trabajo.<\/p>\n<p style=\"font-weight: 400; text-align: justify;\">No obstante, autoridades y funcionarios municipales promovieron demandas laborales y avenimientos para reconocer dicho pago como una \u201ccl\u00e1usula t\u00e1cita\u201d, ordenar la devoluci\u00f3n de montos supuestamente adeudados y continuar desembolsando el beneficio trimestralmente. Ello se concret\u00f3 mediante acuerdos del Concejo Municipal, decretos de alcald\u00eda y pagos con cargo a recursos p\u00fablicos, incluso despu\u00e9s de oficios de la Contralor\u00eda Regional (2020) que reiteraron la improcedencia. El monto total comprometido asciende a $395.772.304.<\/p>\n<\/div><\/section><\/div><div  style='height:50px' class='hr hr-invisible   avia-builder-el-6  el_after_av_one_full  el_before_av_social_share '><span class='hr-inner ' ><span class='hr-inner-style'><\/span><\/span><\/div><\/p>\n<div  class='av-social-sharing-box  avia-builder-el-7  el_after_av_hr  el_before_av_hr  '><div class='av-share-box'><h5 class='av-share-link-description av-no-toc '>Compartir esta noticia<\/h5><ul class='av-share-box-list noLightbox'><li class='av-share-link av-social-link-facebook' ><a target=\"_blank\" aria-label=\"Compartir en Facebook\" href='https:\/\/www.facebook.com\/sharer.php?u=https:\/\/radiorevelacionfm.cl\/?p=58686&#038;t=Decretan%20arraigo%20de%20exalcalde%20y%20exconcejales%20imputados%20por%20malversaci%C3%B3n%20de%20caudales%20p%C3%BAblicos' aria-hidden='false' data-av_icon='\ue8f3' data-av_iconfont='entypo-fontello' title='' data-avia-related-tooltip='Compartir en Facebook' rel=\"noopener\"><span class='avia_hidden_link_text'>Compartir en Facebook<\/span><\/a><\/li><li class='av-share-link av-social-link-twitter' ><a target=\"_blank\" aria-label=\"Compartir en Twitter\" href='https:\/\/twitter.com\/share?text=Decretan%20arraigo%20de%20exalcalde%20y%20exconcejales%20imputados%20por%20malversaci%C3%B3n%20de%20caudales%20p%C3%BAblicos&#038;url=https:\/\/radiorevelacionfm.cl\/?p=58686' aria-hidden='false' data-av_icon='\ue8f1' data-av_iconfont='entypo-fontello' title='' data-avia-related-tooltip='Compartir en Twitter' rel=\"noopener\"><span class='avia_hidden_link_text'>Compartir en Twitter<\/span><\/a><\/li><li class='av-share-link av-social-link-whatsapp' ><a target=\"_blank\" aria-label=\"Compartir en Whatsapp\" href='https:\/\/api.whatsapp.com\/send?text=https:\/\/radiorevelacionfm.cl\/?p=58686' aria-hidden='false' data-av_icon='\uf232' data-av_iconfont='entypo-fontello' title='' data-avia-related-tooltip='Compartir en Whatsapp' rel=\"noopener\"><span class='avia_hidden_link_text'>Compartir en Whatsapp<\/span><\/a><\/li><li class='av-share-link av-social-link-linkedin' ><a target=\"_blank\" aria-label=\"Compartir en LinkedIn\" href='https:\/\/linkedin.com\/shareArticle?mini=true&#038;title=Decretan%20arraigo%20de%20exalcalde%20y%20exconcejales%20imputados%20por%20malversaci%C3%B3n%20de%20caudales%20p%C3%BAblicos&#038;url=https:\/\/radiorevelacionfm.cl\/?p=58686' aria-hidden='false' data-av_icon='\ue8fc' data-av_iconfont='entypo-fontello' title='' data-avia-related-tooltip='Compartir en LinkedIn' rel=\"noopener\"><span class='avia_hidden_link_text'>Compartir en LinkedIn<\/span><\/a><\/li><li class='av-share-link av-social-link-mail' ><a  aria-label=\"Compartir por correo\" href='mailto:?subject=Decretan%20arraigo%20de%20exalcalde%20y%20exconcejales%20imputados%20por%20malversaci%C3%B3n%20de%20caudales%20p%C3%BAblicos&#038;body=https:\/\/radiorevelacionfm.cl\/?p=58686' aria-hidden='false' data-av_icon='\ue805' data-av_iconfont='entypo-fontello' title='' data-avia-related-tooltip='Compartir por correo'><span class='avia_hidden_link_text'>Compartir por correo<\/span><\/a><\/li><\/ul><\/div><\/div>\n<div  style='height:50px' class='hr hr-invisible   avia-builder-el-8  el_after_av_social_share  el_before_av_comments_list '><span class='hr-inner ' ><span class='hr-inner-style'><\/span><\/span><\/div>\n<div  class='av-buildercomment  av-blog-meta-html-info-disabled av-blog-meta-tag-disabled  '><\/div>\n","protected":false},"excerpt":{"rendered":"","protected":false},"author":1,"featured_media":58687,"comment_status":"closed","ping_status":"closed","sticky":false,"template":"","format":"standard","meta":{"footnotes":""},"categories":[55],"tags":[],"class_list":["post-58686","post","type-post","status-publish","format-standard","has-post-thumbnail","hentry","category-justicia"],"jetpack_featured_media_url":"https:\/\/radiorevelacionfm.cl\/wp-content\/uploads\/2025\/09\/Foto-audiencia-garantia-1-1-1.jpg","_links":{"self":[{"href":"https:\/\/radiorevelacionfm.cl\/index.php?rest_route=\/wp\/v2\/posts\/58686","targetHints":{"allow":["GET"]}}],"collection":[{"href":"https:\/\/radiorevelacionfm.cl\/index.php?rest_route=\/wp\/v2\/posts"}],"about":[{"href":"https:\/\/radiorevelacionfm.cl\/index.php?rest_route=\/wp\/v2\/types\/post"}],"author":[{"embeddable":true,"href":"https:\/\/radiorevelacionfm.cl\/index.php?rest_route=\/wp\/v2\/users\/1"}],"replies":[{"embeddable":true,"href":"https:\/\/radiorevelacionfm.cl\/index.php?rest_route=%2Fwp%2Fv2%2Fcomments&post=58686"}],"version-history":[{"count":2,"href":"https:\/\/radiorevelacionfm.cl\/index.php?rest_route=\/wp\/v2\/posts\/58686\/revisions"}],"predecessor-version":[{"id":58689,"href":"https:\/\/radiorevelacionfm.cl\/index.php?rest_route=\/wp\/v2\/posts\/58686\/revisions\/58689"}],"wp:featuredmedia":[{"embeddable":true,"href":"https:\/\/radiorevelacionfm.cl\/index.php?rest_route=\/wp\/v2\/media\/58687"}],"wp:attachment":[{"href":"https:\/\/radiorevelacionfm.cl\/index.php?rest_route=%2Fwp%2Fv2%2Fmedia&parent=58686"}],"wp:term":[{"taxonomy":"category","embeddable":true,"href":"https:\/\/radiorevelacionfm.cl\/index.php?rest_route=%2Fwp%2Fv2%2Fcategories&post=58686"},{"taxonomy":"post_tag","embeddable":true,"href":"https:\/\/radiorevelacionfm.cl\/index.php?rest_route=%2Fwp%2Fv2%2Ftags&post=58686"}],"curies":[{"name":"wp","href":"https:\/\/api.w.org\/{rel}","templated":true}]}}